{"id":359315,"date":"2025-09-01T22:19:14","date_gmt":"2025-09-01T22:19:14","guid":{"rendered":"https:\/\/www.europesays.com\/fr\/359315\/"},"modified":"2025-09-01T22:19:14","modified_gmt":"2025-09-01T22:19:14","slug":"ukraine-apres-lassassinat-par-balle-de-lex-president-du-parlement-zelensky-annonce-larrestation-dun-suspect","status":"publish","type":"post","link":"https:\/\/www.europesays.com\/fr\/359315\/","title":{"rendered":"Ukraine\u00a0: apr\u00e8s l\u2019assassinat par balle de l\u2019ex-pr\u00e9sident du Parlement, Zelensky annonce l\u2019arrestation d\u2019un suspect"},"content":{"rendered":"<p>Deux jours apr\u00e8s l\u2019assassinat par balle d\u2019Andri\u00ef Paroubiy, ex-pr\u00e9sident du Parlement, <a href=\"https:\/\/www.humanite.fr\/monde\/place-maidan\/en-ukraine-volodymyr-zelensky-liquide-lindependance-des-agences-anticorruption-au-nom-de-la-lutte-contre-lingerence-russe\" rel=\"nofollow noopener\" target=\"_blank\">le pr\u00e9sident ukrainien Volodymyr Zelensky<\/a> a annonc\u00e9, lundi 1er\u00a0septembre, une arrestation, sur le r\u00e9seau social X. Le suspect a \u00e9t\u00e9 interpell\u00e9 dans la r\u00e9gion de Khmelnytsky, entre Lviv et Kiev, \u00e0 l\u2019issue d\u2019une op\u00e9ration qui a mobilis\u00e9 \u00ab\u00a0des dizaines\u00a0\u00bb de policiers et de membres des forces de s\u00e9curit\u00e9, a pr\u00e9cis\u00e9 le ministre de l\u2019Int\u00e9rieur, Igor Klymenko. \u00ab\u00a0Je dirai simplement que le crime a \u00e9t\u00e9 soigneusement pr\u00e9par\u00e9\u00a0: le programme des d\u00e9placements du d\u00e9funt a \u00e9t\u00e9 \u00e9tudi\u00e9, l\u2019itin\u00e9raire a \u00e9t\u00e9 trac\u00e9 et un plan d\u2019\u00e9vasion a \u00e9t\u00e9 \u00e9labor\u00e9\u00a0\u00bb, a poursuivi le ministre sur <a href=\"https:\/\/www.humanite.fr\/social-et-economie\/elon-musk\/pavel-durov-patron-de-telegram-de-matrix-aux-geoles-francaises\" rel=\"nofollow noopener\" target=\"_blank\">le r\u00e9seau Telegram<\/a>.<\/p>\n<p>De son c\u00f4t\u00e9, apr\u00e8s s\u2019\u00eatre entretenu avec le procureur g\u00e9n\u00e9ral Rouslan Kravtchenko, Volodymyr Zelensky a d\u00e9clar\u00e9, dans un second message publi\u00e9 sur <a href=\"https:\/\/x.com\/ZelenskyyUa\/status\/1962275104626241730\" data-type=\"link\" data-id=\"https:\/\/x.com\/ZelenskyyUa\/status\/1962275104626241730\" rel=\"nofollow\">le r\u00e9seau social X<\/a>\u00a0: \u00ab\u00a0Le suspect a fait un premier t\u00e9moignage.\u00a0\u00bb Aucun d\u00e9tail sur le suspect ni sur le mobile du meurtre n\u2019a \u00e9t\u00e9 divulgu\u00e9. \u00ab\u00a0Les investigations n\u00e9cessaires sont en cours. J\u2019ai donn\u00e9 instruction que les informations disponibles soient rendues publiques\u00a0\u00bb, a ajout\u00e9 Zelensky. Par ailleurs, le groupe audiovisuel public Suspiln\u00e9 avait affirm\u00e9, samedi 30\u00a0ao\u00fbt \u2013 jour de la mort Andri\u00ef Paroubiy \u2013 que le tireur \u00e9tait habill\u00e9 en livreur et conduisait un v\u00e9lo \u00e9lectrique, en citant des sources anonymes.<\/p>\n<p>Une figure majeure de la r\u00e9volution du Ma\u00efdan<\/p>\n<p>L\u2019homme politique de 54\u00a0ans a \u00e9t\u00e9 tu\u00e9 par balle samedi \u00e0 Lviv, dans l\u2019ouest du pays. Un assassinat que le chef du renseignement militaire ukrainien, Kyrylo Boudanov, a imput\u00e9 \u00e0 demi-mot \u00e0 la <a href=\"https:\/\/www.humanite.fr\/monde\/armee-russe\/ukraine-ce-quil-faut-retenir-au-bout-de-700-jours-de-guerre\" rel=\"nofollow noopener\" target=\"_blank\">Russie avec qui le pays est en guerre depuis f\u00e9vrier 2022<\/a>, selon l\u2019Agence France-Presse. Andri\u00ef Paroubiy, pr\u00e9sident du Parlement ukrainien, la Rada, de 2016 \u00e0 2019, \u00e9tait plac\u00e9 sur la liste des personnes recherch\u00e9es par les autorit\u00e9s russes qui comprend des dizaines de milliers de noms.<\/p>\n<p>Il est une figure majeure de la r\u00e9volution du Ma\u00efdan, ou \u00ab\u00a0<a href=\"https:\/\/www.humanite.fr\/monde\/guerre-en-ukraine\/ukraine-dix-ans-apres-le-souvenir-de-maidan-present-malgre-la-guerre\" data-type=\"link\" data-id=\"https:\/\/www.humanite.fr\/monde\/guerre-en-ukraine\/ukraine-dix-ans-apres-le-souvenir-de-maidan-present-malgre-la-guerre\" rel=\"nofollow noopener\" target=\"_blank\">r\u00e9volution de la dignit\u00e9<\/a>\u00a0\u00bb en 2014, un soul\u00e8vement d\u00e9clench\u00e9 notamment pour protester <a href=\"https:\/\/www.humanite.fr\/monde\/ukraine\/ukraine-les-aspirations-decues-de-la-place-maidan\" rel=\"nofollow noopener\" target=\"_blank\">contre l\u2019accaparement des richesses<\/a>. Lors des manifestations qui avaient alors \u00e9t\u00e9 r\u00e9prim\u00e9es dans le sang, Andri\u00ef Paroubiy avait ainsi \u00e9t\u00e9 \u00ab\u00a0commandant\u00a0\u00bb des groupes d\u2019autod\u00e9fense. Ce mouvement avait forc\u00e9 le pr\u00e9sident <a href=\"https:\/\/www.humanite.fr\/monde\/-\/on-soutiendra-ianoukovitch-jusquau-bout\" target=\"_blank\" rel=\"noreferrer noopener nofollow\">Viktor Ianoukovitch<\/a> \u00e0 quitter le pouvoir pour fuir vers la Russie en 2014. La m\u00eame ann\u00e9e, cette personnalit\u00e9 politique avait surv\u00e9cu \u00e0 une tentative d\u2019assassinat perp\u00e9tr\u00e9e \u00e0 l\u2019aide d\u2019une grenade de combat, selon les m\u00e9dias ukrainiens. Dix ans plus t\u00f4t, il avait \u00e9galement pris part \u00e0 la \u00ab\u00a0r\u00e9volution orange\u00a0\u00bb de 2004.<\/p>\n<p>L\u2019annonce de la mort de cette figure politique a suscit\u00e9 une pluie d\u2019hommages de responsables ukrainiens. <a href=\"https:\/\/www.humanite.fr\/monde\/etats-unis\/en-ukraine-zelensky-organise-un-remaniement-sur-mesure\" data-type=\"link\" data-id=\"https:\/\/www.humanite.fr\/monde\/etats-unis\/en-ukraine-zelensky-organise-un-remaniement-sur-mesure\" rel=\"nofollow noopener\" target=\"_blank\">La Premi\u00e8re ministre Ioulia Svyrydenko<\/a> a rendu hommage \u00e0 \u00ab\u00a0un patriote\u00a0\u00bb qui a \u00ab\u00a0apport\u00e9 une grande contribution \u00e0 la formation de notre \u00c9tat\u00a0\u00bb. Une autre figure du Ma\u00efdan, Moustafa Na\u00efem, a salu\u00e9 aupr\u00e8s de l\u2019AFP \u00ab\u00a0l\u2019humanisme\u00a0\u00bb d\u2019un responsable qui s\u2019est battu pour \u00ab\u00a0des questions importantes\u00a0\u00bb. L\u2019ancien pr\u00e9sident Petro Porochenko a lui affirm\u00e9 que le d\u00e9c\u00e8s d\u2019Andri\u00ef Paroubiy \u00e9tait un \u00ab\u00a0tir en plein c\u0153ur de l\u2019Ukraine\u00a0\u00bb, d\u00e9non\u00e7ant \u00ab\u00a0un acte de terreur\u00a0\u00bb.<\/p>\n<p><strong>Oui, on s\u2019en doute\u00a0: vous en avez assez<\/strong><\/p>\n<p>Voir ces messages d\u2019appel au don, \u00e7a peut \u00eatre p\u00e9nible. Nous le savons. Et on doit bien vous avouer que nous pr\u00e9f\u00e9rerions ne pas avoir \u00e0 les \u00e9crire\u2026<\/p>\n<p>Mais voil\u00e0\u00a0: c\u2019est crucial pour l\u2019Humanit\u00e9. Si ce titre existe toujours aujourd\u2019hui, c\u2019est gr\u00e2ce au financement r\u00e9gulier de nos lectrices et lecteurs.<\/p>\n<ul class=\"wp-block-list\">\n<li>C\u2019est gr\u00e2ce \u00e0 votre soutien que nous pouvons exercer notre m\u00e9tier avec passion. Nous ne d\u00e9pendons ni des int\u00e9r\u00eats d\u2019un propri\u00e9taire milliardaire, ni de pressions politiques : <strong>personne ne nous dicte ce que nous devons dire ou taire<\/strong>.<\/li>\n<\/ul>\n<ul class=\"wp-block-list\">\n<li>Votre engagement nous lib\u00e8re aussi de la course aux clics et \u00e0 l\u2019audience. <strong>Plut\u00f4t que de chercher \u00e0 capter l\u2019attention \u00e0 tout prix, nous choisissons de traiter les sujets que notre r\u00e9daction juge essentiels<\/strong>\u00a0: parce qu\u2019ils m\u00e9ritent d\u2019\u00eatre lus, compris, partag\u00e9s. Parce que nous estimons qu\u2019ils vous seront utiles<\/li>\n<\/ul>\n<p>\u00c0 l\u2019heure actuelle, <strong>moins d\u2019un quart des lectrices et lecteurs<\/strong> qui viennent plus de 3\u00a0fois sur le site par semaine nous aident \u00e0 financer notre travail, par leur abonnement ou par leurs dons. Si vous voulez prot\u00e9ger le journalisme ind\u00e9pendant, <strong>s\u2019il vous pla\u00eet, rejoignez-les<\/strong>.<\/p>\n","protected":false},"excerpt":{"rendered":"Deux jours apr\u00e8s l\u2019assassinat par balle d\u2019Andri\u00ef Paroubiy, ex-pr\u00e9sident du Parlement, le pr\u00e9sident ukrainien Volodymyr Zelensky a annonc\u00e9,&hellip;\n","protected":false},"author":2,"featured_media":359316,"comment_status":"","ping_status":"","sticky":false,"template":"","format":"standard","meta":{"footnotes":""},"categories":[1590],"tags":[11,1777,674,12,220,134],"class_list":{"0":"post-359315","1":"post","2":"type-post","3":"status-publish","4":"format-standard","5":"has-post-thumbnail","7":"category-ukraine","8":"tag-actualites","9":"tag-eu","10":"tag-europe","11":"tag-news","12":"tag-ukraine","13":"tag-volodymyr-zelensky"},"share_on_mastodon":{"url":"https:\/\/pubeurope.com\/@fr\/115131368327755932","error":""},"_links":{"self":[{"href":"https:\/\/www.europesays.com\/fr\/wp-json\/wp\/v2\/posts\/359315","targetHints":{"allow":["GET"]}}],"collection":[{"href":"https:\/\/www.europesays.com\/fr\/wp-json\/wp\/v2\/posts"}],"about":[{"href":"https:\/\/www.europesays.com\/fr\/wp-json\/wp\/v2\/types\/post"}],"author":[{"embeddable":true,"href":"https:\/\/www.europesays.com\/fr\/wp-json\/wp\/v2\/users\/2"}],"replies":[{"embeddable":true,"href":"https:\/\/www.europesays.com\/fr\/wp-json\/wp\/v2\/comments?post=359315"}],"version-history":[{"count":0,"href":"https:\/\/www.europesays.com\/fr\/wp-json\/wp\/v2\/posts\/359315\/revisions"}],"wp:featuredmedia":[{"embeddable":true,"href":"https:\/\/www.europesays.com\/fr\/wp-json\/wp\/v2\/media\/359316"}],"wp:attachment":[{"href":"https:\/\/www.europesays.com\/fr\/wp-json\/wp\/v2\/media?parent=359315"}],"wp:term":[{"taxonomy":"category","embeddable":true,"href":"https:\/\/www.europesays.com\/fr\/wp-json\/wp\/v2\/categories?post=359315"},{"taxonomy":"post_tag","embeddable":true,"href":"https:\/\/www.europesays.com\/fr\/wp-json\/wp\/v2\/tags?post=359315"}],"curies":[{"name":"wp","href":"https:\/\/api.w.org\/{rel}","templated":true}]}}