{"id":359317,"date":"2025-09-01T22:20:10","date_gmt":"2025-09-01T22:20:10","guid":{"rendered":"https:\/\/www.europesays.com\/fr\/359317\/"},"modified":"2025-09-01T22:20:10","modified_gmt":"2025-09-01T22:20:10","slug":"conflit-sur-la-bande-c-superieure-aux-etats-unis","status":"publish","type":"post","link":"https:\/\/www.europesays.com\/fr\/359317\/","title":{"rendered":"Conflit sur la bande C sup\u00e9rieure aux \u00c9tats-Unis"},"content":{"rendered":"<p>Un d\u00e9saccord s&rsquo;intensifie autour de l&rsquo;attribution de l&rsquo;Upper C-Band, la bande C sup\u00e9rieure (3,98\u2013 4,2 GHz), pour le d\u00e9ploiement de la 5G. Les industries des t\u00e9l\u00e9communications sans fil et de l&rsquo;a\u00e9ronautiques soutiennent cette r\u00e9allocation, tandis que les radiodiffuseurs (NAB) s&rsquo;inqui\u00e8tent des interf\u00e9rences et de la fiabilit\u00e9 des transmissions satellitaires. La FCC (Federal Communications Commission) devra [\u2026]<\/p>\n","protected":false},"excerpt":{"rendered":"Un d\u00e9saccord s&rsquo;intensifie autour de l&rsquo;attribution de l&rsquo;Upper C-Band, la bande C sup\u00e9rieure (3,98\u2013 4,2 GHz), pour le&hellip;\n","protected":false},"author":2,"featured_media":359318,"comment_status":"","ping_status":"","sticky":false,"template":"","format":"standard","meta":{"footnotes":""},"categories":[1589],"tags":[11,73,1866,12,1864,1865,1863,308],"class_list":{"0":"post-359317","1":"post","2":"type-post","3":"status-publish","4":"format-standard","5":"has-post-thumbnail","7":"category-etats-unis","8":"tag-actualites","9":"tag-etats-unis","10":"tag-etats-unis-damerique","11":"tag-news","12":"tag-united-states","13":"tag-united-states-of-america","14":"tag-us","15":"tag-usa"},"share_on_mastodon":{"url":"https:\/\/pubeurope.com\/@fr\/115131372234565804","error":""},"_links":{"self":[{"href":"https:\/\/www.europesays.com\/fr\/wp-json\/wp\/v2\/posts\/359317","targetHints":{"allow":["GET"]}}],"collection":[{"href":"https:\/\/www.europesays.com\/fr\/wp-json\/wp\/v2\/posts"}],"about":[{"href":"https:\/\/www.europesays.com\/fr\/wp-json\/wp\/v2\/types\/post"}],"author":[{"embeddable":true,"href":"https:\/\/www.europesays.com\/fr\/wp-json\/wp\/v2\/users\/2"}],"replies":[{"embeddable":true,"href":"https:\/\/www.europesays.com\/fr\/wp-json\/wp\/v2\/comments?post=359317"}],"version-history":[{"count":0,"href":"https:\/\/www.europesays.com\/fr\/wp-json\/wp\/v2\/posts\/359317\/revisions"}],"wp:featuredmedia":[{"embeddable":true,"href":"https:\/\/www.europesays.com\/fr\/wp-json\/wp\/v2\/media\/359318"}],"wp:attachment":[{"href":"https:\/\/www.europesays.com\/fr\/wp-json\/wp\/v2\/media?parent=359317"}],"wp:term":[{"taxonomy":"category","embeddable":true,"href":"https:\/\/www.europesays.com\/fr\/wp-json\/wp\/v2\/categories?post=359317"},{"taxonomy":"post_tag","embeddable":true,"href":"https:\/\/www.europesays.com\/fr\/wp-json\/wp\/v2\/tags?post=359317"}],"curies":[{"name":"wp","href":"https:\/\/api.w.org\/{rel}","templated":true}]}}