{"id":359321,"date":"2025-09-01T22:22:10","date_gmt":"2025-09-01T22:22:10","guid":{"rendered":"https:\/\/www.europesays.com\/fr\/359321\/"},"modified":"2025-09-01T22:22:10","modified_gmt":"2025-09-01T22:22:10","slug":"enquete-ouverte-apres-le-lynchage-dune-militante-irlandaise-par-un-policier-lors-dune-manifestation","status":"publish","type":"post","link":"https:\/\/www.europesays.com\/fr\/359321\/","title":{"rendered":"enqu\u00eate ouverte apr\u00e8s le lynchage d\u2019une militante irlandaise par un policier lors d\u2019une manifestation"},"content":{"rendered":"<p>Jeudi dernier, Kitty O\u2019Brien a \u00e9t\u00e9 frapp\u00e9e violemment par un policier allemand \u00e0 Berlin. Film\u00e9e, la sc\u00e8ne a choqu\u00e9 les internautes. L\u2019Irlande a demand\u00e9 des comptes \u00e0 l\u2019Allemagne.<\/p>\n<p>La s\u00e9quence a fait le tour des r\u00e9seaux sociaux et a choqu\u00e9. <a href=\"https:\/\/www.parismatch.com\/vivre\/voyage\/laissez-vous-tenter-berlin-en-train-256344\" target=\"_blank\" rel=\"nofollow noopener\">\u00c0 Berlin<\/a>, la police a ouvert une enqu\u00eate interne apr\u00e8s la diffusion de vid\u00e9os montrant une militante irlandaise se faire violemment frapper au visage \u00e0 deux reprises par un officier de police lors d\u2019une <a href=\"https:\/\/www.parismatch.com\/actu\/international\/a-venise-plusieurs-milliers-de-personnes-rassemblees-pour-gaza-en-marge-de-la-mostra-256355\" target=\"_blank\" rel=\"nofollow noopener\">manifestation pro-palestinienne<\/a> jeudi dernier, rapportent de nombreux m\u00e9dias dont <a href=\"https:\/\/www.theguardian.com\/world\/2025\/sep\/01\/berlin-police-investigate-after-irish-activist-struck-by-officer-at-protest\" target=\"_blank\" rel=\"nofollow noopener\">The Guardian<\/a>. Sur les images, on voit\u00a0Kitty O\u2019Brien \u00eatre frapp\u00e9e puis emmen\u00e9e loin du rassemblement avec le visage ensanglant\u00e9.<\/p>\n<p>Le bras de la militante cass\u00e9<\/p>\n<p class=\"dcr-130mj7b\">Selon \u00ab\u00a0Der Tagesspiegel\u00a0\u00bb, journal local, la militante a \u00e9galement subi une fracture du bras, sans que cela ne soit v\u00e9rifi\u00e9 officiellement et indiqu\u00e9 par les autorit\u00e9s. La police de Berlin, par la voix de son porte-parole, a confirm\u00e9 \u00eatre au courant de l\u2019incident et a d\u00e9clar\u00e9 que le policier suspect\u00e9 des violences a \u00e9t\u00e9 identifi\u00e9.<\/p>\n<p>    La suite apr\u00e8s cette publicit\u00e9<\/p>\n<p class=\"dcr-130mj7b\">\u00ab\u00a0En tant que police de Berlin, nous examinons si l\u2019agent a agi de mani\u00e8re proportionn\u00e9e, et nous le faisons dans le cadre d\u2019une enqu\u00eate criminelle sur des soup\u00e7ons de l\u00e9sions corporelles dans l\u2019exercice de ses fonctions\u00a0\u00bb, a-t-il expliqu\u00e9.<\/p>\n<p>    La suite apr\u00e8s cette publicit\u00e9<\/p>\n<p class=\"dcr-130mj7b\">Soign\u00e9e par les pompiers berlinois, la manifestante fait d\u00e9sormais l\u2019objet, en Allemagne, d\u2019une enqu\u00eate pour insulte et r\u00e9sistance aux forces de l\u2019ordre. En revanche, on ne sait pas si elle a d\u00e9pos\u00e9 une plainte contre l\u2019officier de police.<\/p>\n<p>Le minist\u00e8re irlandais des Affaires \u00e9trang\u00e8res fait part de son \u00ab\u00a0inqui\u00e9tude\u00a0\u00bb<\/p>\n<p class=\"dcr-130mj7b\">De son c\u00f4t\u00e9, le minist\u00e8re irlandais des Affaires \u00e9trang\u00e8res a d\u00e9clar\u00e9 que de hauts responsables et son ambassadrice en\u00a0Allemagne, Maeve Collins, avaient fait part de leur \u00ab\u00a0inqui\u00e9tude\u00a0\u00bb aux autorit\u00e9s allemandes. \u00ab\u00a0Ils ont d\u00fb prendre la situation au s\u00e9rieux. Il s\u2019agissait de deux agressions tr\u00e8s violentes\u2026 C\u2019est choquant. La police allemande est tout simplement horrible face au militantisme palestinien\u00a0\u00bb, a regrett\u00e9 Zo\u00eb Lawlor, pr\u00e9sidente de la Campagne de solidarit\u00e9 Irlande-Palestine, a d\u00e9clar\u00e9 que la vid\u00e9o avait oblig\u00e9 le gouvernement irlandais \u00e0 agir. Cette derni\u00e8re a expliqu\u00e9 qu\u2019une collecte de fonds a \u00e9t\u00e9 lanc\u00e9e pour aider la militante qui est, selon elle, \u00ab\u00a0toujours hospitalis\u00e9e\u00a0\u00bb.<\/p>\n<p>    La suite apr\u00e8s cette publicit\u00e9<\/p>\n<p>    La suite apr\u00e8s cette publicit\u00e9<\/p>\n<p class=\"dcr-130mj7b\">D\u2019apr\u00e8s les affirmations de Catherine Stocker, conseill\u00e8re sociale-d\u00e9mocrate irlandaise et tante de Kitty O\u2019Brien, sa ni\u00e8ce souffre bel et bien d\u2019une fracture du bras ainsi que des l\u00e9sions nerveuses. \u00ab\u00a0Ce que vous avez ici, c\u2019est un groupe de jeunes Irlandais, pour la plupart, qui d\u00e9fendent le droit international et le peuple de Gaza et de Palestine, ce qui est effectivement devenu ill\u00e9gal \u00e0 Berlin \u00e0 ce stade\u00a0\u00bb, a-t-elle regrett\u00e9.<\/p>\n<p class=\"dcr-130mj7b\">Cette derni\u00e8re\u00a0a exhort\u00e9 le gouvernement irlandais \u00e0 dire aux autorit\u00e9s allemandes que le comportement de la police \u00e9tait \u00ab\u00a0compl\u00e8tement en dehors des limites de la pratique d\u00e9mocratique\u00a0\u00bb. Pour le moment, le minist\u00e8re allemand des Affaires \u00e9trang\u00e8res a refus\u00e9 de commenter.<\/p>\n","protected":false},"excerpt":{"rendered":"Jeudi dernier, Kitty O\u2019Brien a \u00e9t\u00e9 frapp\u00e9e violemment par un policier allemand \u00e0 Berlin. Film\u00e9e, la sc\u00e8ne a&hellip;\n","protected":false},"author":2,"featured_media":359322,"comment_status":"","ping_status":"","sticky":false,"template":"","format":"standard","meta":{"footnotes":""},"categories":[1587],"tags":[11,672,1804,1805,1803,1777,674,1801,12,1802],"class_list":{"0":"post-359321","1":"post","2":"type-post","3":"status-publish","4":"format-standard","5":"has-post-thumbnail","7":"category-allemagne","8":"tag-actualites","9":"tag-allemagne","10":"tag-bundesrepublik-deutschland","11":"tag-de","12":"tag-deutschland","13":"tag-eu","14":"tag-europe","15":"tag-germany","16":"tag-news","17":"tag-republique-federale-dallemagne"},"share_on_mastodon":{"url":"https:\/\/pubeurope.com\/@fr\/115131380156628593","error":""},"_links":{"self":[{"href":"https:\/\/www.europesays.com\/fr\/wp-json\/wp\/v2\/posts\/359321","targetHints":{"allow":["GET"]}}],"collection":[{"href":"https:\/\/www.europesays.com\/fr\/wp-json\/wp\/v2\/posts"}],"about":[{"href":"https:\/\/www.europesays.com\/fr\/wp-json\/wp\/v2\/types\/post"}],"author":[{"embeddable":true,"href":"https:\/\/www.europesays.com\/fr\/wp-json\/wp\/v2\/users\/2"}],"replies":[{"embeddable":true,"href":"https:\/\/www.europesays.com\/fr\/wp-json\/wp\/v2\/comments?post=359321"}],"version-history":[{"count":0,"href":"https:\/\/www.europesays.com\/fr\/wp-json\/wp\/v2\/posts\/359321\/revisions"}],"wp:featuredmedia":[{"embeddable":true,"href":"https:\/\/www.europesays.com\/fr\/wp-json\/wp\/v2\/media\/359322"}],"wp:attachment":[{"href":"https:\/\/www.europesays.com\/fr\/wp-json\/wp\/v2\/media?parent=359321"}],"wp:term":[{"taxonomy":"category","embeddable":true,"href":"https:\/\/www.europesays.com\/fr\/wp-json\/wp\/v2\/categories?post=359321"},{"taxonomy":"post_tag","embeddable":true,"href":"https:\/\/www.europesays.com\/fr\/wp-json\/wp\/v2\/tags?post=359321"}],"curies":[{"name":"wp","href":"https:\/\/api.w.org\/{rel}","templated":true}]}}