{"id":359324,"date":"2025-09-01T22:24:10","date_gmt":"2025-09-01T22:24:10","guid":{"rendered":"https:\/\/www.europesays.com\/fr\/359324\/"},"modified":"2025-09-01T22:24:10","modified_gmt":"2025-09-01T22:24:10","slug":"le-chomage-dans-lue-et-la-zone-euro-atteint-un-nouveau-plus-bas-business-am","status":"publish","type":"post","link":"https:\/\/www.europesays.com\/fr\/359324\/","title":{"rendered":"Le ch\u00f4mage dans l\u2019UE et la zone euro atteint un nouveau plus bas &#8211; Business AM"},"content":{"rendered":"<p>Principaux renseignements<\/p>\n<ul class=\"wp-block-list\">\n<li><strong>Les taux de ch\u00f4mage de la zone euro et de l\u2019UE ont tous deux baiss\u00e9 en juillet 2025, atteignant de nouveaux records.<\/strong><\/li>\n<li><strong>Le ch\u00f4mage des jeunes a diminu\u00e9 dans l\u2019UE et dans la zone euro en juillet 2025, ce qui indique des tendances positives pour les jeunes demandeurs d\u2019emploi.<\/strong><\/li>\n<li><strong>Les taux de ch\u00f4mage des hommes et des femmes se sont am\u00e9lior\u00e9s en juillet 2025.<\/strong><\/li>\n<\/ul>\n<p>Les taux de ch\u00f4mage de la <a href=\"https:\/\/fr.businessam.be\/la-zone-euro-sous-pression-en-raison-de-linflation-et-de-lincertitude-politique-en-france\/\" target=\"_blank\" rel=\"noreferrer noopener\">zone euro<\/a> et de l\u2019Union europ\u00e9enne ont poursuivi leur tendance \u00e0 la baisse en juillet 2025. Le taux de ch\u00f4mage de la zone euro, corrig\u00e9 des variations saisonni\u00e8res, s\u2019est \u00e9tabli \u00e0 6,2 pour cent, en baisse par rapport au taux de 6,3 pour cent enregistr\u00e9 en juin 2025 et au taux de 6,4 pour cent de juillet 2024. De m\u00eame, le taux de ch\u00f4mage de l\u2019UE est pass\u00e9 de 6,0 pour cent en juin 2025 et juillet 2024 \u00e0 5,9 pour cent.<\/p>\n<p>Selon <a href=\"https:\/\/ec.europa.eu\/eurostat\/web\/products-euro-indicators\/w\/3-01092025-ap\" target=\"_blank\" rel=\"noreferrer noopener\">Eurostat<\/a>, environ 13,025 millions de personnes \u00e9taient au ch\u00f4mage dans l\u2019UE en juillet 2025, dont 10,805 millions r\u00e9sidant dans la zone euro. Ces chiffres repr\u00e9sentent une diminution de 165 000 ch\u00f4meurs dans l\u2019UE et de 170 000 dans la zone euro par rapport \u00e0 juin 2025. Les comparaisons en glissement annuel montrent une baisse de 105 000 ch\u00f4meurs dans l\u2019UE et de 161 000 dans la zone euro depuis juillet 2024.<\/p>\n<p>Tendances positives pour les jeunes<\/p>\n<p>Le ch\u00f4mage des jeunes a \u00e9galement connu une \u00e9volution positive en juillet 2025. Au total, 2,801 millions de jeunes (moins de 25 ans) \u00e9taient au ch\u00f4mage dans l\u2019UE, dont 2,227 millions r\u00e9sidant dans la zone euro.  Le taux de ch\u00f4mage des jeunes est pass\u00e9 \u00e0 14,4 pour cent dans l\u2019UE et \u00e0 13,9 pour cent dans la zone euro, en baisse par rapport aux chiffres du mois pr\u00e9c\u00e9dent (respectivement 14,8 pour cent et 14,3 pour cent).<\/p>\n<p>Par rapport \u00e0 juin 2025, le ch\u00f4mage des jeunes a diminu\u00e9 de 81 000 personnes dans l\u2019UE et de 64 000 dans la zone euro. Les comparaisons d\u2019une ann\u00e9e sur l\u2019autre r\u00e9v\u00e8lent une diminution de 189 000 jeunes ch\u00f4meurs dans l\u2019UE et de 155 000 dans la zone euro par rapport \u00e0 juillet 2024.<\/p>\n<p>R\u00e9partition par sexe<\/p>\n<p>Les taux de ch\u00f4mage des femmes et des hommes ont \u00e9galement affich\u00e9 des tendances positives en juillet 2025. Dans l\u2019UE, le taux de ch\u00f4mage des femmes est pass\u00e9 de 6,1 pour cent en juin 2025 \u00e0 6,0 pour cent, tandis que celui des hommes est rest\u00e9 stable \u00e0 5,8 pour cent. Dans la zone euro, le taux de ch\u00f4mage des femmes a baiss\u00e9 \u00e0 6,4 pour cent, contre 6,5 pour cent en juin 2025, et celui des hommes \u00e0 6,1 pour cent, contre 6,2 pour cent le mois pr\u00e9c\u00e9dent.<\/p>\n<p>Pour fournir une image plus compl\u00e8te du march\u00e9 du travail, Eurostat utilise des indicateurs suppl\u00e9mentaires au-del\u00e0 du taux de ch\u00f4mage traditionnel. Il s\u2019agit notamment de donn\u00e9es sur les travailleurs \u00e0 temps partiel sous-employ\u00e9s, les personnes \u00e0 la recherche d\u2019un emploi mais qui ne sont pas imm\u00e9diatement disponibles, et celles qui sont disponibles pour travailler mais qui ne recherchent pas activement un emploi. Ces informations suppl\u00e9mentaires sont publi\u00e9es en m\u00eame temps que les donn\u00e9es de l\u2019enqu\u00eate sur les forces de travail de l\u2019UE pour le premier trimestre 2025.<\/p>\n","protected":false},"excerpt":{"rendered":"Principaux renseignements Les taux de ch\u00f4mage de la zone euro et de l\u2019UE ont tous deux baiss\u00e9 en&hellip;\n","protected":false},"author":2,"featured_media":359325,"comment_status":"","ping_status":"","sticky":false,"template":"","format":"standard","meta":{"footnotes":""},"categories":[1586],"tags":[11,1777,674,1779,1011,27,1861,12,25,1778,364,8408],"class_list":{"0":"post-359324","1":"post","2":"type-post","3":"status-publish","4":"format-standard","5":"has-post-thumbnail","7":"category-europe","8":"tag-actualites","9":"tag-eu","10":"tag-europe","11":"tag-european-union","12":"tag-fr","13":"tag-france","14":"tag-lue","15":"tag-news","16":"tag-republique-francaise","17":"tag-ue","18":"tag-union-europeenne","19":"tag-zone-euro"},"share_on_mastodon":{"url":"https:\/\/pubeurope.com\/@fr\/115131388009910411","error":""},"_links":{"self":[{"href":"https:\/\/www.europesays.com\/fr\/wp-json\/wp\/v2\/posts\/359324","targetHints":{"allow":["GET"]}}],"collection":[{"href":"https:\/\/www.europesays.com\/fr\/wp-json\/wp\/v2\/posts"}],"about":[{"href":"https:\/\/www.europesays.com\/fr\/wp-json\/wp\/v2\/types\/post"}],"author":[{"embeddable":true,"href":"https:\/\/www.europesays.com\/fr\/wp-json\/wp\/v2\/users\/2"}],"replies":[{"embeddable":true,"href":"https:\/\/www.europesays.com\/fr\/wp-json\/wp\/v2\/comments?post=359324"}],"version-history":[{"count":0,"href":"https:\/\/www.europesays.com\/fr\/wp-json\/wp\/v2\/posts\/359324\/revisions"}],"wp:featuredmedia":[{"embeddable":true,"href":"https:\/\/www.europesays.com\/fr\/wp-json\/wp\/v2\/media\/359325"}],"wp:attachment":[{"href":"https:\/\/www.europesays.com\/fr\/wp-json\/wp\/v2\/media?parent=359324"}],"wp:term":[{"taxonomy":"category","embeddable":true,"href":"https:\/\/www.europesays.com\/fr\/wp-json\/wp\/v2\/categories?post=359324"},{"taxonomy":"post_tag","embeddable":true,"href":"https:\/\/www.europesays.com\/fr\/wp-json\/wp\/v2\/tags?post=359324"}],"curies":[{"name":"wp","href":"https:\/\/api.w.org\/{rel}","templated":true}]}}