{"id":359330,"date":"2025-09-01T22:27:16","date_gmt":"2025-09-01T22:27:16","guid":{"rendered":"https:\/\/www.europesays.com\/fr\/359330\/"},"modified":"2025-09-01T22:27:16","modified_gmt":"2025-09-01T22:27:16","slug":"rentree-scolaire-comment-reveiller-lenvie-dapprendre","status":"publish","type":"post","link":"https:\/\/www.europesays.com\/fr\/359330\/","title":{"rendered":"Rentr\u00e9e scolaire\u00a0: comment r\u00e9veiller l&rsquo;envie d&rsquo;apprendre\u00a0?"},"content":{"rendered":"<p>\t\t  Rentr\u00e9e scolaire\u00a0: comment r\u00e9veiller l&rsquo;envie d&rsquo;apprendre\u00a0? | France Culture                                <\/p>\n<p class=\"qg-visually-hidden\" tabindex=\"-1\">Rentr\u00e9e scolaire\u00a0: comment r\u00e9veiller l&rsquo;envie d&rsquo;apprendre\u00a0?<\/p>\n<ul class=\"SkipLinks-list svelte-ahqaie\">\n<li>  Contenu  <\/li>\n<li>  Lecteur audio  <\/li>\n<li>  Menu  <\/li>\n<li>  Pied de page  <\/li>\n<\/ul>\n<p role=\"heading\" aria-level=\"1\" class=\"qg-sr-only svelte-mociyb\">France Culture<\/p>\n<p>             <img decoding=\"async\" src=\"https:\/\/www.europesays.com\/fr\/wp-content\/uploads\/2025\/09\/1280\" width=\"4096\" height=\"2730\" alt=\"Ce lundi 1er septembre 2025, pr\u00e8s de 12 millions d'\u00e9l\u00e8ves reprendront le chemin de l'\u00e9cole \u00a9Getty\" loading=\"lazy\" fetchpriority=\"low\" data-testid=\"image-tag\" style=\"--_image-preview:url('data:image\/svg+xml,%3Csvg%20height%3D%221%22%20width%3D%221%22%0Axmlns%3D%22http%3A%2F%2Fwww.w3.org%2F2000%2Fsvg%22%3E%3Cdefs%3E%3Cfilter%20id%3D%22f1%22%20x%3D%220%22%20y%3D%220%22%0Axmlns%3D%22http%3A%2F%2Fwww.w3.org%2F2000%2Fsvg%22%3E%3CfeGaussianBlur%20in%3D%22SourceGraphic%22%20stdDeviation%3D%2230%22%0A%2F%3E%3C%2Ffilter%3E%3C%2Fdefs%3E%3Crect%20width%3D%22100%25%22%20height%3D%22100%25%22%20fill%3D%22%23%22%0Afilter%3D%22url(%23f1)%22%20%2F%3E%3C%2Fsvg%3E');\" aria-hidden=\"true\" class=\"svelte-1afbni6 ratio\" onload=\"this.__e=event\" onerror=\"this.__e=event\"\/> <\/p>\n<p>Ce lundi 1er septembre 2025, pr\u00e8s de 12 millions d&rsquo;\u00e9l\u00e8ves reprendront le chemin de l&rsquo;\u00e9cole \u00a9Getty<\/p>\n<p>           <img decoding=\"async\" src=\"https:\/\/www.europesays.com\/fr\/wp-content\/uploads\/2025\/09\/400x400_sc_l-invite-des-matins.jpg\" width=\"400\" height=\"400\" alt=\"L'Invit\u00e9 des Matins\" loading=\"lazy\" fetchpriority=\"low\" data-testid=\"image-tag\" style=\"--_image-preview:url('data:image\/svg+xml,&lt;svg height=&quot;100%&quot; width=&quot;100%&quot; xmlns=&quot;http:\/\/www.w3.org\/2000\/svg&quot;&gt;&lt;defs&gt;&lt;filter id=&quot;f1&quot; x=&quot;0&quot; y=&quot;0&quot; xmlns=&quot;http:\/\/www.w3.org\/2000\/svg&quot;&gt;&lt;feGaussianBlur in=&quot;SourceGraphic&quot; stdDeviation=&quot;30&quot; \/&gt;&lt;\/filter&gt;&lt;\/defs&gt;&lt;rect width=&quot;100%&quot; height=&quot;100%&quot; fill=&quot;%23181818&quot; filter=&quot;url(%23f1)&quot; \/&gt;&lt;\/svg&gt;');\" aria-hidden=\"true\" class=\"svelte-1n5zs1o ratio\" onload=\"this.__e=event\" onerror=\"this.__e=event\"\/>   <\/p>\n<p class=\"ExpressionSummary-standFirst qg-tt4 qg-xtra-lh svelte-ccn03w\" data-testid=\"ExpressionSummary-standFirst\"><strong> En cette rentr\u00e9e scolaire, le sociologue Bernard Lahire tire la sonnette d\u2019alarme\u00a0: l\u2019obsession de l\u2019\u00e9valuation \u00e0 l\u2019\u00e9cole est en train de tuer la curiosit\u00e9 naturelle de l\u2019enfant.  Quelles solutions pour former les citoyens de demain aux crise \u00e0 venir\u00a0? <\/strong><\/p>\n<p>Avec<\/p>\n<ul class=\"svelte-ccn03w\">\n<li class=\"qg-tx2 qg-xtra-lh svelte-ccn03w\"><a href=\"https:\/\/www.radiofrance.fr\/personnes\/bernard-lahire\" data-testid=\"link\" class=\"svelte-1t7i9vq underline-hover\" rel=\"nofollow noopener\" target=\"_blank\">Bernard Lahire,<\/a> professeur de sociologie \u00e0 l\u2019\u00c9cole normale sup\u00e9rieure de Lyon, d\u00e9tach\u00e9 au CNRS<\/li>\n<\/ul>\n","protected":false},"excerpt":{"rendered":"Rentr\u00e9e scolaire\u00a0: comment r\u00e9veiller l&rsquo;envie d&rsquo;apprendre\u00a0? | France Culture Rentr\u00e9e scolaire\u00a0: comment r\u00e9veiller l&rsquo;envie d&rsquo;apprendre\u00a0? Contenu Lecteur audio&hellip;\n","protected":false},"author":2,"featured_media":359331,"comment_status":"","ping_status":"","sticky":false,"template":"","format":"standard","meta":{"footnotes":""},"categories":[4],"tags":[11,1011,27,12,25],"class_list":{"0":"post-359330","1":"post","2":"type-post","3":"status-publish","4":"format-standard","5":"has-post-thumbnail","7":"category-france","8":"tag-actualites","9":"tag-fr","10":"tag-france","11":"tag-news","12":"tag-republique-francaise"},"share_on_mastodon":{"url":"https:\/\/pubeurope.com\/@fr\/115131400107810853","error":""},"_links":{"self":[{"href":"https:\/\/www.europesays.com\/fr\/wp-json\/wp\/v2\/posts\/359330","targetHints":{"allow":["GET"]}}],"collection":[{"href":"https:\/\/www.europesays.com\/fr\/wp-json\/wp\/v2\/posts"}],"about":[{"href":"https:\/\/www.europesays.com\/fr\/wp-json\/wp\/v2\/types\/post"}],"author":[{"embeddable":true,"href":"https:\/\/www.europesays.com\/fr\/wp-json\/wp\/v2\/users\/2"}],"replies":[{"embeddable":true,"href":"https:\/\/www.europesays.com\/fr\/wp-json\/wp\/v2\/comments?post=359330"}],"version-history":[{"count":0,"href":"https:\/\/www.europesays.com\/fr\/wp-json\/wp\/v2\/posts\/359330\/revisions"}],"wp:featuredmedia":[{"embeddable":true,"href":"https:\/\/www.europesays.com\/fr\/wp-json\/wp\/v2\/media\/359331"}],"wp:attachment":[{"href":"https:\/\/www.europesays.com\/fr\/wp-json\/wp\/v2\/media?parent=359330"}],"wp:term":[{"taxonomy":"category","embeddable":true,"href":"https:\/\/www.europesays.com\/fr\/wp-json\/wp\/v2\/categories?post=359330"},{"taxonomy":"post_tag","embeddable":true,"href":"https:\/\/www.europesays.com\/fr\/wp-json\/wp\/v2\/tags?post=359330"}],"curies":[{"name":"wp","href":"https:\/\/api.w.org\/{rel}","templated":true}]}}