{"id":359334,"date":"2025-09-01T22:31:11","date_gmt":"2025-09-01T22:31:11","guid":{"rendered":"https:\/\/www.europesays.com\/fr\/359334\/"},"modified":"2025-09-01T22:31:11","modified_gmt":"2025-09-01T22:31:11","slug":"a-lus-open-naomi-osaka-elimine-coco-gauff-en-huitiemes-de-finale-felix-auger-aliassime-fait-tomber-andrey-rublev","status":"publish","type":"post","link":"https:\/\/www.europesays.com\/fr\/359334\/","title":{"rendered":"A l\u2019US Open, Naomi Osaka \u00e9limine Coco Gauff en huiti\u00e8mes de finale\u00a0; F\u00e9lix Auger-Aliassime fait tomber Andrey Rublev"},"content":{"rendered":"<p>                          <img loading=\"lazy\" decoding=\"async\" src=\"https:\/\/www.europesays.com\/fr\/wp-content\/uploads\/2025\/09\/da8aa62_ftp-import-images-1-o6nbyxwkjta9-6b7ccdebb343486381d0166e7a684548-1-f1a7a63b4eeb46eba67ddb94.jpeg\" alt=\"Naomi Osaka lors de son match contre Coco Gauff, au tournoi de l\u2019US Open, \u00e0 New York, le 1\u1d49\u02b3\u00a0septembre 2025.\"   width=\"664\" height=\"443\"\/>    Naomi Osaka lors de son match contre Coco Gauff, au tournoi de l\u2019US Open, \u00e0 New York, le 1\u1d49\u02b3\u00a0septembre 2025.  KIRSTY WIGGLESWORTH \/ AP                          <\/p>\n<p class=\"article__paragraph  \">Ce ne sont pas vraiment des surprises \u00e0 faire tomber la m\u00e2choire mais cela reste deux performances impressionantes\u00a0: la Japonaise Naomi Osaka a s\u00e8chement \u00e9limin\u00e9, lundi 1er\u00a0septembre, la num\u00e9ro\u00a03 mondiale du tennis f\u00e9minin, Coco Gauff, dans la principale affiche des huiti\u00e8mes de finale de l\u2019US Open, \u00e0 New York. Et le Canadien F\u00e9lix Auger-Aliassime s\u2019est offert le Russe Andrey Rublev pour confirmer sa forme du moment.<\/p>\n<p class=\"article__paragraph  \">Osaka, ex-num\u00e9ro\u00a01 mondiale et titr\u00e9e \u00e0 New York en\u00a02018 et 2020, s\u2019est impos\u00e9e 6-3, 6-2 contre l\u2019Am\u00e9ricaine Gauff, la laur\u00e9ate de l\u2019\u00e9dition 2023. La Japonaise r\u00e9alise \u00e0 Flushing Meadows son meilleur parcours en Grand Chelem depuis son retour sur le circuit WTA d\u00e9but 2024, apr\u00e8s avoir donn\u00e9 naissance \u00e0 une fille.<\/p>\n<p class=\"article__paragraph  \">\u00ab\u00a0De tous les courts du monde, c\u2019est celui que je pr\u00e9f\u00e8re\u00a0\u00bb, a affirm\u00e9 la 24e joueuse mondiale sur le Central, th\u00e9\u00e2tre de ses deux titres majeurs am\u00e9ricains. \u00ab\u00a0Revenir sur ce court signifie tellement pour moi\u00a0\u00bb, a-t-elle ajout\u00e9.<\/p>\n<p class=\"article__paragraph  \">La quadruple laur\u00e9ate de tournois majeurs s\u2019est qualifi\u00e9e pour son premier quart de finale en Grand Chelem depuis l\u2019Open d\u2019Australie en\u00a02021 et le cinqui\u00e8me de sa carri\u00e8re. La joueuse de 27\u00a0ans a syst\u00e9matiquement remport\u00e9 les tournois majeurs dont elle a atteint les quarts de finale.<\/p>\n<p class=\"article__paragraph  \">Grand danger donc pour la Tch\u00e8que Karolina Muchova (13e), sa future adversaire qui a battu, de son c\u00f4t\u00e9, l\u2019Ukrainienne Marta Kostyuk (28e) en trois sets, 6-3, 6-7 (7-0), 6-3.<\/p>\n<p>                    Trop de pression pour Gauff                    <\/p>\n<p class=\"article__paragraph  \">Coco Gauff ach\u00e8ve pour sa part une saison contrast\u00e9e en Grand Chelem\u00a0: \u00e9limin\u00e9e en quarts de finale de l\u2019Open d\u2019Australie, la joueuse de 21\u00a0ans a gagn\u00e9 son deuxi\u00e8me titre en Grand Chelem \u00e0 Roland-Garros avant de dispara\u00eetre d\u00e8s le premier tour \u00e0 Wimbledon.<\/p>\n<p class=\"article__paragraph  \">\u00ab\u00a0\u00c7a a \u00e9t\u00e9 difficile depuis Roland-Garros\u00a0\u00bb, a reconnu l\u2019Am\u00e9ricaine, battue \u00e9galement au premier tour du WTA 500 de Berlin sur gazon, avant de s\u2019incliner en huiti\u00e8mes de finale au WTA 1000 de Montr\u00e9al et en quarts \u00e0 Cincinnati sur dur.<\/p>\n<p> Newsletter  <\/p>\n<p> <a href=\"https:\/\/www.lemonde.fr\/newsletters\/sport\/\" class=\"inread__link js-services-inread-link\" target=\"_blank\" rel=\"nofollow noopener\">  <\/p>\n<p>\u00ab Sport \u00bb<\/p>\n<p>Enqu\u00eates, reportages, analyses : l&rsquo;actualit\u00e9 du sport dans votre bo\u00eete e-mail chaque samedi<\/p>\n<p>S&rsquo;inscrire<\/p>\n<p> <\/a>          <\/p>\n<p> Le Monde Guides d\u2019achat  <\/p>\n<p> <a href=\"https:\/\/www.lemonde.fr\/guides-d-achat\/article\/2018\/06\/30\/les-meilleurs-antivols-pour-attacher-son-velo_5323670_5306571.html\" class=\"inread__link js-services-inread-link\" target=\"_blank\" rel=\"nofollow noopener\">  <\/p>\n<p>Cadenas de v\u00e9lo<\/p>\n<p>Les meilleurs cadenas de v\u00e9lo<\/p>\n<p>Lire<\/p>\n<p> <\/a>      <\/p>\n<p> Newsletter  <\/p>\n<p> <a href=\"https:\/\/www.lemonde.fr\/newsletters\/sport\/\" class=\"inread__link js-services-inread-link\" target=\"_blank\" rel=\"nofollow noopener\">  <\/p>\n<p>\u00ab Sport \u00bb<\/p>\n<p>Enqu\u00eates, reportages, analyses : l&rsquo;actualit\u00e9 du sport dans votre bo\u00eete e-mail chaque samedi<\/p>\n<p>S&rsquo;inscrire<\/p>\n<p> <\/a>             <\/p>\n<p class=\"article__paragraph  \">Lors de cet US Open, Gauff a \u00e9t\u00e9 malmen\u00e9e par la 79e mondiale, l\u2019Australienne Ajla Tomljanovic, au premier tour, avant de fondre en larmes durant son deuxi\u00e8me tour contre la Croate Donna Vekic. Elle avait ensuite sign\u00e9 une victoire nettement plus convaincante (6-3, 6-1) au troisi\u00e8me tour contre la Polonaise Magdalena Frech.<\/p>\n<p class=\"article__paragraph  \">\u00ab\u00a0J\u2019ai l\u2019impression de me mettre beaucoup de pression \u00e0 21\u00a0ans. Or les filles qui brillent sur le circuit ont 25, 26\u00a0ans\u00a0\u00bb, a-t-elle tent\u00e9 de se rassurer. Maintenant que le dernier Grand Chelem de la saison est derri\u00e8re elle, elle a d\u00e9clar\u00e9 se concentrer sur les am\u00e9liorations \u00e0 apporter \u00e0 son jeu pour \u00eatre \u00ab\u00a0pr\u00eate pour l\u2019Open d\u2019Australie\u00a0\u00bb d\u00e9but 2026.<\/p>\n<p>                                       Lire aussi |  Article r\u00e9serv\u00e9 \u00e0 nos abonn\u00e9s  <a href=\"https:\/\/www.lemonde.fr\/sport\/article\/2025\/06\/07\/coco-gauff-reine-de-la-serenite-et-de-roland-garros_6611121_3242.html\" class=\"js-article-read-also catcher--favoris__link\" data-premium=\"1\" id=\"article-title-3426127\" rel=\"nofollow noopener\" target=\"_blank\">Coco Gauff, reine de la s\u00e9r\u00e9nit\u00e9 et de Roland-Garros<\/a>    <\/p>\n<p>   Lire plus tard  <\/p>\n<p class=\"article__paragraph  \">La num\u00e9ro\u00a02 mondiale, Iga Swiatek, a, elle, laiss\u00e9 \u00e9chapper un jeu de moins qu\u2019Osaka en huiti\u00e8mes de finale, s\u2019imposant 6-3, 6-1 contre la Russe Ekaterina Alexandrova (12e). \u00ab\u00a0Je n\u2019ai pas laiss\u00e9 Ekaterina revenir dans le match dans le deuxi\u00e8me set\u00a0\u00bb, s\u2019est r\u00e9jouie la Polonaise de 24\u00a0ans, qui avait eu nettement plus de mal \u00e0 s\u2019imposer aux deuxi\u00e8me et troisi\u00e8me tours.<\/p>\n<p>                    De Minaur se m\u00e9fie d\u2019Auger-Aliassime                    <\/p>\n<p class=\"article__paragraph  \">Chez les hommes, la victoire inattendue, samedi, de F\u00e9lix Auger-Aliassime (25e) contre le num\u00e9ro\u00a03 mondial, Alexander Zverev, n\u2019\u00e9tait pas qu\u2019un feu de paille\u00a0: ex-num\u00e9ro\u00a06, le Canadien a confirm\u00e9 son retour au premier plan en dominant 7-5, 6-3, 6-4 le Russe Andrey Rublev, une de ses b\u00eates noires. Gr\u00e2ce \u00e0 ce succ\u00e8s exp\u00e9ditif, le joueur de 25\u00a0ans retrouve les quarts de finale d\u2019un Grand Chelem pour la premi\u00e8re fois depuis l\u2019Open d\u2019Australie en\u00a02022.<\/p>\n<p class=\"article__paragraph  \">Apr\u00e8s avoir recul\u00e9 au classement et connu des blessures, \u00ab\u00a0j\u2019appr\u00e9cie beaucoup plus la valeur d\u2019\u00eatre en quarts de finale ici\u00a0\u00bb, a savour\u00e9 Auger-Aliassime en conf\u00e9rence de presse. Il d\u00e9fiera l\u2019Australien Alex De Minaur (8e) pour une place dans le dernier carr\u00e9, que le Canadien avait d\u00e9j\u00e0 atteint en\u00a02021 \u00e0 New York.<\/p>\n<p class=\"article__paragraph  \">Tombeur logique (6-3, 6-2, 6-1) du qualifi\u00e9 suisse Leandro Riedi (435e), De Minaur va disputer \u00e0 26\u00a0ans son sixi\u00e8me quart de finale en Grand Chelem et tentera de s\u2019inviter pour la premi\u00e8re fois parmi les quatre derniers joueurs en lice. \u00ab\u00a0Quand [F\u00e9lix Auger-Aliassime] est en confiance, il est tr\u00e8s difficile \u00e0 battre\u00a0\u00bb, s\u2019est m\u00e9fi\u00e9 l\u2019Australien en conf\u00e9rence de presse. \u00ab\u00a0Il va essayer de dicter le jeu donc il s\u2019agira pour moi de casser son rythme, ne pas lui donner l\u2019occasion de me harceler sur le court\u00a0\u00bb, a anticip\u00e9 celui qu\u2019on surnomme le \u00ab\u00a0Demon\u00a0\u00bb.<\/p>\n<p class=\"article__paragraph  \">L\u2019Italien Lorenzo Musetti (10e) s\u2019est lui offert un premier quart de finale \u00e0 New York en battant 6-3, 6-0, 6-1 l\u2019Espagnol Jaume Munar (44e). \u00ab\u00a0Ces derni\u00e8res semaines ont \u00e9t\u00e9 tr\u00e8s difficiles, j\u2019ai perdu plusieurs matches (\u2026) mais je suis rest\u00e9 pr\u00e9sent mentalement\u00a0\u00bb, s\u2019est f\u00e9licit\u00e9 le demi-finaliste du dernier Roland-Garros.<\/p>\n<p class=\"article__paragraph  \">\u00ab\u00a0J\u2019ai tr\u00e8s bien servi\u00a0\u00bb contre Munar, a estim\u00e9 l\u2019Italien, qui vient de changer de position au service. \u00ab\u00a0Je peux encore m\u2019am\u00e9liorer mais je suis tr\u00e8s content des adaptations que j\u2019ai faites\u00a0\u00bb, s\u2019est-il satisfait.<\/p>\n<p>                                       Lire aussi |  Article r\u00e9serv\u00e9 \u00e0 nos abonn\u00e9s  <a href=\"https:\/\/www.lemonde.fr\/sport\/article\/2025\/08\/31\/adrian-mannarino-le-divin-chauve-du-tennis-francais-qui-resiste-a-l-epreuve-du-temps-a-l-us-open_6637823_3242.html\" class=\"js-article-read-also catcher--favoris__link\" data-premium=\"1\" id=\"article-title-3436003\" rel=\"nofollow noopener\" target=\"_blank\">Adrian Mannarino, le \u00ab\u00a0divin\u00a0chauve\u00a0\u00bb du tennis fran\u00e7ais qui r\u00e9siste \u00e0 l\u2019\u00e9preuve du temps \u00e0 l\u2019US Open<\/a>    <\/p>\n<p>   Lire plus tard  <\/p>\n<p class=\"author__detail\">  Le Monde avec AFP  <\/p>\n<p>                  <a href=\"https:\/\/www.lemonde.fr\/syndication\/\" class=\"reuse__content\" title=\"R\u00e9utiliser ce contenu\" target=\"_blank\" rel=\"nofollow noopener\">R\u00e9utiliser ce contenu<\/a>      <\/p>\n","protected":false},"excerpt":{"rendered":"Naomi Osaka lors de son match contre Coco Gauff, au tournoi de l\u2019US Open, \u00e0 New York, le&hellip;\n","protected":false},"author":2,"featured_media":359335,"comment_status":"","ping_status":"","sticky":false,"template":"","format":"standard","meta":{"footnotes":""},"categories":[1415],"tags":[1011,27,60,1467],"class_list":{"0":"post-359334","1":"post","2":"type-post","3":"status-publish","4":"format-standard","5":"has-post-thumbnail","7":"category-tennis","8":"tag-fr","9":"tag-france","10":"tag-sports","11":"tag-tennis"},"share_on_mastodon":{"url":"https:\/\/pubeurope.com\/@fr\/115131415792712407","error":""},"_links":{"self":[{"href":"https:\/\/www.europesays.com\/fr\/wp-json\/wp\/v2\/posts\/359334","targetHints":{"allow":["GET"]}}],"collection":[{"href":"https:\/\/www.europesays.com\/fr\/wp-json\/wp\/v2\/posts"}],"about":[{"href":"https:\/\/www.europesays.com\/fr\/wp-json\/wp\/v2\/types\/post"}],"author":[{"embeddable":true,"href":"https:\/\/www.europesays.com\/fr\/wp-json\/wp\/v2\/users\/2"}],"replies":[{"embeddable":true,"href":"https:\/\/www.europesays.com\/fr\/wp-json\/wp\/v2\/comments?post=359334"}],"version-history":[{"count":0,"href":"https:\/\/www.europesays.com\/fr\/wp-json\/wp\/v2\/posts\/359334\/revisions"}],"wp:featuredmedia":[{"embeddable":true,"href":"https:\/\/www.europesays.com\/fr\/wp-json\/wp\/v2\/media\/359335"}],"wp:attachment":[{"href":"https:\/\/www.europesays.com\/fr\/wp-json\/wp\/v2\/media?parent=359334"}],"wp:term":[{"taxonomy":"category","embeddable":true,"href":"https:\/\/www.europesays.com\/fr\/wp-json\/wp\/v2\/categories?post=359334"},{"taxonomy":"post_tag","embeddable":true,"href":"https:\/\/www.europesays.com\/fr\/wp-json\/wp\/v2\/tags?post=359334"}],"curies":[{"name":"wp","href":"https:\/\/api.w.org\/{rel}","templated":true}]}}