{"id":359343,"date":"2025-09-01T22:37:12","date_gmt":"2025-09-01T22:37:12","guid":{"rendered":"https:\/\/www.europesays.com\/fr\/359343\/"},"modified":"2025-09-01T22:37:12","modified_gmt":"2025-09-01T22:37:12","slug":"yannick-noah-et-isabelle-camus-leur-fils-joalukas-touche-par-un-trouble-depuis-un-an-la-famille-doit-dadapter","status":"publish","type":"post","link":"https:\/\/www.europesays.com\/fr\/359343\/","title":{"rendered":"Yannick Noah et Isabelle Camus : leur fils Joalukas touch\u00e9 par un trouble depuis un an, la famille doit d&rsquo;adapter"},"content":{"rendered":"<p>            <img loading=\"lazy\" decoding=\"async\" src=\"https:\/\/www.europesays.com\/fr\/wp-content\/uploads\/2025\/04\/112-61fcecbf3e687-35x35-1.jpg\" class=\"author-article-picture\" width=\"35\" height=\"35\"\/><\/p>\n<p>                Par<br \/>\n                                    <a class=\"author-article-bio-link\" href=\"https:\/\/www.purepeople.com\/auteur\/charlotte-pletcher_a112\" rel=\"nofollow noopener\" target=\"_blank\">Charlotte Pletcher<\/a><br \/>\n                                                    | Journaliste<\/p>\n<p>\n                Fan de s\u00e9ries en tous genres, elle aime suivre le quotidien de ses acteurs pr\u00e9f\u00e9r\u00e9s. Elle est \u00e9galement fan de la reine Elizabeth II, de Kate Middleton et ne comprend toujours pas ce que le prince Harry fait avec Meghan Markle.\n            <\/p>\n<p>\n    Yannick Noah est le fier p\u00e8re de 6 enfants : Joakim, Y\u00e9l\u00e9na, Eleejah, Jenaye, Keelani, la petite derni\u00e8re et Joalukas. Ce dernier, \u00e2g\u00e9 de 21 ans, a d\u00e9velopp\u00e9 au cours des derniers mois une phobie qui touche 20% de la population. Et toute la famille doit faire avec.\n<\/p>\n<p>                            <img loading=\"lazy\" decoding=\"async\" class=\"player-thumbnail\" src=\"https:\/\/www.europesays.com\/fr\/wp-content\/uploads\/2025\/09\/fd8ebe7a4849885f-580x326-2.jpg\" width=\"580\" height=\"326\"\/><\/p>\n<p>                    Yannick Noah et Isabelle Camus : leur fils Joalukas touch\u00e9 par un trouble depuis un an, la famille doit d&rsquo;adapter<\/p>\n<p>La suite apr\u00e8s la publicit\u00e9<\/p>\n<p>Que celui qui n\u2019a jamais eu peur lors d\u2019un voyage en avion l\u00e8ve la main. On est pr\u00eat \u00e0 parier que vous aussi, vous avez au moins une fois v\u00e9cu un vol pour le moins mouvement\u00e9, vous vaccinant de ce moyen de transport pour au moins plusieurs mois. Mais pour certains, cette peur d\u00e9velopp\u00e9e au cours de l\u2019existence ne dispara\u00eet pas. Au contraire, elle se transforme m\u00eame en phobie, emp\u00eachant les personnes qui en sont atteintes de pouvoir remonter \u00e0 bord d\u2019un de ces appareils volants. Et connues ou non, toutes les cat\u00e9gories de personnes peuvent \u00eatre concern\u00e9es.\u00a0<\/p>\n<p>L\u2019un des enfants de <a href=\"https:\/\/www.purepeople.com\/people\/yannick-noah_p646\" rel=\"nofollow noopener\" target=\"_blank\">Yannick Noah<\/a> en souffre : il s\u2019agit de<strong> Joalukas, 21 ans<\/strong>, fruit de ses amours avec la productrice Isabelle Camus (\u00e0 qui l\u2019on doit entre autres la s\u00e9rie Un gars, une fille). Comme l\u2019a d\u00e9voil\u00e9 sa m\u00e8re il y a quelques heures en story Instagram (voir le diaporama), cette peur s\u2019est d\u00e9velopp\u00e9e l\u2019an dernier et force les membres de la famille et les proches souhaitant voyager \u00e0 ses c\u00f4t\u00e9s \u00e0 faire quelques concessions.\u00a0<\/p>\n<p>Plus aucun voyage en avion pour Joalukas Noah, le fils de Yannick Noah et Isabelle Camus<\/p>\n<p>\u201cMerci Joalukas d\u2019\u00eatre aviophobe depuis un an. Gr\u00e2ce \u00e0 toi, on voyage autrement, on prend le temps de savourer, on fait des d\u00e9tours, on vit des impr\u00e9vus, et surtout\u2026 les vacances sont interminables\u201d \u00e9crit-elle avec humour sur une vid\u00e9o de leur cabine d\u2019un bateau de la compagnie Corsica Ferries en partance du port d\u2019Alcudia \u00e0 Majorque. Apr\u00e8s avoir voyag\u00e9 sur l\u2019eau, c\u2019est \u00e0 bord d\u2019un train que <a href=\"https:\/\/www.purepeople.com\/article\/yannick-noah-retrouvailles-avec-isabelle-camus-et-leurs-fils-joalukas-monica-bellucci-admiree-par-son-ex_a511406\/1\" rel=\"nofollow noopener\" target=\"_blank\">m\u00e8re et fils<\/a> ont s\u00fbrement regagn\u00e9 la capitale pour \u00eatre pr\u00e9sents pour la rentr\u00e9e. Des concessions qu\u2019ils ne sont pas les seuls \u00e0 faire, loin de l\u00e0.<\/p>\n<p>Comme l\u2019a si bien rappel\u00e9 le site du Parisien,<strong> les personnes atteintes de cette phobie sont a\u00e9rodromophobes.<\/strong> Un syndrome qui touche plus de 20% de la population, l\u2019une des plus r\u00e9pandues malgr\u00e9 le fait que l\u2019avion soit le transport le plus s\u00fbr : \u201cL\u2019ann\u00e9e 2023 a \u00e9t\u00e9 la plus s\u00fbre jamais enregistr\u00e9e dans le transport a\u00e9rien. Le risque d\u2019accident mortel est tomb\u00e9 \u00e0 0,03 pour un million de vols, contre une moyenne de 0,11 sur cinq ans. Avec un tel niveau de s\u00e9curit\u00e9, une personne devrait prendre l\u2019avion chaque jour pendant 103 239 ann\u00e9es pour \u00eatre victime d\u2019un accident mortel, souligne l\u2019Association internationale de l\u2019aviation civile dans son rapport annuel\u201d rappelait le m\u00e9dia.<strong>\u00a0<\/strong><\/p>\n","protected":false},"excerpt":{"rendered":"Par Charlotte Pletcher | Journaliste Fan de s\u00e9ries en tous genres, elle aime suivre le quotidien de ses&hellip;\n","protected":false},"author":2,"featured_media":359344,"comment_status":"","ping_status":"","sticky":false,"template":"","format":"standard","meta":{"footnotes":""},"categories":[1359],"tags":[58,59,1011,27,973],"class_list":{"0":"post-359343","1":"post","2":"type-post","3":"status-publish","4":"format-standard","5":"has-post-thumbnail","7":"category-people","8":"tag-divertissement","9":"tag-entertainment","10":"tag-fr","11":"tag-france","12":"tag-people"},"share_on_mastodon":{"url":"https:\/\/pubeurope.com\/@fr\/115131439489387630","error":""},"_links":{"self":[{"href":"https:\/\/www.europesays.com\/fr\/wp-json\/wp\/v2\/posts\/359343","targetHints":{"allow":["GET"]}}],"collection":[{"href":"https:\/\/www.europesays.com\/fr\/wp-json\/wp\/v2\/posts"}],"about":[{"href":"https:\/\/www.europesays.com\/fr\/wp-json\/wp\/v2\/types\/post"}],"author":[{"embeddable":true,"href":"https:\/\/www.europesays.com\/fr\/wp-json\/wp\/v2\/users\/2"}],"replies":[{"embeddable":true,"href":"https:\/\/www.europesays.com\/fr\/wp-json\/wp\/v2\/comments?post=359343"}],"version-history":[{"count":0,"href":"https:\/\/www.europesays.com\/fr\/wp-json\/wp\/v2\/posts\/359343\/revisions"}],"wp:featuredmedia":[{"embeddable":true,"href":"https:\/\/www.europesays.com\/fr\/wp-json\/wp\/v2\/media\/359344"}],"wp:attachment":[{"href":"https:\/\/www.europesays.com\/fr\/wp-json\/wp\/v2\/media?parent=359343"}],"wp:term":[{"taxonomy":"category","embeddable":true,"href":"https:\/\/www.europesays.com\/fr\/wp-json\/wp\/v2\/categories?post=359343"},{"taxonomy":"post_tag","embeddable":true,"href":"https:\/\/www.europesays.com\/fr\/wp-json\/wp\/v2\/tags?post=359343"}],"curies":[{"name":"wp","href":"https:\/\/api.w.org\/{rel}","templated":true}]}}