{"id":359349,"date":"2025-09-01T22:40:14","date_gmt":"2025-09-01T22:40:14","guid":{"rendered":"https:\/\/www.europesays.com\/fr\/359349\/"},"modified":"2025-09-01T22:40:14","modified_gmt":"2025-09-01T22:40:14","slug":"cyril-hanouna-et-ses-chroniqueurs-font-leur-retour-a-la-television-sur-w9-avec-tout-beau-tout-9","status":"publish","type":"post","link":"https:\/\/www.europesays.com\/fr\/359349\/","title":{"rendered":"Cyril Hanouna et ses chroniqueurs font leur retour \u00e0 la t\u00e9l\u00e9vision sur W9 avec \u00ab\u00a0Tout beau tout 9\u00a0\u00bb"},"content":{"rendered":"\n<p class=\"c-chapo \">\n  Une vingtaine de chroniqueurs ont \u00e9t\u00e9 pr\u00e9sent\u00e9s lundi, pour la premi\u00e8re de l&rsquo;\u00e9mission, dont nombre d&rsquo;anciens de C8 : Mathieu Delormeau, Val\u00e9rie Bena\u00efm, Raymond Aabou, G\u00e9raldine Maillet, et encore Jordan De Luxe.\n<\/p>\n<p>            lire plus tard<\/p>\n<p id=\"dialog__title\" class=\"dialog__title\">Pour sauvegarder cet article, connectez-vous ou cr\u00e9ez un compte franceinfo<\/p>\n<p class=\"dialog__description\">Sans paiement. Sans abonnement.<\/p>\n<p>        Fermer la fen\u00eatre d\u2019activation des notifications France Info<\/p>\n<p>            cr\u00e9er votre compte<\/p>\n<p>            se connecter<\/p>\n<p>        Fermer la fen\u00eatre de pr\u00e9sentation<\/p>\n<p>    <img loading=\"lazy\" decoding=\"async\" class=\"signature__image lazyload\" width=\"100\" height=\"100\" data- alt=\"\" src=\"https:\/\/www.europesays.com\/fr\/wp-content\/uploads\/2025\/05\/64a68815cd1a7_placeholder-36b69ec8.png\"\/><\/p>\n<p>    Publi\u00e9 le 01\/09\/2025 23:06<\/p>\n<p>        Temps de lecture : 1min<\/p>\n<p>    <img decoding=\"async\"  alt=\"Le pr\u00e9sentateur Cyril Hanouna, lors d'une audition de la commission d'enqu\u00eate \u00e0 Paris, le 14 mars 2024. (XOSE BOUZAS \/ HANS LUCAS \/ AFP)\" width=\"432\" height=\"243\" src=\"https:\/\/www.europesays.com\/fr\/wp-content\/uploads\/2025\/09\/080-hl-xbouzas-2322040-68b60998f00d2709454151.jpg\" fetchpriority=\"high\"\/><\/p>\n<p>      Le pr\u00e9sentateur Cyril Hanouna, lors d&rsquo;une audition de la commission d&rsquo;enqu\u00eate \u00e0 Paris, le 14 mars 2024. (XOSE BOUZAS \/ HANS LUCAS \/ AFP)<\/p>\n<p>Il y a comme un air de d\u00e9j\u00e0-vu. Le pr\u00e9sentateur Cyril Hanouna a fait, lundi 1er septembre, u<a href=\"https:\/\/www.franceinfo.fr\/culture\/tv\/cyril-hanouna\/l-animateur-cyril-hanouna-annonce-rejoindre-le-groupe-m6-en-septembre_7100610.html\" rel=\"nofollow noopener\" target=\"_blank\">n retour en direct \u00e0 la t\u00e9l\u00e9vision, sur W9<\/a> dans \u00ab\u00a0Tout beau tout 9\u00a0\u00bb. \u00ab\u00a0Ca va \u00eatre de la folie\u00a0\u00bb et \u00ab\u00a0les ch\u00e9ris, vous m&rsquo;avez manqu\u00e9\u00a0\u00bb, a lanc\u00e9 l&rsquo;animateur et producteur du programme, apr\u00e8s plusieurs mois de relative di\u00e8te m\u00e9diatique.<\/p>\n<p>\u00ab\u00a0J&rsquo;ai tout mis dans le d\u00e9cor\u00a0\u00bb, a-t-il assur\u00e9 peu apr\u00e8s, debout au centre d&rsquo;un plateau rutilant et entour\u00e9 du public, dans un dispositif identique <a href=\"https:\/\/www.franceinfo.fr\/economie\/medias\/recit-il-y-avait-une-volonte-d-etre-different-comment-la-chaine-c8-s-est-pris-les-pieds-dans-le-tapis-de-la-surenchere_7082439.html\" rel=\"nofollow noopener\" target=\"_blank\">\u00e0 son \u00e9mission pass\u00e9e TPMP sur la cha\u00eene C8<\/a>. Le groupe M6 auquel appartient W9 <a href=\"https:\/\/www.franceinfo.fr\/culture\/tv\/cyril-hanouna\/television-avant-meme-son-arrivee-cyril-hanouna-recadre-par-le-groupe-m6_7125342.html\" rel=\"nofollow noopener\" target=\"_blank\">a tout de m\u00eame demand\u00e9 au roi du clash de privil\u00e9gier le divertissement<\/a>, et d&rsquo;\u00e9viter les sujets politiques et pol\u00e9miques qu&rsquo;il abordait alors.<\/p>\n<p>\u00ab\u00a0Tout beau tout 9\u00a0\u00bb (\u00ab\u00a0TBT9\u00a0\u00bb) a d\u00e9marr\u00e9 en direct, et non avec un l\u00e9ger diff\u00e9r\u00e9 comme envisag\u00e9, par pr\u00e9caution. Une vingtaine de chroniqueurs, qui vont tourner en plateau, ont \u00e9t\u00e9 pr\u00e9sent\u00e9s, dont nombre d&rsquo;anciens de C8 : Mathieu Delormeau, Val\u00e9rie Bena\u00efm, Raymond Aabou, G\u00e9raldine Maillet, et encore Jordan De Luxe.<\/p>\n<p>Parmi les nouvelles t\u00eates, figurent l&rsquo;ex-ministre Marl\u00e8ne Schiappa, l&rsquo;animateur sportif Nelson Monfort, ou les journalistes Shana Loustau, venue de CNews, Damien Canivez du Figaro et Amaury Bucco de Valeurs actuelles. Sur le plateau, Cyril Hanouna a retrouv\u00e9 son humour potache et son vocabulaire fleuri, en retenant parfois ses coups. \u00ab\u00a0Ne me demandez pas mon avis, je ne suis pas l\u00e0 pour \u00e7a\u00a0\u00bb, a-t-il notamment l\u00e2ch\u00e9. \u00ab\u00a0TBT9\u00a0\u00bb, avec des rubriques people ou actualit\u00e9 comme dans TPMP, a eu parmi ses premiers parrains l&rsquo;animateur Vincent Lagaf&rsquo; et l&rsquo;acteur Gad Elmaleh, par t\u00e9l\u00e9phone.<\/p>\n","protected":false},"excerpt":{"rendered":"Une vingtaine de chroniqueurs ont \u00e9t\u00e9 pr\u00e9sent\u00e9s lundi, pour la premi\u00e8re de l&rsquo;\u00e9mission, dont nombre d&rsquo;anciens de C8&hellip;\n","protected":false},"author":2,"featured_media":359350,"comment_status":"","ping_status":"","sticky":false,"template":"","format":"standard","meta":{"footnotes":""},"categories":[1356],"tags":[58,59,1011,27,252,1364],"class_list":{"0":"post-359349","1":"post","2":"type-post","3":"status-publish","4":"format-standard","5":"has-post-thumbnail","7":"category-television","8":"tag-divertissement","9":"tag-entertainment","10":"tag-fr","11":"tag-france","12":"tag-television","13":"tag-tv"},"share_on_mastodon":{"url":"https:\/\/pubeurope.com\/@fr\/115131451428775241","error":""},"_links":{"self":[{"href":"https:\/\/www.europesays.com\/fr\/wp-json\/wp\/v2\/posts\/359349","targetHints":{"allow":["GET"]}}],"collection":[{"href":"https:\/\/www.europesays.com\/fr\/wp-json\/wp\/v2\/posts"}],"about":[{"href":"https:\/\/www.europesays.com\/fr\/wp-json\/wp\/v2\/types\/post"}],"author":[{"embeddable":true,"href":"https:\/\/www.europesays.com\/fr\/wp-json\/wp\/v2\/users\/2"}],"replies":[{"embeddable":true,"href":"https:\/\/www.europesays.com\/fr\/wp-json\/wp\/v2\/comments?post=359349"}],"version-history":[{"count":0,"href":"https:\/\/www.europesays.com\/fr\/wp-json\/wp\/v2\/posts\/359349\/revisions"}],"wp:featuredmedia":[{"embeddable":true,"href":"https:\/\/www.europesays.com\/fr\/wp-json\/wp\/v2\/media\/359350"}],"wp:attachment":[{"href":"https:\/\/www.europesays.com\/fr\/wp-json\/wp\/v2\/media?parent=359349"}],"wp:term":[{"taxonomy":"category","embeddable":true,"href":"https:\/\/www.europesays.com\/fr\/wp-json\/wp\/v2\/categories?post=359349"},{"taxonomy":"post_tag","embeddable":true,"href":"https:\/\/www.europesays.com\/fr\/wp-json\/wp\/v2\/tags?post=359349"}],"curies":[{"name":"wp","href":"https:\/\/api.w.org\/{rel}","templated":true}]}}