{"id":359361,"date":"2025-09-01T22:46:19","date_gmt":"2025-09-01T22:46:19","guid":{"rendered":"https:\/\/www.europesays.com\/fr\/359361\/"},"modified":"2025-09-01T22:46:19","modified_gmt":"2025-09-01T22:46:19","slug":"un-fossile-alsacien-vieux-de-247-millions-dannees-bouleverse-la-chronologie-de-levolution","status":"publish","type":"post","link":"https:\/\/www.europesays.com\/fr\/359361\/","title":{"rendered":"un fossile alsacien vieux de 247 millions d\u2019ann\u00e9es bouleverse la chronologie de l\u2019\u00e9volution"},"content":{"rendered":"<p>Un fossile oubli\u00e9 depuis <strong>plus de 80 ans<\/strong> refait surface et <strong>r\u00e9\u00e9crit une partie de l\u2019histoire \u00e9volutive<\/strong>. D\u00e9couvert en 1939 par un naturaliste alsacien, ce sp\u00e9cimen vieux de <strong>247 millions d\u2019ann\u00e9es<\/strong> a r\u00e9cemment \u00e9t\u00e9 analys\u00e9 gr\u00e2ce \u00e0 <strong>des technologies de pointe<\/strong>. <\/p>\n<p><img fetchpriority=\"high\" decoding=\"async\" width=\"1024\" height=\"578\" src=\"https:\/\/www.europesays.com\/fr\/wp-content\/uploads\/2025\/09\/fossile-alsacien-vieux-de-247-millions-annee-1024x578.webp.webp\" alt=\"Fossile d\u2019un reptile pr\u00e9historique vieux de 247 millions d\u2019ann\u00e9es d\u00e9couvert en Alsace.\" class=\"wp-image-988766\"  \/>Illustration d\u2019un fossile, dat\u00e9 de 247 millions d\u2019ann\u00e9es, \u00e9tudi\u00e9 par les scientifiques \u2013 DailyGeekShow.com<\/p>\n<p>Les r\u00e9sultats, publi\u00e9s dans Nature, r\u00e9v\u00e8lent une <strong>morphologie in\u00e9dite<\/strong> qui remet en question <strong>la chronologie de l\u2019apparition des structures cutan\u00e9es chez les reptiles<\/strong>.<\/p>\n<p>Lire aussi <a href=\"https:\/\/dailygeekshow.com\/poignard-allemagne\/\" rel=\"nofollow noopener\" target=\"_blank\">Un poignard trouv\u00e9 par hasard en Allemagne raconte une histoire oubli\u00e9e vieille de 3 500 ans<\/a><\/p>\n<p>Un sp\u00e9cimen ancien soigneusement conserv\u00e9 depuis sa d\u00e9couverte<\/p>\n<p>En 1939, <strong>Louis Grauvogel<\/strong>, un naturaliste alsacien, d\u00e9couvre un <a href=\"https:\/\/dailygeekshow.com\/un-fossile-vieux-de-450-millions-dannees-reapparait-lamulette-qui-revele-les-secrets-spirituels-de-lempire-romain-qui-fascine-les-archeologues\/\" rel=\"nofollow noopener\" target=\"_blank\">fossile<\/a> \u00e9trange au c\u0153ur de sa r\u00e9gion natale. Rest\u00e9 dans sa famille pendant plusieurs d\u00e9cennies, le sp\u00e9cimen est transmis \u00e0 sa fille, <strong>L\u00e9a Grauvogel-Stamm<\/strong>, qui le confie en 2019 au <strong>mus\u00e9e national d\u2019histoire naturelle de Stuttgart<\/strong>. <\/p>\n<p><img loading=\"lazy\" decoding=\"async\" width=\"1024\" height=\"578\" src=\"https:\/\/www.europesays.com\/fr\/wp-content\/uploads\/2025\/09\/decouverte-fossile-alsacien-vieux-de-247-millions-annee-1024x578.webp.webp\" alt=\"Fossile d\u2019un reptile vieux de 247 millions d\u2019ann\u00e9es retrouv\u00e9 en Alsace.\" class=\"wp-image-988767\"  \/>Un fossile rare de reptile, dat\u00e9 de 247 millions d\u2019ann\u00e9es, d\u00e9couvert en Alsace et \u00e9tudi\u00e9 par les pal\u00e9ontologues, a attir\u00e9 l\u2019attention des \u00e9quipes du mus\u00e9e de Stuttgart o\u00f9 la collection a \u00e9t\u00e9 transf\u00e9r\u00e9e en 2019 \u2013 Photo DR \u2013 Stephan Spiekman<\/p>\n<p>\u00c0 premi\u00e8re vue ordinaire, le fossile attire l\u2019attention des scientifiques gr\u00e2ce \u00e0 une <strong>structure dorsale in\u00e9dite<\/strong>, semblable \u00e0 une cr\u00eate.<\/p>\n<p>Ce d\u00e9tail va bouleverser notre compr\u00e9hension des premiers reptiles. Les chercheurs confient alors l\u2019\u00e9tude \u00e0 <strong>Stephan Spiekman<\/strong>, <a href=\"https:\/\/dailygeekshow.com\/une-decouverte-archeologique-inedite-letrange-dinosaure-vieux-de-165-millions-dannees-qui-fascine-les-paleontologues-du-monde-entier\/\" rel=\"nofollow noopener\" target=\"_blank\">pal\u00e9ontologue<\/a> sp\u00e9cialiste du Trias, qui identifie une esp\u00e8ce nouvelle : <strong>Mirasaura grauvogeli<\/strong>, surnomm\u00e9e \u00ab\u00a0le reptile merveilleux\u00a0\u00bb.<\/p>\n<p>Lire aussi <a href=\"https:\/\/dailygeekshow.com\/une-decouverte-archeologique-majeure-une-hache-de-300-000-ans-remet-en-question-lusage-des-outils-au-paleolithique\/\" rel=\"nofollow noopener\" target=\"_blank\">Une d\u00e9couverte arch\u00e9ologique majeure : une hache de 300 000 ans remet en question l\u2019usage des outils au Pal\u00e9olithique<\/a><\/p>\n<p>Une morphologie atypique r\u00e9v\u00e9l\u00e9e par les outils d\u2019imagerie modernes<\/p>\n<p>Les chercheurs utilisent le <strong>synchrotron de Grenoble<\/strong>, une technologie de pointe permettant de scanner le fossile en trois dimensions sans l\u2019endommager. <\/p>\n<p><img loading=\"lazy\" decoding=\"async\" width=\"1024\" height=\"578\" src=\"https:\/\/www.europesays.com\/fr\/wp-content\/uploads\/2025\/09\/representation-du-mirasaura-grauvogeli-1024x578.webp.webp\" alt=\"Repr\u00e9sentation du Mirasaura grauvogeli avec sa grande voile dorsale color\u00e9e.\" class=\"wp-image-988768\"  \/>Une illustration de Mirasaura grauvogeli, reptile fossile d\u00e9couvert en Alsace, montrant son impressionnante voile dorsale \u2013 Photo DR \u2013 Rick Stikkelorum<\/p>\n<p>Les r\u00e9sultats montrent un <strong>petit reptile de 30 centim\u00e8tres<\/strong>, avec un <strong>museau effil\u00e9<\/strong>, peu de dents, des <strong>yeux pro\u00e9minents<\/strong> et un <strong>cr\u00e2ne bomb\u00e9<\/strong> proche de celui des oiseaux.<\/p>\n<p>Mais c\u2019est surtout la <strong>cr\u00eate dorsale form\u00e9e d\u2019appendices t\u00e9gumentaires<\/strong> qui fascine les scientifiques. Ces structures contiennent des <strong>m\u00e9lanosomes<\/strong>, comparables \u00e0 ceux pr\u00e9sents dans les plumes modernes. <\/p>\n<p>Lire aussi <a href=\"https:\/\/dailygeekshow.com\/dinosaure-blinde-armure\/\" rel=\"nofollow noopener\" target=\"_blank\">Forteresse vivante : voici le vert\u00e9br\u00e9 le plus lourdement blind\u00e9 \u00e0 avoir jamais foul\u00e9 la Terre<\/a><\/p>\n<p>Cette d\u00e9couverte bouleverse notre conception des origines des plumes, sugg\u00e9rant qu\u2019elles auraient pu appara\u00eetre <strong>bien plus t\u00f4t<\/strong> et <strong>dans plusieurs lign\u00e9es diff\u00e9rentes<\/strong>.<\/p>\n<p>Une \u00e9volution des structures cutan\u00e9es bien plus ancienne que pr\u00e9vu<\/p>\n<p>L\u2019\u00e9tude r\u00e9v\u00e8le que <strong>Mirasaura grauvogeli<\/strong> n\u2019est <strong>pas un anc\u00eatre direct des oiseaux ou des dinosaures<\/strong>, mais appartient au groupe \u00e9teint des <strong>Drepanosauromorpha<\/strong>. <\/p>\n<p>Cela implique que des structures similaires aux <a href=\"https:\/\/dailygeekshow.com\/archeopteryx-le-celebre-dinosaure-a-plumes-ne-volait-pas-mieux-quun-poulet-domestique\/\" rel=\"nofollow noopener\" target=\"_blank\">plumes<\/a> ont pu \u00e9voluer <strong>ind\u00e9pendamment<\/strong> dans plusieurs groupes, bien avant l\u2019essor des dinosaures \u00e0 plumes.<\/p>\n<p>Lire aussi <a href=\"https:\/\/dailygeekshow.com\/cite-engloutie-canope-egypte\/\" rel=\"nofollow noopener\" target=\"_blank\">Les vestiges d\u2019une cit\u00e9 antique perdue d\u00e9couverts au large d\u2019Alexandrie<\/a><\/p>\n<p>Cette hypoth\u00e8se remet en cause la th\u00e9orie dominante selon laquelle les plumes seraient apparues uniquement dans la lign\u00e9e des th\u00e9ropodes. Selon le Dr Spiekman, cette d\u00e9couverte <strong>\u00ab \u00e9claire d\u2019un jour nouveau l\u2019\u00e9volution des structures cutan\u00e9es complexes chez les reptiles \u00bb<\/strong>.<\/p>\n<p>Un fossile oubli\u00e9 qui enrichit notre vision de l\u2019\u00e9volution<\/p>\n<p>Ce fossile exceptionnel, longtemps n\u00e9glig\u00e9, prouve qu\u2019il reste encore <strong>des <a href=\"https:\/\/dailygeekshow.com\/ce-que-les-eaux-ont-garde-secret-pendant-2-000-ans-des-archeologues-decouvrent-des-tresors-cachees-en-egypte-au-large-dalexandrie\/\" rel=\"nofollow noopener\" target=\"_blank\">tr\u00e9sors scientifiques<\/a> \u00e0 d\u00e9couvrir dans les collections anciennes<\/strong>. Il rappelle l\u2019importance de pr\u00e9server et de r\u00e9examiner les sp\u00e9cimens anciens \u00e0 la lumi\u00e8re des nouvelles technologies.<\/p>\n<p>Gr\u00e2ce \u00e0 la <strong>conservation interg\u00e9n\u00e9rationnelle<\/strong>, aux <strong>technologies d\u2019imagerie avanc\u00e9es<\/strong> et \u00e0 la <strong>patience des chercheurs<\/strong>, cette d\u00e9couverte marque une <strong>avanc\u00e9e majeure<\/strong> dans la compr\u00e9hension de l\u2019\u00e9volution des vert\u00e9br\u00e9s. Un exemple remarquable du potentiel cach\u00e9 dans les archives du pass\u00e9.<\/p>\n<p>Lire aussi <a href=\"https:\/\/dailygeekshow.com\/une-decouverte-archeologique-exceptionnelle-une-hache-vieille-de-3-000-ans-forgee-dans-un-metal-venu-de-lespace-intrigue-les-chercheurs-en-indonesie\/\" rel=\"nofollow noopener\" target=\"_blank\">Une d\u00e9couverte arch\u00e9ologique exceptionnelle : une hache vieille de 3 000 ans, forg\u00e9e dans un m\u00e9tal venu de l\u2019espace intrigue les chercheurs en Indon\u00e9sie<\/a><\/p>\n","protected":false},"excerpt":{"rendered":"Un fossile oubli\u00e9 depuis plus de 80 ans refait surface et r\u00e9\u00e9crit une partie de l\u2019histoire \u00e9volutive. D\u00e9couvert&hellip;\n","protected":false},"author":2,"featured_media":359362,"comment_status":"","ping_status":"","sticky":false,"template":"","format":"standard","meta":{"footnotes":""},"categories":[7],"tags":[1011,27,43,40,41,39,42,44],"class_list":{"0":"post-359361","1":"post","2":"type-post","3":"status-publish","4":"format-standard","5":"has-post-thumbnail","7":"category-sciences-et-technologies","8":"tag-fr","9":"tag-france","10":"tag-science","11":"tag-science-and-technology","12":"tag-sciences","13":"tag-sciences-et-technologies","14":"tag-technologies","15":"tag-technology"},"share_on_mastodon":{"url":"https:\/\/pubeurope.com\/@fr\/115131474912003828","error":""},"_links":{"self":[{"href":"https:\/\/www.europesays.com\/fr\/wp-json\/wp\/v2\/posts\/359361","targetHints":{"allow":["GET"]}}],"collection":[{"href":"https:\/\/www.europesays.com\/fr\/wp-json\/wp\/v2\/posts"}],"about":[{"href":"https:\/\/www.europesays.com\/fr\/wp-json\/wp\/v2\/types\/post"}],"author":[{"embeddable":true,"href":"https:\/\/www.europesays.com\/fr\/wp-json\/wp\/v2\/users\/2"}],"replies":[{"embeddable":true,"href":"https:\/\/www.europesays.com\/fr\/wp-json\/wp\/v2\/comments?post=359361"}],"version-history":[{"count":0,"href":"https:\/\/www.europesays.com\/fr\/wp-json\/wp\/v2\/posts\/359361\/revisions"}],"wp:featuredmedia":[{"embeddable":true,"href":"https:\/\/www.europesays.com\/fr\/wp-json\/wp\/v2\/media\/359362"}],"wp:attachment":[{"href":"https:\/\/www.europesays.com\/fr\/wp-json\/wp\/v2\/media?parent=359361"}],"wp:term":[{"taxonomy":"category","embeddable":true,"href":"https:\/\/www.europesays.com\/fr\/wp-json\/wp\/v2\/categories?post=359361"},{"taxonomy":"post_tag","embeddable":true,"href":"https:\/\/www.europesays.com\/fr\/wp-json\/wp\/v2\/tags?post=359361"}],"curies":[{"name":"wp","href":"https:\/\/api.w.org\/{rel}","templated":true}]}}