{"id":359365,"date":"2025-09-01T22:48:09","date_gmt":"2025-09-01T22:48:09","guid":{"rendered":"https:\/\/www.europesays.com\/fr\/359365\/"},"modified":"2025-09-01T22:48:09","modified_gmt":"2025-09-01T22:48:09","slug":"tue-pour-une-farce-un-enfant-de-11-ans-qui-samusait-a-sonner-aux-portes-est-abattu-par-le-tir-dun-proprietaire-centre-presse-aveyron","status":"publish","type":"post","link":"https:\/\/www.europesays.com\/fr\/359365\/","title":{"rendered":"Tu\u00e9 pour une farce : un enfant de 11 ans qui s&#039;amusait \u00e0 sonner aux portes est abattu par le tir d\u2019un propri\u00e9taire &#8211; Centre Presse Aveyron"},"content":{"rendered":"<ol>\n<li><a href=\"https:\/\/news.google.com\/rss\/articles\/CBMi_gFBVV95cUxOM3ByOTdaX2tsOW5mUHBNY1k0UDkteTlOcHpOVGRpd09renB6dlh4Mi05VC1nNDdKN3ZrYklWcl9BMEEtRk5Od2I1VmhwWVZTazlmTFVRcm9fby1jeVBHR3Y3cURxamFJbjA4V01wb3JxYUE0WFdKSk1iMDE2aHZTVENuaTNXTHZCWGIyQ1BPbnBjR2hyYTM2dXNPd3ZCMHFBdU93Q0FTMVFOZ045cVJZbjJteENmTkl4Zml5M1J0M0VyQ3V3SDFQYXRNLVhNcUxvaG9IcFVDbnk4OEtzLUJuVFRiYW5GdzdralpnNm9Xb3dwTmhHUmlJd0RISFhGUQ?oc=5\" target=\"_blank\" rel=\"nofollow noopener\">Tu\u00e9 pour une farce : un enfant de 11 ans qui s&rsquo;amusait \u00e0 sonner aux portes est abattu par le tir d\u2019un propri\u00e9taire<\/a>&nbsp;&nbsp;Centre Presse Aveyron<\/li>\n<li><a href=\"https:\/\/news.google.com\/rss\/articles\/CBMiygFBVV95cUxPOVJfTFhwZ1JEeXNHNnF3cW9LN0xSQ2NSZXFPb0Zsb0s0V0xBekxjSE1WQkJfTHFYWGVhUllLeFpnaDB3eDBacVA5dC1jUldjWWNLNzk1V184enhMclBQWURXT2dJSGt4NGJGQkNoSWpub0lnWk1jZW5EdEJxeVlxd19HakpxbHpWS01aOC0tMWNLS0xSR21XcXF3d19KWlNXS1gwTDhreHprNzJmVkJYblFQbkdNNzhBYklNYl9oejJGc01UajAtQXRB?oc=5\" target=\"_blank\" rel=\"nofollow noopener\">Un enfant texan meurt apr\u00e8s avoir \u00e9t\u00e9 abattu en jouant au \u00ab ding dong ditch \u00bb<\/a>&nbsp;&nbsp;20 Minutes<\/li>\n<li><a href=\"https:\/\/news.google.com\/rss\/articles\/CBMiugFBVV95cUxNd3JSSndyQW9OcHRfUUd3WEtMR1NaQUVGdFVQLXZsOGYxZ1V3eW5wZXRsaVFrSnR5c0FYQVg3cGJiaXl0NktvSmV0SGhRWldJaHdDYURYbjdJTVpXTERLOVl3WTlnMldMR1JOVGNsLTI5dFRLaXVGTXhCZEhJY3ItbzJxTVV1MU03Uk5RZXlLSGIzWWpjYy0zS0pienQ1X3BJXy1OdjFoNUNpV2NIbWJ1Slp0X1NRQlhKQWc?oc=5\" target=\"_blank\" rel=\"nofollow noopener\">\u00c9tats-Unis. Il s&rsquo;amusait \u00e0 sonner aux portes : un gar\u00e7on de 11 ans abattu<\/a>&nbsp;&nbsp;Le Dauphin\u00e9 Lib\u00e9r\u00e9<\/li>\n<li><a href=\"https:\/\/news.google.com\/rss\/articles\/CBMi9AFBVV95cUxNS3dZYnRWWkhrcHFuc0VmYWtoSFRNTWdmZElEWURlSjJrSm1JY2NqV012cmdwNU9mMGJEUV82c09CbENOWjNIeFNRYmRtLTIyWFhZV2ZiVDk4ZlpGQjM5YWt4MUp0Z0x5NEhRTk9YT1hnWU1zZWowbV9oQUpuUUliQjlMUVhJcXYwXzB0YmdGeDZBR250S3hqcWwybHpNWWE2bEhmMjA4M2ZHUGRmaUNENDNidlVNQ08zWm0yWm5aRDFmdlhVN2tSQW9KeGU4RWdVeGF1eFQ1UFFjTmo1RXFqcHR5SFRRZTFGVUs0M0l4c1g4V2RC?oc=5\" target=\"_blank\" rel=\"nofollow noopener\">Un gar\u00e7on de 11 ans tu\u00e9 par balles apr\u00e8s un d\u00e9fi TikTok qui a mal tourn\u00e9 au Texas<\/a>&nbsp;&nbsp;Le Parisien<\/li>\n<li><a href=\"https:\/\/news.google.com\/rss\/articles\/CBMimgJBVV95cUxNd0N6SFlHNC1Ib1BPNlVDMEN6NWlEQUtLTldvamFycXpkR1l5aTJGdW54MHlBOUcyODRGbHozQTBJRTZKRVl4OGFwQ01Jc1J2MnhUeWVTdk5rWTNHYngyVHRtNlNfaEtvRGhvQUd4b24wX3Q3SE1MeWlBQkpsVUdrY3M2UzkxM19TaU1TczNkNF9uMGt5UktfZnVWZEFhTkNSRDVPSXpGaDNhTWdhQUxaSTRDdTNfRUhWRnBlZjdTakpfMkJscFBHd1dnakJrZXo2aTl6bnctc1ZfSG05YlZqZGQ2VndGS1NrbnprX1VPZkpWLTJ0Sm9kYVUzdXEzc2ZxSjNzNUZCcWpRYXV0dXA0OGJVQW85YVpLREE?oc=5\" target=\"_blank\" rel=\"nofollow noopener\">\u00ab\u00a0Quelqu\u2019un a tir\u00e9 des coups de feu\u00a0\u00bb : le d\u00e9fi TikTok tourne au drame, un enfant de 10 ans tu\u00e9 par balle apr\u00e8s avoir frapp\u00e9 \u00e0 la porte d\u2019un voisin<\/a>&nbsp;&nbsp;L&rsquo;Ind\u00e9pendant<\/li>\n<\/ol>\n","protected":false},"excerpt":{"rendered":"Tu\u00e9 pour une farce : un enfant de 11 ans qui s&rsquo;amusait \u00e0 sonner aux portes est abattu&hellip;\n","protected":false},"author":2,"featured_media":1445,"comment_status":"","ping_status":"","sticky":false,"template":"","format":"standard","meta":{"footnotes":""},"categories":[5],"tags":[11,1011,27,14,12,28],"class_list":{"0":"post-359365","1":"post","2":"type-post","3":"status-publish","4":"format-standard","5":"has-post-thumbnail","7":"category-international","8":"tag-actualites","9":"tag-fr","10":"tag-france","11":"tag-international","12":"tag-news","13":"tag-world"},"share_on_mastodon":{"url":"https:\/\/pubeurope.com\/@fr\/115131482358477404","error":""},"_links":{"self":[{"href":"https:\/\/www.europesays.com\/fr\/wp-json\/wp\/v2\/posts\/359365","targetHints":{"allow":["GET"]}}],"collection":[{"href":"https:\/\/www.europesays.com\/fr\/wp-json\/wp\/v2\/posts"}],"about":[{"href":"https:\/\/www.europesays.com\/fr\/wp-json\/wp\/v2\/types\/post"}],"author":[{"embeddable":true,"href":"https:\/\/www.europesays.com\/fr\/wp-json\/wp\/v2\/users\/2"}],"replies":[{"embeddable":true,"href":"https:\/\/www.europesays.com\/fr\/wp-json\/wp\/v2\/comments?post=359365"}],"version-history":[{"count":0,"href":"https:\/\/www.europesays.com\/fr\/wp-json\/wp\/v2\/posts\/359365\/revisions"}],"wp:featuredmedia":[{"embeddable":true,"href":"https:\/\/www.europesays.com\/fr\/wp-json\/wp\/v2\/media\/1445"}],"wp:attachment":[{"href":"https:\/\/www.europesays.com\/fr\/wp-json\/wp\/v2\/media?parent=359365"}],"wp:term":[{"taxonomy":"category","embeddable":true,"href":"https:\/\/www.europesays.com\/fr\/wp-json\/wp\/v2\/categories?post=359365"},{"taxonomy":"post_tag","embeddable":true,"href":"https:\/\/www.europesays.com\/fr\/wp-json\/wp\/v2\/tags?post=359365"}],"curies":[{"name":"wp","href":"https:\/\/api.w.org\/{rel}","templated":true}]}}