{"id":359379,"date":"2025-09-01T22:57:19","date_gmt":"2025-09-01T22:57:19","guid":{"rendered":"https:\/\/www.europesays.com\/fr\/359379\/"},"modified":"2025-09-01T22:57:19","modified_gmt":"2025-09-01T22:57:19","slug":"une-premiere-dans-la-metropole-de-montpellier-une-classe-a-horaires-amenages-danse-voit-le-jour-a-la-mosson","status":"publish","type":"post","link":"https:\/\/www.europesays.com\/fr\/359379\/","title":{"rendered":"\u00ab\u00a0Une premi\u00e8re dans la m\u00e9tropole de Montpellier\u00a0\u00bb\u00a0: une classe \u00e0 horaires am\u00e9nag\u00e9s danse voit le jour \u00e0 la Mosson"},"content":{"rendered":"<p>\n                                                                Elle accueillera douze \u00e9l\u00e8ves \u00e0 l\u2019\u00e9cole Heidelberg, \u00e0 partir du 15\u00a0septembre, en lien avec la compagnie Didier Th\u00e9ron.\n                            <\/p>\n<p>Suivre une formation artistique sur le temps scolaire. C\u2019est le principe des quatre classes \u00e0 horaires am\u00e9nag\u00e9s musique (Cham), qui ont vu le jour \u00e0 Montpellier.<\/p>\n<p>Ce lundi 1er\u00a0septembre, c\u2019est une classe \u00e0 horaires am\u00e9nag\u00e9s danse (Chad) qui a \u00e9t\u00e9 cr\u00e9\u00e9e \u00e0 l\u2019\u00e9cole Heidelberg de la Mosson. Une premi\u00e8re dans la M\u00e9tropole\u00a0!<\/p>\n<p>Concertation avec la Cit\u00e9 des Arts<\/p>\n<p>C\u2019est le fruit d\u2019une r\u00e9flexion de trois ans, avec la Ville et l\u2019Acad\u00e9mie. Ouvert \u00e0 partir du niveau CE2, il accueillera douze \u00e9l\u00e8ves \u00e0 partir du 15\u00a0septembre.<\/p>\n<p>Ce projet fait l\u2019objet d\u2019une \u00e9troite concertation entre les enseignants de l\u2019\u00e9cole et ceux de la Cit\u00e9 des Arts. Ces derniers d\u00e9l\u00e8guent la formation et le recrutement des \u00e9quipes au p\u00f4le de d\u00e9veloppement chor\u00e9graphique Bernard Glandier, o\u00f9 \u0153uvre la compagnie Didier Th\u00e9ron, au c\u0153ur de la Mosson.<\/p>\n<p>\u00ab\u00a0Danser pour prendre confiance en soi\u00a0\u00bb<\/p>\n<p>\u00ab\u00a0On s\u2019est dit que danser, se mouvoir, se d\u00e9placer, sans forc\u00e9ment devenir expert, permettrait \u00e0 des enfants de prendre confiance pour r\u00e9citer une po\u00e9sie, prendre la parole ou s\u2019exprimer, tout simplement\u00a0\u00bb, a rappel\u00e9 le directeur de l\u2019\u00e9cole Philippe Barbera.<\/p>\n<p>Et d\u2019ajouter\u00a0: \u00ab\u00a0les professeurs du conservatoire qui sont venus faire l\u2019audition ont \u00e9t\u00e9 surpris par l\u2019\u00e9nergie de ces enfants.\u00a0\u00bb Prometteur\u00a0!<\/p>\n","protected":false},"excerpt":{"rendered":"Elle accueillera douze \u00e9l\u00e8ves \u00e0 l\u2019\u00e9cole Heidelberg, \u00e0 partir du 15\u00a0septembre, en lien avec la compagnie Didier Th\u00e9ron.&hellip;\n","protected":false},"author":2,"featured_media":359380,"comment_status":"","ping_status":"","sticky":false,"template":"","format":"standard","meta":{"footnotes":""},"categories":[9599],"tags":[1111,11,1777,674,1011,27,2208,12,2680,25],"class_list":{"0":"post-359379","1":"post","2":"type-post","3":"status-publish","4":"format-standard","5":"has-post-thumbnail","7":"category-montpellier","8":"tag-actu","9":"tag-actualites","10":"tag-eu","11":"tag-europe","12":"tag-fr","13":"tag-france","14":"tag-montpellier","15":"tag-news","16":"tag-occitanie","17":"tag-republique-francaise"},"share_on_mastodon":{"url":"https:\/\/pubeurope.com\/@fr\/115131517844370225","error":""},"_links":{"self":[{"href":"https:\/\/www.europesays.com\/fr\/wp-json\/wp\/v2\/posts\/359379","targetHints":{"allow":["GET"]}}],"collection":[{"href":"https:\/\/www.europesays.com\/fr\/wp-json\/wp\/v2\/posts"}],"about":[{"href":"https:\/\/www.europesays.com\/fr\/wp-json\/wp\/v2\/types\/post"}],"author":[{"embeddable":true,"href":"https:\/\/www.europesays.com\/fr\/wp-json\/wp\/v2\/users\/2"}],"replies":[{"embeddable":true,"href":"https:\/\/www.europesays.com\/fr\/wp-json\/wp\/v2\/comments?post=359379"}],"version-history":[{"count":0,"href":"https:\/\/www.europesays.com\/fr\/wp-json\/wp\/v2\/posts\/359379\/revisions"}],"wp:featuredmedia":[{"embeddable":true,"href":"https:\/\/www.europesays.com\/fr\/wp-json\/wp\/v2\/media\/359380"}],"wp:attachment":[{"href":"https:\/\/www.europesays.com\/fr\/wp-json\/wp\/v2\/media?parent=359379"}],"wp:term":[{"taxonomy":"category","embeddable":true,"href":"https:\/\/www.europesays.com\/fr\/wp-json\/wp\/v2\/categories?post=359379"},{"taxonomy":"post_tag","embeddable":true,"href":"https:\/\/www.europesays.com\/fr\/wp-json\/wp\/v2\/tags?post=359379"}],"curies":[{"name":"wp","href":"https:\/\/api.w.org\/{rel}","templated":true}]}}