{"id":359383,"date":"2025-09-01T23:02:16","date_gmt":"2025-09-01T23:02:16","guid":{"rendered":"https:\/\/www.europesays.com\/fr\/359383\/"},"modified":"2025-09-01T23:02:16","modified_gmt":"2025-09-01T23:02:16","slug":"hate-de-montrer-ce-que-je-sais-faire-le-skipper-dieppois-yvon-larnicole-prend-le-depart-de-la-solitaire-du-figaro","status":"publish","type":"post","link":"https:\/\/www.europesays.com\/fr\/359383\/","title":{"rendered":"\u00ab\u00a0H\u00e2te de montrer ce que je sais faire\u00a0\u00bb : le skipper dieppois Yvon Larnicole prend le d\u00e9part de la Solitaire du Figaro"},"content":{"rendered":"<p>Bienvenue au Club est ce lundi soir en direct du village d\u00e9part de la Solitaire du Figaro, \u00e0 Rouen. A quelques jours du grand d\u00e9part, le skipper dieppois Yvon Larnicole r\u00e9pond \u00e0 nos questions.<\/p>\n<p>Bienvenue au club est de retour\u00a0! L&rsquo;\u00e9mission sport d&rsquo;ICI Normandie, sur tous les terrains normands, chaque lundi.<\/p>\n<p>Pour cette reprise, nos studios sont sur les quais de Rouen, sur la terrasse de la radio, devant les bateaux de la course. Yvon Larnicol, 26 ans, skipper dieppois, est notre invit\u00e9, pour parler de sa pr\u00e9paration, de sa h\u00e2te d&rsquo;entamer cette course mythique. Il \u00e9voque avec nous son enfance, pr\u00e8s de Quiberville, o\u00f9 il a tir\u00e9 ses premiers bords, son d\u00e9but de saison dans le Championnat de France de course au large, mais aussi sa gestion de la fatigue inh\u00e9rente \u00e0 cette course.<\/p>\n<p>On reste dans la Solitaire avec notre \u00ab\u00a0p\u00e9pite\u00a0\u00bb, une nouveaut\u00e9 de cette saison dans l&rsquo;\u00e9mission. Ce lundi, c&rsquo;est Thomas Guenneguez, tr\u00e9sorier du Yacht Club de Rouen 76, qui nous parle de son club et des bapt\u00eames de go\u00e9lette, propos\u00e9s cette semaine pr\u00e8s du Village.<\/p>\n<p>En d\u00e9but d&rsquo;\u00e9mission, retour avec Fran\u00e7ois Manoury sur la tr\u00e8s belle victoire du HAC, contre Nice, ce dimanche. Un succ\u00e8s qui vient valider le d\u00e9but de saison r\u00e9ussi du club havrais, malgr\u00e9 les deux d\u00e9faites inaugurales.<\/p>\n","protected":false},"excerpt":{"rendered":"Bienvenue au Club est ce lundi soir en direct du village d\u00e9part de la Solitaire du Figaro, \u00e0&hellip;\n","protected":false},"author":2,"featured_media":359384,"comment_status":"","ping_status":"","sticky":false,"template":"","format":"standard","meta":{"footnotes":""},"categories":[9587],"tags":[1111,11,1777,674,1011,27,12,5161,25,9590],"class_list":{"0":"post-359383","1":"post","2":"type-post","3":"status-publish","4":"format-standard","5":"has-post-thumbnail","7":"category-rouen","8":"tag-actu","9":"tag-actualites","10":"tag-eu","11":"tag-europe","12":"tag-fr","13":"tag-france","14":"tag-news","15":"tag-normandie","16":"tag-republique-francaise","17":"tag-rouen"},"share_on_mastodon":{"url":"https:\/\/pubeurope.com\/@fr\/115131537360040765","error":""},"_links":{"self":[{"href":"https:\/\/www.europesays.com\/fr\/wp-json\/wp\/v2\/posts\/359383","targetHints":{"allow":["GET"]}}],"collection":[{"href":"https:\/\/www.europesays.com\/fr\/wp-json\/wp\/v2\/posts"}],"about":[{"href":"https:\/\/www.europesays.com\/fr\/wp-json\/wp\/v2\/types\/post"}],"author":[{"embeddable":true,"href":"https:\/\/www.europesays.com\/fr\/wp-json\/wp\/v2\/users\/2"}],"replies":[{"embeddable":true,"href":"https:\/\/www.europesays.com\/fr\/wp-json\/wp\/v2\/comments?post=359383"}],"version-history":[{"count":0,"href":"https:\/\/www.europesays.com\/fr\/wp-json\/wp\/v2\/posts\/359383\/revisions"}],"wp:featuredmedia":[{"embeddable":true,"href":"https:\/\/www.europesays.com\/fr\/wp-json\/wp\/v2\/media\/359384"}],"wp:attachment":[{"href":"https:\/\/www.europesays.com\/fr\/wp-json\/wp\/v2\/media?parent=359383"}],"wp:term":[{"taxonomy":"category","embeddable":true,"href":"https:\/\/www.europesays.com\/fr\/wp-json\/wp\/v2\/categories?post=359383"},{"taxonomy":"post_tag","embeddable":true,"href":"https:\/\/www.europesays.com\/fr\/wp-json\/wp\/v2\/tags?post=359383"}],"curies":[{"name":"wp","href":"https:\/\/api.w.org\/{rel}","templated":true}]}}