{"id":359389,"date":"2025-09-01T23:09:12","date_gmt":"2025-09-01T23:09:12","guid":{"rendered":"https:\/\/www.europesays.com\/fr\/359389\/"},"modified":"2025-09-01T23:09:12","modified_gmt":"2025-09-01T23:09:12","slug":"previsions-du-mardi-2-septembre-2025","status":"publish","type":"post","link":"https:\/\/www.europesays.com\/fr\/359389\/","title":{"rendered":"pr\u00e9visions du mardi 2 septembre 2025"},"content":{"rendered":"<p>Aujourd&rsquo;hui, \u00e0 Strasbourg, des nuages ne voudront pas faire place au soleil. On anticipe des valeurs d&rsquo;environ 18\u00b0C. Les nuages \u00e0 pr\u00e9voir le matin, et un ciel encore gris. Des pluies \u00e9parses vont tomber. Une brise de sud soufflera doucement. Le temps devrait s&rsquo;am\u00e9liorer pendant l&rsquo;apr\u00e8s-midi. Une m\u00e9t\u00e9o plus chaude est attendue puisque le mercure va enregistrer une l\u00e9g\u00e8re hausse. Les temp\u00e9ratures afficheront entre 20 et 22\u00b0C. Pendant votre sommeil, dans la nuit de mardi \u00e0 mercredi, le ciel sera pluvieux.<\/p>\n<p>Demain, c&rsquo;est une hausse de quelques degr\u00e9s que vont conna\u00eetre les temp\u00e9ratures dans la ville de Strasbourg. Il fera en moyenne 20\u00b0C. Un vent de sud-ouest rafra\u00eechira sensiblement l&rsquo;atmosph\u00e8re. Le matin, encore de petits nuages dans le ciel qui emp\u00eachent le soleil de faire son apparition. Demain apr\u00e8s-midi, les Strasbourgeois vont pouvoir b\u00e9n\u00e9ficier d&rsquo;un soleil magnifique. La m\u00e9t\u00e9o va se r\u00e9chauffer avec une augmentation de plusieurs degr\u00e9s. Les valeurs s&rsquo;\u00e9chelonneront de 23 \u00e0 25\u00b0C.<\/p>\n<p>La m\u00e9t\u00e9o sera assez instable pour les jours \u00e0 venir. Les conditions m\u00e9t\u00e9orologiques seront pluvieuses jeudi mais elles conna\u00eetront une am\u00e9lioration vendredi.<\/p>\n<p><\/p>\n","protected":false},"excerpt":{"rendered":"Aujourd&rsquo;hui, \u00e0 Strasbourg, des nuages ne voudront pas faire place au soleil. On anticipe des valeurs d&rsquo;environ 18\u00b0C.&hellip;\n","protected":false},"author":2,"featured_media":359390,"comment_status":"","ping_status":"","sticky":false,"template":"","format":"standard","meta":{"footnotes":""},"categories":[2820],"tags":[1111,11,2389,2649,1777,674,1011,27,775,12,2119,25,640],"class_list":{"0":"post-359389","1":"post","2":"type-post","3":"status-publish","4":"format-standard","5":"has-post-thumbnail","7":"category-strasbourg","8":"tag-actu","9":"tag-actualites","10":"tag-alsace","11":"tag-bas-rhin","12":"tag-eu","13":"tag-europe","14":"tag-fr","15":"tag-france","16":"tag-grand-est","17":"tag-news","18":"tag-previsions-meteo","19":"tag-republique-francaise","20":"tag-strasbourg"},"share_on_mastodon":{"url":"https:\/\/pubeurope.com\/@fr\/115131564922432051","error":""},"_links":{"self":[{"href":"https:\/\/www.europesays.com\/fr\/wp-json\/wp\/v2\/posts\/359389","targetHints":{"allow":["GET"]}}],"collection":[{"href":"https:\/\/www.europesays.com\/fr\/wp-json\/wp\/v2\/posts"}],"about":[{"href":"https:\/\/www.europesays.com\/fr\/wp-json\/wp\/v2\/types\/post"}],"author":[{"embeddable":true,"href":"https:\/\/www.europesays.com\/fr\/wp-json\/wp\/v2\/users\/2"}],"replies":[{"embeddable":true,"href":"https:\/\/www.europesays.com\/fr\/wp-json\/wp\/v2\/comments?post=359389"}],"version-history":[{"count":0,"href":"https:\/\/www.europesays.com\/fr\/wp-json\/wp\/v2\/posts\/359389\/revisions"}],"wp:featuredmedia":[{"embeddable":true,"href":"https:\/\/www.europesays.com\/fr\/wp-json\/wp\/v2\/media\/359390"}],"wp:attachment":[{"href":"https:\/\/www.europesays.com\/fr\/wp-json\/wp\/v2\/media?parent=359389"}],"wp:term":[{"taxonomy":"category","embeddable":true,"href":"https:\/\/www.europesays.com\/fr\/wp-json\/wp\/v2\/categories?post=359389"},{"taxonomy":"post_tag","embeddable":true,"href":"https:\/\/www.europesays.com\/fr\/wp-json\/wp\/v2\/tags?post=359389"}],"curies":[{"name":"wp","href":"https:\/\/api.w.org\/{rel}","templated":true}]}}