{"id":359391,"date":"2025-09-01T23:10:16","date_gmt":"2025-09-01T23:10:16","guid":{"rendered":"https:\/\/www.europesays.com\/fr\/359391\/"},"modified":"2025-09-01T23:10:16","modified_gmt":"2025-09-01T23:10:16","slug":"cerise-sur-le-gateau-ben-chilwell-sengage-avec-strasbourg-france-rc-strasbourg","status":"publish","type":"post","link":"https:\/\/www.europesays.com\/fr\/359391\/","title":{"rendered":"Cerise sur le g\u00e2teau, Ben Chilwell s&rsquo;engage avec Strasbourg &#8211; France &#8211; RC Strasbourg"},"content":{"rendered":"<p>La surprise du chef.<\/p>\n<p><a target=\"_blank\" href=\"https:\/\/www.sofoot.com\/breves\/mercato-ligue-1-strasbourg-a-recrute-plus-dune-equipe-cet-ete\" rel=\"noopener nofollow\">Apr\u00e8s 17 recrues estivales<\/a>, on \u00e9tait en droit de penser que Strasbourg avait boucl\u00e9 son mercato. Que nenni ! Les Alsaciens ont profit\u00e9 une derni\u00e8re fois \u2013 pour le moment \u2013 de la multipropri\u00e9t\u00e9 BlueCo et des liens direct avec Chelsea <strong>pour attirer Ben Chilwell dans leurs rangs<\/strong>.<\/p>\n<p>L\u2019international anglais de 28 ans est une sacr\u00e9e pioche pour le RCSA, qui manquait jusque-l\u00e0 d\u2019un peu d\u2019exp\u00e9rience au sein de son effectif tr\u00e8s talentueux. Le lat\u00e9ral gauche a notamment <strong>remport\u00e9 la Ligue des champions 2021<\/strong> avec les Blues et <a target=\"_blank\" href=\"https:\/\/www.sofoot.com\/articles\/crystal-palace-savoure-le-premier-trophee-de-son-histoire-apres-sa-victoire-en-finale-de-coupe-dangleterre-contre-manchester-city\" rel=\"noopener nofollow\">la FA Cup avec Crystal Palace<\/a>, o\u00f9 il \u00e9tait pr\u00eat\u00e9, la saison derni\u00e8re.<\/p>\n<p>Il quitte son pays natal pour la premi\u00e8re fois de sa carri\u00e8re et <strong>s\u2019engage jusqu\u2019en 2027 avec le Racing<\/strong>. Strasbourg a bien appris la le\u00e7on li\u00e9e \u00e0 l\u2019usure durant l\u2019int\u00e9gralit\u00e9 d\u2019une saison car, cette fois, les postes sont tripl\u00e9s !<\/p>\n<p>Face \u00e0 Marseille, Ben Chilwell va retrouver son concurrent \u00e0 Chelsea, <a target=\"_blank\" href=\"https:\/\/www.sofoot.com\/breves\/mercato-ligue-1-lom-officialise-larrivee-demerson-palmieri-west-ham\" rel=\"noopener nofollow\">Emerson Palmieri<\/a>. Et encore le mettre au supplice ?<\/p>\n<p>\t\t\t\t\t\t\t\t\t\t<a class=\"lien-connexe\" href=\"https:\/\/www.sofoot.com\/articles\/blueco-a-strasbourg-essayer-la-multipropriete-ce-nest-pas-encore-ladopter\" rel=\"nofollow noopener\" target=\"_blank\">BlueCo \u00e0 Strasbourg\u202f: essayer la multipropri\u00e9t\u00e9, ce n&rsquo;est pas encore l&rsquo;adopter<\/a>\t\t\t\t\t<\/p>\n","protected":false},"excerpt":{"rendered":"La surprise du chef. Apr\u00e8s 17 recrues estivales, on \u00e9tait en droit de penser que Strasbourg avait boucl\u00e9&hellip;\n","protected":false},"author":2,"featured_media":359392,"comment_status":"","ping_status":"","sticky":false,"template":"","format":"standard","meta":{"footnotes":""},"categories":[2820],"tags":[1111,47,11,61,69,65,64,1777,674,63,1011,27,775,68,66,12,62,70,25,67,640],"class_list":{"0":"post-359391","1":"post","2":"type-post","3":"status-publish","4":"format-standard","5":"has-post-thumbnail","7":"category-strasbourg","8":"tag-actu","9":"tag-actualite","10":"tag-actualites","11":"tag-actus-football","12":"tag-bundesliga","13":"tag-championnats-europeens","14":"tag-equipe-de-france","15":"tag-eu","16":"tag-europe","17":"tag-football","18":"tag-fr","19":"tag-france","20":"tag-grand-est","21":"tag-ligua","22":"tag-ligue-1","23":"tag-news","24":"tag-news-foot","25":"tag-premier-league","26":"tag-republique-francaise","27":"tag-serie-a","28":"tag-strasbourg"},"share_on_mastodon":{"url":"https:\/\/pubeurope.com\/@fr\/115131568767599602","error":""},"_links":{"self":[{"href":"https:\/\/www.europesays.com\/fr\/wp-json\/wp\/v2\/posts\/359391","targetHints":{"allow":["GET"]}}],"collection":[{"href":"https:\/\/www.europesays.com\/fr\/wp-json\/wp\/v2\/posts"}],"about":[{"href":"https:\/\/www.europesays.com\/fr\/wp-json\/wp\/v2\/types\/post"}],"author":[{"embeddable":true,"href":"https:\/\/www.europesays.com\/fr\/wp-json\/wp\/v2\/users\/2"}],"replies":[{"embeddable":true,"href":"https:\/\/www.europesays.com\/fr\/wp-json\/wp\/v2\/comments?post=359391"}],"version-history":[{"count":0,"href":"https:\/\/www.europesays.com\/fr\/wp-json\/wp\/v2\/posts\/359391\/revisions"}],"wp:featuredmedia":[{"embeddable":true,"href":"https:\/\/www.europesays.com\/fr\/wp-json\/wp\/v2\/media\/359392"}],"wp:attachment":[{"href":"https:\/\/www.europesays.com\/fr\/wp-json\/wp\/v2\/media?parent=359391"}],"wp:term":[{"taxonomy":"category","embeddable":true,"href":"https:\/\/www.europesays.com\/fr\/wp-json\/wp\/v2\/categories?post=359391"},{"taxonomy":"post_tag","embeddable":true,"href":"https:\/\/www.europesays.com\/fr\/wp-json\/wp\/v2\/tags?post=359391"}],"curies":[{"name":"wp","href":"https:\/\/api.w.org\/{rel}","templated":true}]}}