{"id":359401,"date":"2025-09-01T23:15:12","date_gmt":"2025-09-01T23:15:12","guid":{"rendered":"https:\/\/www.europesays.com\/fr\/359401\/"},"modified":"2025-09-01T23:15:12","modified_gmt":"2025-09-01T23:15:12","slug":"previsions-du-mardi-2-septembre-2025-4","status":"publish","type":"post","link":"https:\/\/www.europesays.com\/fr\/359401\/","title":{"rendered":"pr\u00e9visions du mardi 2 septembre 2025"},"content":{"rendered":"<p>Bordeaux, o\u00f9 des nuages persisteront aujourd&rsquo;hui, continuera d&rsquo;attendre le soleil. Les temp\u00e9ratures iront de 14 \u00e0 23\u00b0C. Une l\u00e9g\u00e8re brise de sud-ouest soufflera. Le soleil manquera le matin, car le ciel sera couvert par des nuages. Des averses arriveront. L&rsquo;apr\u00e8s-midi, le temps sera ponctu\u00e9 par des pluies \u00e9parses. D&rsquo;un autre c\u00f4t\u00e9, c&rsquo;est une hausse de quelques degr\u00e9s que vont conna\u00eetre les temp\u00e9ratures. Les valeurs s&rsquo;\u00e9chelonneront entre 20 et 23\u00b0C. Des pluies \u00e9parses vont tomber tout au long de la soir\u00e9e. Les temp\u00e9ratures seront de 19\u00b0C. On pr\u00e9voit une nuit brumeuse entre mardi et mercredi.<\/p>\n<p>Demain, un grand soleil rayonnera sur Bordeaux. Une m\u00e9t\u00e9o plus chaude est \u00e0 pr\u00e9voir \u00e9tant donn\u00e9 que les temp\u00e9ratures vont enregistrer une augmentation. La ville va conna\u00eetre une vague d&rsquo;importantes chaleurs avec des valeurs qui atteindront parfois les 30\u00b0C. Les temp\u00e9ratures seront comprises entre 16 et 30\u00b0C. Dans la matin\u00e9e, les temp\u00e9ratures seront de 22\u00b0C. Un vent de sud-est soufflera un peu, avec 10 km\/h. Les temp\u00e9ratures vont grimper pendant l&rsquo;apr\u00e8s-midi de plusieurs degr\u00e9s. L&rsquo;\u00e9pisode de grosses chaleurs est bien l\u00e0, avec des valeurs qui risqueront de monter \u00e0 30\u00b0C. Les temp\u00e9ratures afficheront entre 25 et 30\u00b0C. Un vent de nord-ouest soufflera l\u00e9g\u00e8rement dans la soir\u00e9e.<\/p>\n<p>Des changements sont annonc\u00e9s pour les jours \u00e0 venir. Une am\u00e9lioration est pr\u00e9vue vendredi, alors que la journ\u00e9e de jeudi aura \u00e9t\u00e9 pluvieuse.<\/p>\n<p><\/p>\n","protected":false},"excerpt":{"rendered":"Bordeaux, o\u00f9 des nuages persisteront aujourd&rsquo;hui, continuera d&rsquo;attendre le soleil. Les temp\u00e9ratures iront de 14 \u00e0 23\u00b0C. Une&hellip;\n","protected":false},"author":2,"featured_media":359402,"comment_status":"","ping_status":"","sticky":false,"template":"","format":"standard","meta":{"footnotes":""},"categories":[2817],"tags":[1111,11,3177,1997,1777,674,1011,27,2905,12,2219,2119,25],"class_list":{"0":"post-359401","1":"post","2":"type-post","3":"status-publish","4":"format-standard","5":"has-post-thumbnail","7":"category-bordeaux","8":"tag-actu","9":"tag-actualites","10":"tag-aquitaine","11":"tag-bordeaux","12":"tag-eu","13":"tag-europe","14":"tag-fr","15":"tag-france","16":"tag-gironde","17":"tag-news","18":"tag-nouvelle-aquitaine","19":"tag-previsions-meteo","20":"tag-republique-francaise"},"share_on_mastodon":{"url":"https:\/\/pubeurope.com\/@fr\/115131588457248042","error":""},"_links":{"self":[{"href":"https:\/\/www.europesays.com\/fr\/wp-json\/wp\/v2\/posts\/359401","targetHints":{"allow":["GET"]}}],"collection":[{"href":"https:\/\/www.europesays.com\/fr\/wp-json\/wp\/v2\/posts"}],"about":[{"href":"https:\/\/www.europesays.com\/fr\/wp-json\/wp\/v2\/types\/post"}],"author":[{"embeddable":true,"href":"https:\/\/www.europesays.com\/fr\/wp-json\/wp\/v2\/users\/2"}],"replies":[{"embeddable":true,"href":"https:\/\/www.europesays.com\/fr\/wp-json\/wp\/v2\/comments?post=359401"}],"version-history":[{"count":0,"href":"https:\/\/www.europesays.com\/fr\/wp-json\/wp\/v2\/posts\/359401\/revisions"}],"wp:featuredmedia":[{"embeddable":true,"href":"https:\/\/www.europesays.com\/fr\/wp-json\/wp\/v2\/media\/359402"}],"wp:attachment":[{"href":"https:\/\/www.europesays.com\/fr\/wp-json\/wp\/v2\/media?parent=359401"}],"wp:term":[{"taxonomy":"category","embeddable":true,"href":"https:\/\/www.europesays.com\/fr\/wp-json\/wp\/v2\/categories?post=359401"},{"taxonomy":"post_tag","embeddable":true,"href":"https:\/\/www.europesays.com\/fr\/wp-json\/wp\/v2\/tags?post=359401"}],"curies":[{"name":"wp","href":"https:\/\/api.w.org\/{rel}","templated":true}]}}