{"id":359417,"date":"2025-09-01T23:23:15","date_gmt":"2025-09-01T23:23:15","guid":{"rendered":"https:\/\/www.europesays.com\/fr\/359417\/"},"modified":"2025-09-01T23:23:15","modified_gmt":"2025-09-01T23:23:15","slug":"previsions-du-mardi-2-septembre-2025-6","status":"publish","type":"post","link":"https:\/\/www.europesays.com\/fr\/359417\/","title":{"rendered":"pr\u00e9visions du mardi 2 septembre 2025"},"content":{"rendered":"<p>Il va faire en moyenne 18\u00b0C \u00e0 Lyon, aujourd&rsquo;hui. On annonce une embellie pour cette matin\u00e9e. Une brise de sud-ouest soufflera doucement. C&rsquo;est un soleil splendide qui va se montrer l&rsquo;apr\u00e8s-midi. Les temp\u00e9ratures vont monter de plusieurs degr\u00e9s. Les valeurs iront de 21 \u00e0 23\u00b0C. Le soir, apr\u00e8s un petit \u00e9pisode nuageux, le vent va progressivement \u00e9loigner les nuages. Pendant votre sommeil, dans la nuit de mardi \u00e0 mercredi, le ciel sera clair.<\/p>\n<p>Un bel ensoleillement est attendu demain \u00e0 Lyon. La m\u00e9t\u00e9o va se r\u00e9chauffer avec une augmentation de quelques degr\u00e9s. Le mercure affichera 21\u00b0C en moyenne. Un vent de sud-est rafra\u00eechira un peu l&rsquo;atmosph\u00e8re. Le matin, on pr\u00e9voit des temp\u00e9ratures d&rsquo;environ 20\u00b0C. Les valeurs vont enregistrer une hausse de plusieurs degr\u00e9s dans l&rsquo;apr\u00e8s-midi. Les valeurs afficheront entre 24 et 26\u00b0C.<\/p>\n<p>Des changements sont pr\u00e9vus les jours suivants. Les conditions m\u00e9t\u00e9orologiques seront pluvieuses jeudi mais elles conna\u00eetront une am\u00e9lioration vendredi.<\/p>\n<p><\/p>\n","protected":false},"excerpt":{"rendered":"Il va faire en moyenne 18\u00b0C \u00e0 Lyon, aujourd&rsquo;hui. On annonce une embellie pour cette matin\u00e9e. Une brise&hellip;\n","protected":false},"author":2,"featured_media":359418,"comment_status":"","ping_status":"","sticky":false,"template":"","format":"standard","meta":{"footnotes":""},"categories":[1889],"tags":[1111,11,2430,1777,674,1011,27,2428,12,2119,25,2429,2431],"class_list":{"0":"post-359417","1":"post","2":"type-post","3":"status-publish","4":"format-standard","5":"has-post-thumbnail","7":"category-lyon","8":"tag-actu","9":"tag-actualites","10":"tag-auvergne-rhone-alpes","11":"tag-eu","12":"tag-europe","13":"tag-fr","14":"tag-france","15":"tag-lyon","16":"tag-news","17":"tag-previsions-meteo","18":"tag-republique-francaise","19":"tag-rhone","20":"tag-rhone-alpes"},"share_on_mastodon":{"url":"https:\/\/pubeurope.com\/@fr\/115131619996285934","error":""},"_links":{"self":[{"href":"https:\/\/www.europesays.com\/fr\/wp-json\/wp\/v2\/posts\/359417","targetHints":{"allow":["GET"]}}],"collection":[{"href":"https:\/\/www.europesays.com\/fr\/wp-json\/wp\/v2\/posts"}],"about":[{"href":"https:\/\/www.europesays.com\/fr\/wp-json\/wp\/v2\/types\/post"}],"author":[{"embeddable":true,"href":"https:\/\/www.europesays.com\/fr\/wp-json\/wp\/v2\/users\/2"}],"replies":[{"embeddable":true,"href":"https:\/\/www.europesays.com\/fr\/wp-json\/wp\/v2\/comments?post=359417"}],"version-history":[{"count":0,"href":"https:\/\/www.europesays.com\/fr\/wp-json\/wp\/v2\/posts\/359417\/revisions"}],"wp:featuredmedia":[{"embeddable":true,"href":"https:\/\/www.europesays.com\/fr\/wp-json\/wp\/v2\/media\/359418"}],"wp:attachment":[{"href":"https:\/\/www.europesays.com\/fr\/wp-json\/wp\/v2\/media?parent=359417"}],"wp:term":[{"taxonomy":"category","embeddable":true,"href":"https:\/\/www.europesays.com\/fr\/wp-json\/wp\/v2\/categories?post=359417"},{"taxonomy":"post_tag","embeddable":true,"href":"https:\/\/www.europesays.com\/fr\/wp-json\/wp\/v2\/tags?post=359417"}],"curies":[{"name":"wp","href":"https:\/\/api.w.org\/{rel}","templated":true}]}}