{"id":359419,"date":"2025-09-01T23:24:18","date_gmt":"2025-09-01T23:24:18","guid":{"rendered":"https:\/\/www.europesays.com\/fr\/359419\/"},"modified":"2025-09-01T23:24:18","modified_gmt":"2025-09-01T23:24:18","slug":"un-butin-de-10-millions-cache-dans-un-calecon","status":"publish","type":"post","link":"https:\/\/www.europesays.com\/fr\/359419\/","title":{"rendered":"un butin de 10 millions cach\u00e9\u2026 dans un cale\u00e7on !"},"content":{"rendered":"<p>            lire plus tard<\/p>\n<p id=\"dialog__title\" class=\"dialog__title\">Pour sauvegarder cet article, connectez-vous ou cr\u00e9ez un compte franceinfo<\/p>\n<p class=\"dialog__description\">Sans paiement. Sans abonnement.<\/p>\n<p>        Fermer la fen\u00eatre d\u2019activation des notifications France Info<\/p>\n<p>            cr\u00e9er votre compte<\/p>\n<p>            se connecter<\/p>\n<p>        Fermer la fen\u00eatre de pr\u00e9sentation<\/p>\n<p>    Publi\u00e9 le 01\/09\/2025 22:16<\/p>\n<p>        Temps de lecture : 2min &#8211; vid\u00e9o : 2min<\/p>\n<p>    <img decoding=\"async\" class=\"francetv-player-wrapper__image\" alt=\"Gare de Lyon : un butin de 10 millions cach\u00e9\u2026 dans un cale\u00e7on !\"  width=\"432\" height=\"243\" src=\"https:\/\/www.europesays.com\/fr\/wp-content\/uploads\/2025\/09\/fbdjks-68b5fe986679a389925926.png\" fetchpriority=\"high\"\/><\/p>\n<p>              Gare de Lyon : un butin de 10 millions cach\u00e9\u2026 dans un cale\u00e7on !<br \/>\n                    (France 2)<\/p>\n<p>      2min<\/p>\n<p>\n  Un contr\u00f4le surprise \u00e0 la gare de Lyon a permis de d\u00e9couvrir un butin de bijoux de luxe, estim\u00e9 \u00e0 10 millions d\u2019euros, cach\u00e9 dans des endroits pour le moins insolites. L\u2019enqu\u00eate est d\u00e9sormais confi\u00e9e \u00e0 la brigade de r\u00e9pression du banditisme.\n<\/p>\n<p><strong>Ce texte correspond \u00e0 une partie de la retranscription du reportage ci-dessus. Cliquez sur la vid\u00e9o pour la regarder en int\u00e9gralit\u00e9.<\/strong><\/p>\n<p>En descendant de son train \u00e0 la gare de Lyon, ce jeune homme pensait avoir trouv\u00e9 la cachette parfaite pour son butin : <a href=\"https:\/\/www.franceinfo.fr\/faits-divers\/deux-hommes-ont-ete-arretes-a-paris-avec-10-millions-d-euros-de-bijoux_7466905.html\" data-tooltip-url=\"https:\/\/www.franceinfo.fr\/faits-divers\/deux-hommes-ont-ete-arretes-a-paris-avec-10-millions-d-euros-de-bijoux_7466905.html\" rel=\"nofollow noopener\" target=\"_blank\">des bijoux de luxe dissimul\u00e9s dans une chaussette<\/a>, elle-m\u00eame cach\u00e9e dans son cale\u00e7on. Mais son plan a \u00e9t\u00e9 rapidement compromis par un contr\u00f4le totalement inopin\u00e9 et al\u00e9atoire men\u00e9 par les policiers de la brigade des r\u00e9seaux ferr\u00e9s, qui ont d\u00e9cid\u00e9 de fouiller les deux hommes, tout juste arriv\u00e9s de Lyon.<\/p>\n<p>\u00ab\u00a0La palpation a commenc\u00e9 sur un premier individu o\u00f9 un couteau a \u00e9t\u00e9 trouv\u00e9 dans la poche de sa veste. Puis, sur ce m\u00eame individu, \u00e0 l&rsquo;int\u00e9rieur de son cale\u00e7on, a \u00e9t\u00e9 sentie une pro\u00e9minence. \u00c0 la demande des policiers, il a donc sorti la chaussette contenant des bijoux\u00a0\u00bb, raconte Barbara Jouvenod, porte-parole du syndicat Alliance Police Nationale.<\/p>\n<p>Les bijoux d\u00e9couverts dans le cale\u00e7on \u00e9taient d\u2019une grande valeur : un collier estim\u00e9 \u00e0 5 millions d\u2019euros, des boucles d\u2019oreilles \u00e0 2 millions, une bague d\u2019une valeur de 1 million et une Rolex, entre autres. Le butin total est estim\u00e9 \u00e0 10 millions d\u2019euros. Dans la valise des deux hommes, les policiers ont \u00e9galement trouv\u00e9 une disqueuse.<\/p>\n<p>Reda Belhaj, porte-parole \u00cele-de-France du syndicat de police d\u2019unit\u00e9, pr\u00e9cise : \u00ab\u00a0On va essayer de comprendre pourquoi ils avaient ces bijoux sur eux, d&rsquo;o\u00f9 proviennent-ils, ont-ils commis des cambriolages, pourquoi \u00e9taient-ils arm\u00e9s, craignaient-ils quelque chose ou pas, devaient-ils livrer les objets\u2026 On ne sait pas encore. On va essayer de retrouver chaque bijou, et voir si cela correspond \u00e0 plusieurs appartements, maisons ou boutiques qui ont \u00e9t\u00e9 cambriol\u00e9s.\u00a0\u00bb<\/p>\n<p>Les deux jeunes hommes interpell\u00e9s sont d\u2019origine tunisienne, dont l\u2019un est mineur. Au vu de la somme faramineuse du butin, c\u2019est d\u00e9sormais la brigade de r\u00e9pression du banditisme qui est charg\u00e9e de l\u2019enqu\u00eate.<\/p>\n","protected":false},"excerpt":{"rendered":"lire plus tard Pour sauvegarder cet article, connectez-vous ou cr\u00e9ez un compte franceinfo Sans paiement. Sans abonnement. Fermer&hellip;\n","protected":false},"author":2,"featured_media":359420,"comment_status":"","ping_status":"","sticky":false,"template":"","format":"standard","meta":{"footnotes":""},"categories":[1889],"tags":[1111,11,2430,1777,674,1011,27,2428,12,25],"class_list":{"0":"post-359419","1":"post","2":"type-post","3":"status-publish","4":"format-standard","5":"has-post-thumbnail","7":"category-lyon","8":"tag-actu","9":"tag-actualites","10":"tag-auvergne-rhone-alpes","11":"tag-eu","12":"tag-europe","13":"tag-fr","14":"tag-france","15":"tag-lyon","16":"tag-news","17":"tag-republique-francaise"},"share_on_mastodon":{"url":"https:\/\/pubeurope.com\/@fr\/115131623911775301","error":""},"_links":{"self":[{"href":"https:\/\/www.europesays.com\/fr\/wp-json\/wp\/v2\/posts\/359419","targetHints":{"allow":["GET"]}}],"collection":[{"href":"https:\/\/www.europesays.com\/fr\/wp-json\/wp\/v2\/posts"}],"about":[{"href":"https:\/\/www.europesays.com\/fr\/wp-json\/wp\/v2\/types\/post"}],"author":[{"embeddable":true,"href":"https:\/\/www.europesays.com\/fr\/wp-json\/wp\/v2\/users\/2"}],"replies":[{"embeddable":true,"href":"https:\/\/www.europesays.com\/fr\/wp-json\/wp\/v2\/comments?post=359419"}],"version-history":[{"count":0,"href":"https:\/\/www.europesays.com\/fr\/wp-json\/wp\/v2\/posts\/359419\/revisions"}],"wp:featuredmedia":[{"embeddable":true,"href":"https:\/\/www.europesays.com\/fr\/wp-json\/wp\/v2\/media\/359420"}],"wp:attachment":[{"href":"https:\/\/www.europesays.com\/fr\/wp-json\/wp\/v2\/media?parent=359419"}],"wp:term":[{"taxonomy":"category","embeddable":true,"href":"https:\/\/www.europesays.com\/fr\/wp-json\/wp\/v2\/categories?post=359419"},{"taxonomy":"post_tag","embeddable":true,"href":"https:\/\/www.europesays.com\/fr\/wp-json\/wp\/v2\/tags?post=359419"}],"curies":[{"name":"wp","href":"https:\/\/api.w.org\/{rel}","templated":true}]}}