{"id":359424,"date":"2025-09-01T23:28:15","date_gmt":"2025-09-01T23:28:15","guid":{"rendered":"https:\/\/www.europesays.com\/fr\/359424\/"},"modified":"2025-09-01T23:28:15","modified_gmt":"2025-09-01T23:28:15","slug":"volodymyr-zelensky-attendu-jeudi-a-paris-avec-des-dirigeants-europeens-pour-parler-de-la-guerre-en-ukraine","status":"publish","type":"post","link":"https:\/\/www.europesays.com\/fr\/359424\/","title":{"rendered":"Volodymyr Zelensky attendu jeudi \u00e0 Paris avec des dirigeants europ\u00e9ens pour parler de la guerre en Ukraine"},"content":{"rendered":"<p><img alt=\"Volodymyr Zelensky \u00e9changera le 4 septembre avec les dirigeants europ\u00e9ens dont Emmanuel Macron sur les n\u00e9gociations pour la paix en Ukraine. (photo d\u2019illustration prise en mars 2025)\" loading=\"lazy\" width=\"960\" height=\"639\" decoding=\"async\" data-nimg=\"1\" class=\"rounded-lg\" style=\"color:transparent\" src=\"https:\/\/www.europesays.com\/fr\/wp-content\/uploads\/2025\/09\/13329e06314f49633f07e4fb273036d1.jpeg\"\/><\/p>\n<p>LUDOVIC MARIN \/ AFP Volodymyr Zelensky \u00e9changera le 4 septembre avec les dirigeants europ\u00e9ens dont Emmanuel Macron sur les n\u00e9gociations pour la paix en Ukraine. (photo d\u2019illustration prise en mars 2025)<\/p>\n<p class=\"mb-4 text-lg md:leading-8 break-words\">GUERRE EN UKRAINE &#8211; Nouveau cycle de discussions. Une rencontre entre le pr\u00e9sident ukrainien <a data-i13n=\"cpos:1;pos:1\" href=\"https:\/\/fr.news.yahoo.com\/maison-blanche-r%C3%A9pond-%C3%A0-macron-084628607.html\" data-ylk=\"slk:Volodymyr Zelensky;cpos:1;pos:1;elm:context_link;itc:0;sec:content-canvas;outcm:mb_qualified_link;_E:mb_qualified_link;ct:story;\" class=\"link  yahoo-link\" target=\"_blank\" rel=\"noopener\">Volodymyr Zelensky<\/a> et plusieurs \u00ab dirigeants europ\u00e9ens \u00bb est pr\u00e9vue jeudi 4 septembre \u00e0 Paris, a annonc\u00e9 ce lundi \u00e0 l\u2019AFP une source politique europ\u00e9enne. En fin de journ\u00e9e ce lundi 1er septembre, l\u2019\u00c9lys\u00e9e a confirm\u00e9 qu\u2019Emmanuel Macron et le Premier ministre britannique Keir Starmer copr\u00e9sideront \u00e0 l\u2019\u00c9lys\u00e9e une r\u00e9union des pays soutenant militairement l\u2019Ukraine, alors que les efforts de Washington pour mettre fin \u00e0 <a data-i13n=\"cpos:2;pos:1\" href=\"https:\/\/fr.news.yahoo.com\/guerre-ukraine-semaine-apr%C3%A8s-sommet-105716566.html\" data-ylk=\"slk:l\u2019invasion russe de l\u2019Ukraine;cpos:2;pos:1;elm:context_link;itc:0;sec:content-canvas;outcm:mb_qualified_link;_E:mb_qualified_link;ct:story;\" class=\"link  yahoo-link\" target=\"_blank\" rel=\"noopener\">l\u2019invasion russe de l\u2019Ukraine<\/a> semblent bloqu\u00e9s.<\/p>\n<p class=\"mb-4 text-lg md:leading-8 break-words\">Cette r\u00e9union de la \u00ab Coalition des volontaires \u00bb, une trentaine de pays principalement europ\u00e9ens, se tiendra dans la matin\u00e9e, en visioconf\u00e9rence pour les chefs d\u2019\u00c9tat et de gouvernement qui ne seront pas \u00e0 Paris, a pr\u00e9cis\u00e9 l\u2019\u00c9lys\u00e9e.<\/p>\n<p class=\"mb-4 text-lg md:leading-8 break-words\"><a data-i13n=\"cpos:3;pos:1\" href=\"https:\/\/fr.news.yahoo.com\/valery-zaloujny-l-ambassadeur-ukrainien-161518927.html\" data-ylk=\"slk:Qui est Valery Zaloujny, l\u2019ambassadeur ukrainien \u00e0 Londres bien plac\u00e9 pour succ\u00e9der \u00e0 Volodymyr Zelensky ?;cpos:3;pos:1;elm:context_link;itc:0;sec:content-canvas;outcm:mb_qualified_link;_E:mb_qualified_link;ct:story;\" class=\"link  yahoo-link\" target=\"_blank\" rel=\"noopener\">Qui est Valery Zaloujny, l\u2019ambassadeur ukrainien \u00e0 Londres bien plac\u00e9 pour succ\u00e9der \u00e0 Volodymyr Zelensky ? <\/a><\/p>\n<p class=\"mb-4 text-lg md:leading-8 break-words\">Dans la foul\u00e9e de la r\u00e9union entre six d\u2019entre eux et Donald Trump le 18 ao\u00fbt \u00e0 la Maison blanche, ils \u00ab discuteront des travaux sur les garanties de s\u00e9curit\u00e9 pour l\u2019Ukraine conduits ces derni\u00e8res semaines et feront un point sur les cons\u00e9quences \u00e0 tirer de l\u2019attitude de la Russie qui s\u2019obstine \u00e0 refuser la paix \u00bb.<\/p>\n<p>\u00ab Les Russes sont en train de s\u2019\u00e9chapper \u00e0 nouveau \u00bb<\/p>\n<p class=\"mb-4 text-lg md:leading-8 break-words\">Une source politique europ\u00e9enne avait annonc\u00e9 dans la matin\u00e9e une rencontre jeudi \u00e0 Paris entre Volodymyr Zelensky et plusieurs \u00ab dirigeants europ\u00e9ens \u00bb alors que les efforts de Washington pour mettre fin \u00e0 l\u2019invasion russe de l\u2019Ukraine semblent bloqu\u00e9s.<\/p>\n<p class=\"mb-4 text-lg md:leading-8 break-words\">\u00ab Une telle rencontre est pr\u00e9vue \u00bb pour discuter <a data-i13n=\"cpos:4;pos:1\" href=\"https:\/\/fr.news.yahoo.com\/quelles-garanties-s%C3%A9curit%C3%A9-l-ukraine-155100608.html\" data-ylk=\"slk:des garanties de s\u00e9curit\u00e9;cpos:4;pos:1;elm:context_link;itc:0;sec:content-canvas;outcm:mb_qualified_link;_E:mb_qualified_link;ct:story;\" class=\"link  yahoo-link\" target=\"_blank\" rel=\"noopener\">des garanties de s\u00e9curit\u00e9<\/a> pour l\u2019Ukraine \u00ab et pour faire avancer la diplomatie parce que les Russes sont en train de s\u2019\u00e9chapper \u00e0 nouveau \u00bb, a indiqu\u00e9 \u00e0 l\u2019AFP cette source sous le couvert de l\u2019anonymat.<\/p>\n<p class=\"mb-4 text-lg md:leading-8 break-words\">La participation du pr\u00e9sident am\u00e9ricain <a data-i13n=\"cpos:5;pos:1\" href=\"https:\/\/fr.news.yahoo.com\/donald-trump-mort-folle-rumeur-130723193.html\" data-ylk=\"slk:Donald Trump;cpos:5;pos:1;elm:context_link;itc:0;sec:content-canvas;outcm:mb_qualified_link;_E:mb_qualified_link;ct:story;\" class=\"link  yahoo-link\" target=\"_blank\" rel=\"noopener\">Donald Trump<\/a> \u00e0 ce sommet \u00e0 Paris \u00ab n\u2019est pour l\u2019instant pas pr\u00e9vue \u00bb, avait-elle ajout\u00e9. L\u2019\u00c9lys\u00e9e n\u2019en fait pas non plus mention dans son communiqu\u00e9.<\/p>\n<p>Acc\u00e9l\u00e9ration des efforts diplomatiques<\/p>\n<p class=\"mb-4 text-lg md:leading-8 break-words\">Les efforts diplomatiques pour trouver une issue \u00e0 la guerre en Ukraine se sont acc\u00e9l\u00e9r\u00e9s ces derni\u00e8res semaines sous la houlette de Donald Trump qui a rencontr\u00e9 son homologue russe Vladimir Poutine en Alaska en ao\u00fbt, mais n\u2019ont produit pour l\u2019heure aucun effet concret.<\/p>\n<p class=\"mb-4 text-lg md:leading-8 break-words\">Alors qu\u2019une rencontre entre Zelensky et Poutine \u00e9tait envisag\u00e9e, l\u2019Ukraine accuse la Russie de jouer la montre et de feindre de vouloir n\u00e9gocier pour mieux pr\u00e9parer de nouvelles attaques.<\/p>\n<p class=\"mb-4 text-lg md:leading-8 break-words\">L\u2019arm\u00e9e russe contr\u00f4le actuellement environ 20 % du territoire ukrainien et a l\u2019avantage sur le front. La Russie a lanc\u00e9 son invasion de l\u2019Ukraine en f\u00e9vrier 2022, pire conflit arm\u00e9 en Europe depuis la Seconde Guerre mondiale qui a fait des dizaines, voire des centaines de milliers de morts dans les deux pays.<\/p>\n<p class=\"mb-4 text-lg md:leading-8 break-words\"><a data-i13n=\"cpos:6;pos:1\" href=\"https:\/\/fr.news.yahoo.com\/vladimir-poutine-volodymyr-zelensky-rencontr%C3%A9s-131547947.html\" data-ylk=\"slk:Vladimir Poutine et Volodymyr Zelensky se sont rencontr\u00e9s une seule fois, c\u2019\u00e9tait \u00e0 Paris en 2019;cpos:6;pos:1;elm:context_link;itc:0;sec:content-canvas;outcm:mb_qualified_link;_E:mb_qualified_link;ct:story;\" class=\"link  yahoo-link\" target=\"_blank\" rel=\"noopener\">Vladimir Poutine et Volodymyr Zelensky se sont rencontr\u00e9s une seule fois, c\u2019\u00e9tait \u00e0 Paris en 2019 <\/a><\/p>\n<p class=\"mb-4 text-lg md:leading-8 break-words\"><a data-i13n=\"cpos:7;pos:1\" href=\"https:\/\/fr.news.yahoo.com\/d%C3%A9put%C3%A9-ukrainien-andri%C3%AF-parouby-retrouv%C3%A9-132001252.html\" data-ylk=\"slk:Le d\u00e9put\u00e9 ukrainien Andri\u00ef Parouby tu\u00e9 par balle \u00e0 Lviv \u00e9tait une figure politique majeure en Ukraine;cpos:7;pos:1;elm:context_link;itc:0;sec:content-canvas;outcm:mb_qualified_link;_E:mb_qualified_link;ct:story;\" class=\"link  yahoo-link\" target=\"_blank\" rel=\"noopener\">Le d\u00e9put\u00e9 ukrainien Andri\u00ef Parouby tu\u00e9 par balle \u00e0 Lviv \u00e9tait une figure politique majeure en Ukraine <\/a><\/p>\n","protected":false},"excerpt":{"rendered":"LUDOVIC MARIN \/ AFP Volodymyr Zelensky \u00e9changera le 4 septembre avec les dirigeants europ\u00e9ens dont Emmanuel Macron sur&hellip;\n","protected":false},"author":2,"featured_media":359425,"comment_status":"","ping_status":"","sticky":false,"template":"","format":"standard","meta":{"footnotes":""},"categories":[1888],"tags":[1111,1928,11,1927,19672,75,1073,1777,674,1011,27,5493,12,1926,626,1925,25,220,134],"class_list":{"0":"post-359424","1":"post","2":"type-post","3":"status-publish","4":"format-standard","5":"has-post-thumbnail","7":"category-paris","8":"tag-actu","9":"tag-actu-paris","10":"tag-actualites","11":"tag-actualites-paris","12":"tag-chefs-detat-et-de-gouvernement","13":"tag-donald-trump","14":"tag-emmanuel-macron","15":"tag-eu","16":"tag-europe","17":"tag-fr","18":"tag-france","19":"tag-lukraine","20":"tag-news","21":"tag-news-paris","22":"tag-paris","23":"tag-paris-news","24":"tag-republique-francaise","25":"tag-ukraine","26":"tag-volodymyr-zelensky"},"share_on_mastodon":{"url":"https:\/\/pubeurope.com\/@fr\/115131639691452072","error":""},"_links":{"self":[{"href":"https:\/\/www.europesays.com\/fr\/wp-json\/wp\/v2\/posts\/359424","targetHints":{"allow":["GET"]}}],"collection":[{"href":"https:\/\/www.europesays.com\/fr\/wp-json\/wp\/v2\/posts"}],"about":[{"href":"https:\/\/www.europesays.com\/fr\/wp-json\/wp\/v2\/types\/post"}],"author":[{"embeddable":true,"href":"https:\/\/www.europesays.com\/fr\/wp-json\/wp\/v2\/users\/2"}],"replies":[{"embeddable":true,"href":"https:\/\/www.europesays.com\/fr\/wp-json\/wp\/v2\/comments?post=359424"}],"version-history":[{"count":0,"href":"https:\/\/www.europesays.com\/fr\/wp-json\/wp\/v2\/posts\/359424\/revisions"}],"wp:featuredmedia":[{"embeddable":true,"href":"https:\/\/www.europesays.com\/fr\/wp-json\/wp\/v2\/media\/359425"}],"wp:attachment":[{"href":"https:\/\/www.europesays.com\/fr\/wp-json\/wp\/v2\/media?parent=359424"}],"wp:term":[{"taxonomy":"category","embeddable":true,"href":"https:\/\/www.europesays.com\/fr\/wp-json\/wp\/v2\/categories?post=359424"},{"taxonomy":"post_tag","embeddable":true,"href":"https:\/\/www.europesays.com\/fr\/wp-json\/wp\/v2\/tags?post=359424"}],"curies":[{"name":"wp","href":"https:\/\/api.w.org\/{rel}","templated":true}]}}