{"id":359428,"date":"2025-09-01T23:30:29","date_gmt":"2025-09-01T23:30:29","guid":{"rendered":"https:\/\/www.europesays.com\/fr\/359428\/"},"modified":"2025-09-01T23:30:29","modified_gmt":"2025-09-01T23:30:29","slug":"le-paris-fc-fait-coup-double-avec-hamari-traore-et-jonathan-ikone-france-paris-fc","status":"publish","type":"post","link":"https:\/\/www.europesays.com\/fr\/359428\/","title":{"rendered":"Le Paris FC fait coup double avec Hamari Traor\u00e9 et Jonathan Ikon\u00e9 &#8211; France &#8211; Paris FC"},"content":{"rendered":"<p>C\u2019est donc \u00e7a, le double effet Kiss Cool ?<\/p>\n<p><strong>Le Paris FC a \u00e9chou\u00e9 dans le dossier Lucas Stassin<\/strong> dans la derni\u00e8re ligne droite du mercato. Mais le promu avait visiblement des atouts dans sa manche. <a target=\"_blank\" href=\"https:\/\/www.sofoot.com\/articles\/ligue-1-on-etait-a-la-cremaillere-du-paris-fc-a-jean-bouin\" rel=\"noopener nofollow\">Le deuxi\u00e8me club de la capitale<\/a> n\u2019a pas fait une, mais deux annonces ce lundi soir pour rassurer ses supporters.<\/p>\n<p>Deux anciens de Ligue 1<\/p>\n<p>Ce sont d\u2019ailleurs deux anciens joueurs de Ligue 1 qui reviennent en France. <strong>Hamari Traor\u00e9, d\u2019abord, qui a commenc\u00e9 dans le monde pro avec le Paris FC<\/strong>, puis qui a port\u00e9 les couleurs de Reims et Rennes. \u00c0 33 ans, il arrive de la Real Sociedad et va pouvoir apporter toute son exp\u00e9rience \u00e0 l\u2019effectif de St\u00e9phane Gilli.<\/p>\n<p>Trois ans apr\u00e8s son d\u00e9part de Lille, <strong>Jonathan Ikon\u00e9 revient lui aussi dans le championnat de France<\/strong>, apr\u00e8s des exp\u00e9riences plus ou moins r\u00e9ussies \u00e0 la Fiorentina et C\u00f4me. S\u2019il n\u2019a rien perdu de sa vitesse, le natif de Bondy, aujourd\u2019hui \u00e2g\u00e9 de 27 ans, devrait se r\u00e9galer avec les caviars d\u2019Ilan Kebbal.<\/p>\n<p>Avec ce mat\u00e9riel-l\u00e0, le maintien doit \u00eatre une formalit\u00e9.<\/p>\n<p>\t\t\t\t\t\t\t\t\t\t<a class=\"lien-connexe\" href=\"https:\/\/www.sofoot.com\/breves\/ligue-1-le-paris-fc-proche-dengager-lucas-stassin\" rel=\"nofollow noopener\" target=\"_blank\">Le Paris FC tente d\u2019attirer Lucas Stassin<\/a>\t\t\t\t\t<\/p>\n","protected":false},"excerpt":{"rendered":"C\u2019est donc \u00e7a, le double effet Kiss Cool ? Le Paris FC a \u00e9chou\u00e9 dans le dossier Lucas&hellip;\n","protected":false},"author":2,"featured_media":359429,"comment_status":"","ping_status":"","sticky":false,"template":"","format":"standard","meta":{"footnotes":""},"categories":[1888],"tags":[47,11,61,69,65,64,1777,674,63,1011,27,68,66,12,62,626,70,25,67],"class_list":{"0":"post-359428","1":"post","2":"type-post","3":"status-publish","4":"format-standard","5":"has-post-thumbnail","7":"category-paris","8":"tag-actualite","9":"tag-actualites","10":"tag-actus-football","11":"tag-bundesliga","12":"tag-championnats-europeens","13":"tag-equipe-de-france","14":"tag-eu","15":"tag-europe","16":"tag-football","17":"tag-fr","18":"tag-france","19":"tag-ligua","20":"tag-ligue-1","21":"tag-news","22":"tag-news-foot","23":"tag-paris","24":"tag-premier-league","25":"tag-republique-francaise","26":"tag-serie-a"},"share_on_mastodon":{"url":"https:\/\/pubeurope.com\/@fr\/115131647596913336","error":""},"_links":{"self":[{"href":"https:\/\/www.europesays.com\/fr\/wp-json\/wp\/v2\/posts\/359428","targetHints":{"allow":["GET"]}}],"collection":[{"href":"https:\/\/www.europesays.com\/fr\/wp-json\/wp\/v2\/posts"}],"about":[{"href":"https:\/\/www.europesays.com\/fr\/wp-json\/wp\/v2\/types\/post"}],"author":[{"embeddable":true,"href":"https:\/\/www.europesays.com\/fr\/wp-json\/wp\/v2\/users\/2"}],"replies":[{"embeddable":true,"href":"https:\/\/www.europesays.com\/fr\/wp-json\/wp\/v2\/comments?post=359428"}],"version-history":[{"count":0,"href":"https:\/\/www.europesays.com\/fr\/wp-json\/wp\/v2\/posts\/359428\/revisions"}],"wp:featuredmedia":[{"embeddable":true,"href":"https:\/\/www.europesays.com\/fr\/wp-json\/wp\/v2\/media\/359429"}],"wp:attachment":[{"href":"https:\/\/www.europesays.com\/fr\/wp-json\/wp\/v2\/media?parent=359428"}],"wp:term":[{"taxonomy":"category","embeddable":true,"href":"https:\/\/www.europesays.com\/fr\/wp-json\/wp\/v2\/categories?post=359428"},{"taxonomy":"post_tag","embeddable":true,"href":"https:\/\/www.europesays.com\/fr\/wp-json\/wp\/v2\/tags?post=359428"}],"curies":[{"name":"wp","href":"https:\/\/api.w.org\/{rel}","templated":true}]}}