{"id":359432,"date":"2025-09-01T23:32:11","date_gmt":"2025-09-01T23:32:11","guid":{"rendered":"https:\/\/www.europesays.com\/fr\/359432\/"},"modified":"2025-09-01T23:32:11","modified_gmt":"2025-09-01T23:32:11","slug":"en-ukraine-les-enfants-font-leur-rentree-dans-des-classes-souterraines","status":"publish","type":"post","link":"https:\/\/www.europesays.com\/fr\/359432\/","title":{"rendered":"En Ukraine, les enfants font leur rentr\u00e9e dans des classes souterraines"},"content":{"rendered":"<p>Des parents ukrainiens, soucieux de voir leurs enfants suivre des cours normaux plus de trois ans apr\u00e8s l&rsquo;invasion russe, ont commenc\u00e9 l&rsquo;ann\u00e9e scolaire ce lundi en les envoyant dans des \u00e9coles souterraines.<\/p>\n<p>\u00c0 Kharkiv, deuxi\u00e8me ville d&rsquo;Ukraine et cible fr\u00e9quente des attaques russes, quelque 17\u00a0000 enfants fr\u00e9quentent des \u00e9coles souterraines. Sept \u00e9coles de ce type sont en activit\u00e9 et d&rsquo;autres ouvriront prochainement. \u00ab\u00a0Aujourd&rsquo;hui, mon enfant, en CP, est all\u00e9 \u00e0 l&rsquo;\u00e9cole pour la premi\u00e8re fois. Il s&rsquo;agit d&rsquo;une \u00e9cole souterraine, l&rsquo;\u00e9cole la plus proche de Saltivka Nord\u00a0\u00bb, a d\u00e9clar\u00e9 Anastasia Pochergina, en r\u00e9f\u00e9rence \u00e0 une banlieue de la ville souvent soumise aux attaques russes.<\/p>\n<p>\u00ab\u00a0L&rsquo;\u00e9cole est situ\u00e9e trois \u00e9tages plus bas, et on nous a dit que c&rsquo;\u00e9tait l&rsquo;\u00e9cole la plus profonde de Kharkiv. C&rsquo;est pourquoi je la consid\u00e8re comme s\u00fbre. Nous ne pensions pas que ce serait possible cette ann\u00e9e, mais en tant que parent, je voulais absolument que mon enfant puisse aller \u00e0 l&rsquo;\u00e9cole normale.\u00a0\u00bb<\/p>\n<p>\u00ab\u00a0Je ne\u00a0suis jamais all\u00e9e \u00e0 la maternelle \u00e0 cause de la guerre\u00a0\u00bb<\/p>\n<p>Pr\u00e9parant sa fille pour la grande f\u00eate de la rentr\u00e9e scolaire du 1er\u00a0septembre, o\u00f9 les \u00e9l\u00e8ves apporteront des fleurs et des cadeaux aux enseignants, Pochergina nourrissait peu d&rsquo;espoir de retrouver une vie normale malgr\u00e9 la perspective de n\u00e9gociations de paix avec la <a class=\"Link\" href=\"https:\/\/www.lepoint.fr\/tags\/russie\" data-gtm=\"click:capsule\" data-capsule=\"Lien\" rel=\"nofollow noopener\" target=\"_blank\">Russie<\/a>. \u00ab\u00a0Nous nous attendions \u00e0 une am\u00e9lioration, mais nous n&rsquo;esp\u00e9rions pas une paix totale\u00a0\u00bb, a-t-elle d\u00e9clar\u00e9. \u00ab\u00a0Nous ne nous attendions pas non plus \u00e0 un retour \u00e0 l&rsquo;\u00e9cole traditionnelle, car nous sommes r\u00e9alistes, nous comprenons la situation et nous ne nous faisons pas d&rsquo;illusions.\u00a0\u00bb<\/p>\n<p>\u00c0 LIRE AUSSI <strong class=\"strong\"><a href=\"https:\/\/www.lepoint.fr\/monde\/je-ne-partirai-pas-sans-mes-amis-avoir-20-ans-dans-le-donbass-28-08-2025-2597194_24.php\" title=\"\u00ab\u00a0Je ne partirai pas sans mes amis\u00a0\u00bb\u00a0: avoir 20\u00a0ans dans le Donbass\" style=\"text-decoration: none; color: inherit;\" data-gtm=\"click:capsule\" data-capsule=\"\u00c0 lire aussi\" rel=\"nofollow noopener\" target=\"_blank\">\u00ab\u00a0Je ne partirai pas sans mes amis\u00a0\u00bb\u00a0: avoir 20\u00a0ans dans le Donbass<\/a><\/strong><br \/>\n\u00c0 D\u00e9couvrir<br \/>\n<strong class=\"discover-kangourou__line\"><br \/>\n<img decoding=\"async\" class=\"discover-kangourou__img\" src=\"https:\/\/static.lpnt.fr\/static\/img\/kangourou\/kangourou_filled.svg\"\/><br \/>\n<strong class=\"discover-kangourou__txt\"><br \/>\n<strong>Le Kangourou du jour<\/strong><br \/>\n<a href=\"https:\/\/kangourou.lepoint.fr\" title=\"kangourou\" data-gtm-cta=\"kangourou_article\" class=\"discover-kangourou__lnk\" rel=\"nofollow noopener\" target=\"_blank\"><br \/>\nR\u00e9pondre<br \/>\n<\/a><br \/>\n<\/strong><br \/>\n<\/strong><br \/>\n\u00c0 leur arriv\u00e9e \u00e0 l&rsquo;\u00e9cole, les enseignants exhortent les enfants \u00e0 rentrer rapidement, et \u00e0\u00a0descendre les escaliers en se tenant la main. Petits et grands suivent les cours dans des salles de classe enti\u00e8rement \u00e9quip\u00e9es, l&rsquo;air imperturbable. Le maire de Kharkiv, Ihor Terekhov, a annonc\u00e9 l&rsquo;ouverture de trois nouvelles \u00e9coles pour la nouvelle ann\u00e9e. Six stations du m\u00e9tro de Kharkiv ont \u00e9t\u00e9 transform\u00e9es en salles de classe pour apporter un peu de normalit\u00e9 \u00e0 la vie des enfants.<\/p>\n<p>\u00ab\u00a0C&rsquo;est l&rsquo;une des \u00e9coles les plus proches de la fronti\u00e8re avec la Russie. Aujourd&rsquo;hui, nous avons ouvert deux \u00e9coles dans le district de Nova Saltivka, comme celle-ci\u00a0\u00bb, a-t-il d\u00e9clar\u00e9. \u00ab\u00a0On voit \u00e0 quel point le sous-sol est profond. La profondeur est vraiment importante pour l&rsquo;\u00e9cole. Elle est grande, il y a 1\u00a0500 \u00e9l\u00e8ves ici.\u00a0\u00bb Maria Yampolska, 6\u00a0ans, \u00e9tait ravie de raconter sa premi\u00e8re journ\u00e9e de dessin et de jeu en classe. Interrog\u00e9e sur la comparaison avec la maternelle, elle a r\u00e9pondu avec franchise\u00a0: \u00ab\u00a0Je n&rsquo;y suis jamais all\u00e9e \u00e0 cause de la guerre.\u00a0\u00bb<\/p>\n<p>Toute l\u2019actualit\u00e9 \u00e0 1\u20ac le premier mois<\/p>\n<p><a href=\"https:\/\/abo.lepoint.fr\/?provenance=21EDI020098\" class=\"btn\" title=\"S&#039;abonner\" data-gtm=\"click:abo|display:abo\" data-campaign=\"paywall_maison\" rel=\"nofollow noopener\" target=\"_blank\">S&rsquo;abonner<\/a><\/p>\n<p>ou<\/p>\n","protected":false},"excerpt":{"rendered":"Des parents ukrainiens, soucieux de voir leurs enfants suivre des cours normaux plus de trois ans apr\u00e8s l&rsquo;invasion&hellip;\n","protected":false},"author":2,"featured_media":359433,"comment_status":"","ping_status":"","sticky":false,"template":"","format":"standard","meta":{"footnotes":""},"categories":[1590],"tags":[11,1777,674,12,132,220],"class_list":{"0":"post-359432","1":"post","2":"type-post","3":"status-publish","4":"format-standard","5":"has-post-thumbnail","7":"category-ukraine","8":"tag-actualites","9":"tag-eu","10":"tag-europe","11":"tag-news","12":"tag-russie","13":"tag-ukraine"},"share_on_mastodon":{"url":"https:\/\/pubeurope.com\/@fr\/115131655651638125","error":""},"_links":{"self":[{"href":"https:\/\/www.europesays.com\/fr\/wp-json\/wp\/v2\/posts\/359432","targetHints":{"allow":["GET"]}}],"collection":[{"href":"https:\/\/www.europesays.com\/fr\/wp-json\/wp\/v2\/posts"}],"about":[{"href":"https:\/\/www.europesays.com\/fr\/wp-json\/wp\/v2\/types\/post"}],"author":[{"embeddable":true,"href":"https:\/\/www.europesays.com\/fr\/wp-json\/wp\/v2\/users\/2"}],"replies":[{"embeddable":true,"href":"https:\/\/www.europesays.com\/fr\/wp-json\/wp\/v2\/comments?post=359432"}],"version-history":[{"count":0,"href":"https:\/\/www.europesays.com\/fr\/wp-json\/wp\/v2\/posts\/359432\/revisions"}],"wp:featuredmedia":[{"embeddable":true,"href":"https:\/\/www.europesays.com\/fr\/wp-json\/wp\/v2\/media\/359433"}],"wp:attachment":[{"href":"https:\/\/www.europesays.com\/fr\/wp-json\/wp\/v2\/media?parent=359432"}],"wp:term":[{"taxonomy":"category","embeddable":true,"href":"https:\/\/www.europesays.com\/fr\/wp-json\/wp\/v2\/categories?post=359432"},{"taxonomy":"post_tag","embeddable":true,"href":"https:\/\/www.europesays.com\/fr\/wp-json\/wp\/v2\/tags?post=359432"}],"curies":[{"name":"wp","href":"https:\/\/api.w.org\/{rel}","templated":true}]}}