{"id":359434,"date":"2025-09-01T23:33:10","date_gmt":"2025-09-01T23:33:10","guid":{"rendered":"https:\/\/www.europesays.com\/fr\/359434\/"},"modified":"2025-09-01T23:33:10","modified_gmt":"2025-09-01T23:33:10","slug":"avec-12-million-de-travailleurs-immigres-en-moins-leconomie-americaine-se-retrouve-fragilisee","status":"publish","type":"post","link":"https:\/\/www.europesays.com\/fr\/359434\/","title":{"rendered":"Avec 1,2\u00a0million de travailleurs immigr\u00e9s en moins, l\u2019\u00e9conomie am\u00e9ricaine se retrouve fragilis\u00e9e"},"content":{"rendered":"<p>De nouvelles donn\u00e9es f\u00e9d\u00e9rales r\u00e9v\u00e8lent un bouleversement discret mais profond du march\u00e9 de l\u2019emploi aux <a href=\"https:\/\/www.20minutes.fr\/monde\/etats-unis\/\" target=\"_blank\" class=\"c-link c-link--is-underlined\" rel=\"nofollow noopener\">Etats-Unis<\/a>. Selon une analyse du <a href=\"https:\/\/www.pewresearch.org\/short-reads\/2025\/08\/21\/key-findings-about-us-immigrants\/\" rel=\"nofollow noopener\" target=\"_blank\" class=\"c-link c-link--is-underlined\">Pew Research Center<\/a>, bas\u00e9e sur les chiffres du Census Bureau et relay\u00e9e par <a href=\"https:\/\/www.cbsnews.com\/news\/immigrants-us-labor-force-trump-census-bureau-data\/\" rel=\"nofollow noopener\" target=\"_blank\" class=\"c-link c-link--is-underlined\">CBS News<\/a> et <a href=\"https:\/\/apnews.com\/article\/labor-day-immigration-trump-9a40f9e371209cc1d145e4a7f157a499\" rel=\"nofollow noopener\" target=\"_blank\" class=\"c-link c-link--is-underlined\">AP News<\/a>, le nombre de travailleurs immigr\u00e9s a chut\u00e9 de 1,2\u00a0million entre janvier et fin juillet. Une baisse qui refl\u00e8te \u00e0 la fois le ralentissement des arriv\u00e9es et l\u2019intensification des expulsions sous <a href=\"https:\/\/www.20minutes.fr\/dossier\/donald_trump\" target=\"_blank\" class=\"c-link c-link--is-underlined\" rel=\"nofollow noopener\">Donald Trump<\/a>.<\/p>\n<p>Les <a href=\"https:\/\/www.20minutes.fr\/monde\/immigres\/\" target=\"_blank\" class=\"c-link c-link--is-underlined\" rel=\"nofollow noopener\">immigr\u00e9s<\/a> repr\u00e9sentent pr\u00e8s d\u2019un cinqui\u00e8me de la main-d\u2019\u0153uvre am\u00e9ricaine, avec un poids d\u00e9cisif dans certains secteurs\u00a0: pr\u00e8s de la moiti\u00e9 des travailleurs <a href=\"https:\/\/www.20minutes.fr\/dossier\/agriculture\" target=\"_blank\" class=\"c-link c-link--is-underlined\" rel=\"nofollow noopener\">agricoles<\/a>, 30\u00a0% des ouvriers du <a href=\"https:\/\/www.20minutes.fr\/dossier\/batiment\" target=\"_blank\" class=\"c-link c-link--is-underlined\" rel=\"nofollow noopener\">b\u00e2timent<\/a> et pr\u00e8s d\u2019un quart des employ\u00e9s des services. Cette baisse, bien que marginale \u00e0 l\u2019\u00e9chelle des 171\u00a0millions d\u2019actifs, pourrait fragiliser les Etats et fili\u00e8res les plus d\u00e9pendants de cette main-d\u2019\u0153uvre. Les \u00e9conomistes soulignent que les immigr\u00e9s, souvent en \u00e2ge \u00ab\u00a0prime\u00a0\u00bb de travailler (25-54 ans), jouent un r\u00f4le cl\u00e9 pour compenser les p\u00e9nuries et se d\u00e9placent plus facilement vers les Etats o\u00f9 la demande est forte.<\/p>\n<p>L\u2019effet domino des politiques migratoires<\/p>\n<p>Donald Trump avait promis une politique ferme en mati\u00e8re d&rsquo;immigration. S\u2019il affirme cibler en priorit\u00e9 les criminels, la majorit\u00e9 des personnes interpell\u00e9es par l\u2019<a href=\"https:\/\/www.ice.gov\" rel=\"nofollow noopener\" target=\"_blank\" class=\"c-link c-link--is-underlined\">ICE<\/a> n\u2019ont pas de casier judiciaire. Le nombre de franchissements ill\u00e9gaux \u00e0 la fronti\u00e8re a fortement recul\u00e9, tandis que le volume global de la population <a href=\"https:\/\/www.20minutes.fr\/dossier\/sans-papiers\" target=\"_blank\" class=\"c-link c-link--is-underlined\" rel=\"nofollow noopener\">sans-papiers<\/a>, estim\u00e9e \u00e0 14\u00a0millions en\u00a02023, commence \u00e0 d\u00e9cliner. <a href=\"https:\/\/www.oxfordeconomics.com\/resource\/the-us-immigration-surge-comes-to-an-end\/\" rel=\"nofollow noopener\" target=\"_blank\" class=\"c-link c-link--is-underlined\">Oxford Economics<\/a> pr\u00e9voit que la tendance se poursuive, avec une immigration nette limit\u00e9e \u00e0 environ 500.000 personnes par an jusqu\u2019en\u00a02028.<\/p>\n<\/p>\n<p>Dans les exploitations agricoles du <a href=\"https:\/\/www.20minutes.fr\/monde\/texas\/\" target=\"_blank\" class=\"c-link c-link--is-underlined\" rel=\"nofollow noopener\">Texas<\/a> et de Californie, la crainte des descentes de l\u2019ICE paralyse les travailleurs. Certaines r\u00e9coltes de fruits et l\u00e9gumes ont \u00e9t\u00e9 perdues faute de main-d\u2019\u0153uvre, et des ouvriers agricoles ont \u00e9t\u00e9 arr\u00eat\u00e9s jusque dans des lieux du quotidien. Le secteur du b\u00e2timent n\u2019est pas \u00e9pargn\u00e9\u00a0: les donn\u00e9es gouvernementales montrent un recul de l\u2019emploi dans la construction dans pr\u00e8s de la moiti\u00e9 des <a href=\"https:\/\/www.20minutes.fr\/dossier\/metropoles\" target=\"_blank\" class=\"c-link c-link--is-underlined\" rel=\"nofollow noopener\">m\u00e9tropoles<\/a> am\u00e9ricaines, notamment en <a href=\"https:\/\/www.20minutes.fr\/dossier\/californie\" target=\"_blank\" class=\"c-link c-link--is-underlined\" rel=\"nofollow noopener\">Californie<\/a>. Les employeurs affirment qu\u2019ils embaucheraient davantage s\u2019ils trouvaient suffisamment de candidats disponibles.<\/p>\n<p>Un risque pour les soins et l\u2019\u00e9conomie locale<\/p>\n<p>Outre l\u2019agriculture et du b\u00e2timent, la <a href=\"https:\/\/www.20minutes.fr\/sante\/\" target=\"_blank\" class=\"c-link c-link--is-underlined\" rel=\"nofollow noopener\">sant\u00e9<\/a> est particuli\u00e8rement expos\u00e9e. En effet, pr\u00e8s de 43\u00a0% des aides-soignants \u00e0 domicile sont immigr\u00e9s, tout comme la moiti\u00e9 des employ\u00e9s des maisons de retraite affili\u00e9s au puissant syndicat Service Employees International Union (SEIU) en Californie. Une baisse continue de ces effectifs pourrait compliquer la prise en charge de millions de seniors am\u00e9ricains. Par ailleurs, la rar\u00e9faction de la main-d\u2019\u0153uvre immigr\u00e9e modifie aussi la lecture des donn\u00e9es macro\u00e9conomiques.<\/p>\n<p><a href=\"https:\/\/www.20minutes.fr\/monde\/etats-unis\/\" target=\"_blank\" class=\"c-link c-btn c-btn--primary\" rel=\"nofollow noopener\">Notre dossier sur les Etats-Unis<\/a><\/p>\n<p>Les \u00e9conomistes rappellent que les immigr\u00e9s contribuent \u00e0 plus de la moiti\u00e9 de la <a href=\"https:\/\/www.20minutes.fr\/economie\/croissance\/\" target=\"_blank\" class=\"c-link c-link--is-underlined\" rel=\"nofollow noopener\">croissance<\/a> de l\u2019emploi aux Etats-Unis. Leur absence donne l\u2019illusion d\u2019un march\u00e9 du travail plus tendu qu\u2019il ne l\u2019est r\u00e9ellement, ce qui complique l\u2019\u00e9valuation de la conjoncture par la <a href=\"https:\/\/www.20minutes.fr\/economie\/fed\/\" target=\"_blank\" class=\"c-link c-link--is-underlined\" rel=\"nofollow noopener\">R\u00e9serve f\u00e9d\u00e9rale<\/a>. En bref, si l\u2019administration Trump atteint son objectif politique, c\u2019est au prix d\u2019un d\u00e9s\u00e9quilibre croissant dans des secteurs strat\u00e9giques. Un pari risqu\u00e9 alors que la croissance am\u00e9ricaine repose en grande partie sur la capacit\u00e9 du pays \u00e0 attirer, int\u00e9grer et retenir sa main-d\u2019\u0153uvre immigr\u00e9e.<\/p>\n","protected":false},"excerpt":{"rendered":"De nouvelles donn\u00e9es f\u00e9d\u00e9rales r\u00e9v\u00e8lent un bouleversement discret mais profond du march\u00e9 de l\u2019emploi aux Etats-Unis. Selon une&hellip;\n","protected":false},"author":2,"featured_media":359435,"comment_status":"","ping_status":"","sticky":false,"template":"","format":"standard","meta":{"footnotes":""},"categories":[1589],"tags":[47,11,327,4807,2139,75,341,73,1866,5219,17986,74,12,71,3926,1864,1865,1863,308],"class_list":{"0":"post-359434","1":"post","2":"type-post","3":"status-publish","4":"format-standard","5":"has-post-thumbnail","7":"category-etats-unis","8":"tag-actualite","9":"tag-actualites","10":"tag-agriculture","11":"tag-batiment","12":"tag-californie","13":"tag-donald-trump","14":"tag-emploi","15":"tag-etats-unis","16":"tag-etats-unis-damerique","17":"tag-expulsion","18":"tag-immigres","19":"tag-monde","20":"tag-news","21":"tag-sante","22":"tag-texas","23":"tag-united-states","24":"tag-united-states-of-america","25":"tag-us","26":"tag-usa"},"share_on_mastodon":{"url":"https:\/\/pubeurope.com\/@fr\/115131659281543898","error":""},"_links":{"self":[{"href":"https:\/\/www.europesays.com\/fr\/wp-json\/wp\/v2\/posts\/359434","targetHints":{"allow":["GET"]}}],"collection":[{"href":"https:\/\/www.europesays.com\/fr\/wp-json\/wp\/v2\/posts"}],"about":[{"href":"https:\/\/www.europesays.com\/fr\/wp-json\/wp\/v2\/types\/post"}],"author":[{"embeddable":true,"href":"https:\/\/www.europesays.com\/fr\/wp-json\/wp\/v2\/users\/2"}],"replies":[{"embeddable":true,"href":"https:\/\/www.europesays.com\/fr\/wp-json\/wp\/v2\/comments?post=359434"}],"version-history":[{"count":0,"href":"https:\/\/www.europesays.com\/fr\/wp-json\/wp\/v2\/posts\/359434\/revisions"}],"wp:featuredmedia":[{"embeddable":true,"href":"https:\/\/www.europesays.com\/fr\/wp-json\/wp\/v2\/media\/359435"}],"wp:attachment":[{"href":"https:\/\/www.europesays.com\/fr\/wp-json\/wp\/v2\/media?parent=359434"}],"wp:term":[{"taxonomy":"category","embeddable":true,"href":"https:\/\/www.europesays.com\/fr\/wp-json\/wp\/v2\/categories?post=359434"},{"taxonomy":"post_tag","embeddable":true,"href":"https:\/\/www.europesays.com\/fr\/wp-json\/wp\/v2\/tags?post=359434"}],"curies":[{"name":"wp","href":"https:\/\/api.w.org\/{rel}","templated":true}]}}