{"id":359436,"date":"2025-09-01T23:34:16","date_gmt":"2025-09-01T23:34:16","guid":{"rendered":"https:\/\/www.europesays.com\/fr\/359436\/"},"modified":"2025-09-01T23:34:16","modified_gmt":"2025-09-01T23:34:16","slug":"le-royaume-uni-a-connu-son-ete-le-plus-chaud-jamais-enregistre-2","status":"publish","type":"post","link":"https:\/\/www.europesays.com\/fr\/359436\/","title":{"rendered":"Le Royaume-Uni a connu son \u00e9t\u00e9 le plus chaud jamais enregistr\u00e9"},"content":{"rendered":"<p>La temp\u00e9rature moyenne relev\u00e9e entre le 1er\u00a0juin et le 31\u00a0ao\u00fbt a \u00e9t\u00e9 de 16,10\u00b0C, avec quatre vagues de chaleur et un pic de 35,8\u00b0C le 1er\u00a0juillet dans le Kent (sud-est de l\u2019Angleterre).<\/p>\n<p>Les cinq \u00e9t\u00e9s les plus chauds jamais enregistr\u00e9s au Royaume-Uni, qui se r\u00e9chauffe d\u2019environ 0,25\u00b0C par d\u00e9cennie, ont d\u00e9sormais tous eu lieu apr\u00e8s\u00a02000, souligne le Met Office.<\/p>\n<p>Le record de temp\u00e9rature de 40,3\u00b0C atteint en juillet\u00a02022 n\u2019a pas \u00e9t\u00e9 battu, mais l\u2019\u00e9t\u00e9\u00a02025 s\u2019est caract\u00e9ris\u00e9 par quatre vagues de chaleur, avec des temp\u00e9ratures ayant atteint entre 25\u00b0C et 28\u00b0C en fonction des r\u00e9gions, pendant au moins trois jours cons\u00e9cutifs.<\/p>\n<p>Selon le Met Office, \u00ab\u00a0un \u00e9t\u00e9 aussi chaud, voire plus chaud, que 2025 est d\u00e9sormais 70 fois plus probable qu\u2019il ne le serait dans un climat &lsquo;naturel&rsquo;, sans \u00e9missions de gaz \u00e0 effet de serre d\u2019origine humaine\u00a0\u00bb.<\/p>\n","protected":false},"excerpt":{"rendered":"La temp\u00e9rature moyenne relev\u00e9e entre le 1er\u00a0juin et le 31\u00a0ao\u00fbt a \u00e9t\u00e9 de 16,10\u00b0C, avec quatre vagues de&hellip;\n","protected":false},"author":2,"featured_media":359437,"comment_status":"","ping_status":"","sticky":false,"template":"","format":"standard","meta":{"footnotes":""},"categories":[1588],"tags":[11,1777,674,12,473,1853,1851,1850,1852],"class_list":{"0":"post-359436","1":"post","2":"type-post","3":"status-publish","4":"format-standard","5":"has-post-thumbnail","7":"category-royaume-uni","8":"tag-actualites","9":"tag-eu","10":"tag-europe","11":"tag-news","12":"tag-royaume-uni","13":"tag-royaume-uni-de-grande-bretagne-et-dirlande-du-nord","14":"tag-uk","15":"tag-united-kingdom","16":"tag-united-kingdom-of-great-britain-and-northern-ireland"},"share_on_mastodon":{"url":"https:\/\/pubeurope.com\/@fr\/115131663532708650","error":""},"_links":{"self":[{"href":"https:\/\/www.europesays.com\/fr\/wp-json\/wp\/v2\/posts\/359436","targetHints":{"allow":["GET"]}}],"collection":[{"href":"https:\/\/www.europesays.com\/fr\/wp-json\/wp\/v2\/posts"}],"about":[{"href":"https:\/\/www.europesays.com\/fr\/wp-json\/wp\/v2\/types\/post"}],"author":[{"embeddable":true,"href":"https:\/\/www.europesays.com\/fr\/wp-json\/wp\/v2\/users\/2"}],"replies":[{"embeddable":true,"href":"https:\/\/www.europesays.com\/fr\/wp-json\/wp\/v2\/comments?post=359436"}],"version-history":[{"count":0,"href":"https:\/\/www.europesays.com\/fr\/wp-json\/wp\/v2\/posts\/359436\/revisions"}],"wp:featuredmedia":[{"embeddable":true,"href":"https:\/\/www.europesays.com\/fr\/wp-json\/wp\/v2\/media\/359437"}],"wp:attachment":[{"href":"https:\/\/www.europesays.com\/fr\/wp-json\/wp\/v2\/media?parent=359436"}],"wp:term":[{"taxonomy":"category","embeddable":true,"href":"https:\/\/www.europesays.com\/fr\/wp-json\/wp\/v2\/categories?post=359436"},{"taxonomy":"post_tag","embeddable":true,"href":"https:\/\/www.europesays.com\/fr\/wp-json\/wp\/v2\/tags?post=359436"}],"curies":[{"name":"wp","href":"https:\/\/api.w.org\/{rel}","templated":true}]}}