{"id":359440,"date":"2025-09-01T23:36:15","date_gmt":"2025-09-01T23:36:15","guid":{"rendered":"https:\/\/www.europesays.com\/fr\/359440\/"},"modified":"2025-09-01T23:36:15","modified_gmt":"2025-09-01T23:36:15","slug":"aymeric-laporte-quitte-ronaldo-pour-retourner-en-europe","status":"publish","type":"post","link":"https:\/\/www.europesays.com\/fr\/359440\/","title":{"rendered":"Aymeric Laporte quitte Ronaldo pour retourner en Europe"},"content":{"rendered":"<tr>\n<td class=\"pic\"><img decoding=\"async\" src=\"https:\/\/www.europesays.com\/fr\/wp-content\/uploads\/2025\/09\/b7984b87bd71429381e55f931bdf867b.jpeg\" alt=\"\"\/><\/td>\n<\/tr>\n<tr>\n<td class=\"pCaption caption\">\n<p> Laporte va revenir en Europe.<\/p>\n<\/td>\n<\/tr>\n<p> Le d\u00e9part d&rsquo;Aymeric Laporte de l&rsquo;\u00e9quipe de Cristiano Ronaldo est au point mort depuis un mois, les n\u00e9gociations de r\u00e9siliation de contrat la semaine derni\u00e8re n&rsquo;ayant pas abouti. Cependant, \u00e0 la derni\u00e8re minute, avant la cl\u00f4ture du mercato estival, les parties ont trouv\u00e9 un terrain d&rsquo;entente.<\/p>\n<p> Laporte a fait 222 apparitions pour l&rsquo;\u00e9quipe basque lors de son premier passage avant de rejoindre Manchester City en janvier 2018, lorsque sa clause lib\u00e9ratoire de 57 millions de livres sterling ( 77,1 millions de dollars ) a \u00e9t\u00e9 d\u00e9clench\u00e9e.<\/p>\n<p> \u00c0 l&rsquo;Etihad, le joueur de 31 ans a remport\u00e9 un total de 13 troph\u00e9es en cinq saisons et demie, dont cinq titres de Premier League et une Ligue des champions, avant de rejoindre Al Nassr en 2023.<\/p>\n<p> Pour l&rsquo;\u00e9quipe de la capitale Riyad, Laporte a fait 69 apparitions et a marqu\u00e9 9 buts, mais n&rsquo;a pas \u00e9t\u00e9 beaucoup utilis\u00e9 apr\u00e8s qu&rsquo;Al Nassr a nomm\u00e9 l&rsquo;entra\u00eeneur Jorge Jesus.<\/p>\n<p> N\u00e9 au Pays basque fran\u00e7ais et ancien international junior fran\u00e7ais, Laporte a rejoint l&rsquo;Espagne \u00e0 l&rsquo;\u00e9t\u00e9 2021 \u00e0 l&rsquo;\u00e2ge de 26 ans. Il a depuis fait 40 apparitions pour la Roja, les aidant \u00e0 remporter la Ligue des Nations 2023 et l&rsquo;Euro 2024 sous la direction de Luis de la Fuente.<\/p>\n<p> Lors de la saison 2024-25, l&rsquo;Athletic Club a termin\u00e9 quatri\u00e8me de la Liga et jouera la Ligue des champions la saison prochaine, apr\u00e8s avoir atteint les demi-finales de la Ligue Europa la saison derni\u00e8re.<\/p>\n<p class=\"mb-0\"> Source : https:\/\/znews.vn\/aymeric-laporte-roi-ronaldo-de-tro-lai-chau-au-post1581879.html<\/p>\n","protected":false},"excerpt":{"rendered":"Laporte va revenir en Europe. Le d\u00e9part d&rsquo;Aymeric Laporte de l&rsquo;\u00e9quipe de Cristiano Ronaldo est au point mort&hellip;\n","protected":false},"author":2,"featured_media":359441,"comment_status":"","ping_status":"","sticky":false,"template":"","format":"standard","meta":{"footnotes":""},"categories":[1586],"tags":[11,1777,674,1011,27,12,25],"class_list":{"0":"post-359440","1":"post","2":"type-post","3":"status-publish","4":"format-standard","5":"has-post-thumbnail","7":"category-europe","8":"tag-actualites","9":"tag-eu","10":"tag-europe","11":"tag-fr","12":"tag-france","13":"tag-news","14":"tag-republique-francaise"},"share_on_mastodon":{"url":"https:\/\/pubeurope.com\/@fr\/115131671287627557","error":""},"_links":{"self":[{"href":"https:\/\/www.europesays.com\/fr\/wp-json\/wp\/v2\/posts\/359440","targetHints":{"allow":["GET"]}}],"collection":[{"href":"https:\/\/www.europesays.com\/fr\/wp-json\/wp\/v2\/posts"}],"about":[{"href":"https:\/\/www.europesays.com\/fr\/wp-json\/wp\/v2\/types\/post"}],"author":[{"embeddable":true,"href":"https:\/\/www.europesays.com\/fr\/wp-json\/wp\/v2\/users\/2"}],"replies":[{"embeddable":true,"href":"https:\/\/www.europesays.com\/fr\/wp-json\/wp\/v2\/comments?post=359440"}],"version-history":[{"count":0,"href":"https:\/\/www.europesays.com\/fr\/wp-json\/wp\/v2\/posts\/359440\/revisions"}],"wp:featuredmedia":[{"embeddable":true,"href":"https:\/\/www.europesays.com\/fr\/wp-json\/wp\/v2\/media\/359441"}],"wp:attachment":[{"href":"https:\/\/www.europesays.com\/fr\/wp-json\/wp\/v2\/media?parent=359440"}],"wp:term":[{"taxonomy":"category","embeddable":true,"href":"https:\/\/www.europesays.com\/fr\/wp-json\/wp\/v2\/categories?post=359440"},{"taxonomy":"post_tag","embeddable":true,"href":"https:\/\/www.europesays.com\/fr\/wp-json\/wp\/v2\/tags?post=359440"}],"curies":[{"name":"wp","href":"https:\/\/api.w.org\/{rel}","templated":true}]}}