{"id":359442,"date":"2025-09-01T23:37:10","date_gmt":"2025-09-01T23:37:10","guid":{"rendered":"https:\/\/www.europesays.com\/fr\/359442\/"},"modified":"2025-09-01T23:37:10","modified_gmt":"2025-09-01T23:37:10","slug":"des-annees-quon-na-pas-eu-un-effectif-aussi-fort-analyse-riolo","status":"publish","type":"post","link":"https:\/\/www.europesays.com\/fr\/359442\/","title":{"rendered":"\u00ab\u00a0Des ann\u00e9es qu&rsquo;on n&rsquo;a pas eu un effectif aussi fort\u00a0\u00bb, analyse Riolo"},"content":{"rendered":"<p>OM : \u00ab\u00a0Des ann\u00e9es qu&rsquo;on n&rsquo;a pas eu un effectif aussi fort\u00a0\u00bb, analyse Riolo Sur le m\u00eame sujet<a href=\"https:\/\/rmcsport.bfmtv.com\/replay-emissions\/after-foot\/video-rennes-le-match-face-a-angers-est-inadmissible-lache-riolo_VN-202509010895.html\" title=\"Rennes : &quot;Le match face \u00e0 Angers est inadmissible&quot;, l\u00e2che Riolo\" rel=\"nofollow noopener\" target=\"_blank\"><img class=\"lozad\"  width=\"16\" height=\"9\" alt=\"Rennes : &quot;Le match face \u00e0 Angers est inadmissible&quot;, l\u00e2che Riolo\"\/>10:20Rennes : \u00ab\u00a0Le match face \u00e0 Angers est inadmissible\u00a0\u00bb, l\u00e2che Riolo<\/a><a href=\"https:\/\/rmcsport.bfmtv.com\/replay-emissions\/after-foot\/video-ol-je-n-ai-pas-compris-la-gestion-du-cas-mikautadze-reconnait-acherchour_VN-202509010888.html\" title=\"OL : &quot;Je n&#039;ai pas compris la gestion du cas Mikautadze&quot;, reconna\u00eet Acherchour\" rel=\"nofollow noopener\" target=\"_blank\"><img class=\"lozad\"  width=\"16\" height=\"9\" alt=\"OL : &quot;Je n'ai pas compris la gestion du cas Mikautadze&quot;, reconna\u00eet Acherchour\"\/>8:58OL : \u00ab\u00a0Je n&rsquo;ai pas compris la gestion du cas Mikautadze\u00a0\u00bb, reconna\u00eet Acherchour<\/a><a href=\"https:\/\/rmcsport.bfmtv.com\/replay-emissions\/after-foot\/video-om-des-annees-qu-on-n-a-pas-eu-un-effectif-aussi-fort-analyse-riolo_VN-202509010874.html\" title=\"OM : &quot;Des ann\u00e9es qu&#039;on n&#039;a pas eu un effectif aussi fort&quot;, analyse Riolo\" rel=\"nofollow noopener\" target=\"_blank\"><img class=\"lozad\"  width=\"16\" height=\"9\" alt=\"OM : &quot;Des ann\u00e9es qu'on n'a pas eu un effectif aussi fort&quot;, analyse Riolo\"\/>en lectureOM : \u00ab\u00a0Des ann\u00e9es qu&rsquo;on n&rsquo;a pas eu un effectif aussi fort\u00a0\u00bb, analyse Riolo<\/a><a href=\"https:\/\/rmcsport.bfmtv.com\/replay-emissions\/after-foot\/video-milan-ac-le-meilleur-mercato-de-serie-a_VN-202509010860.html\" title=\"Milan AC : Le meilleur mercato de Serie A ?\" rel=\"nofollow noopener\" target=\"_blank\"><img class=\"lozad\"  width=\"16\" height=\"9\" alt=\"Milan AC : Le meilleur mercato de Serie A ?\"\/>9:24Milan AC : Le meilleur mercato de Serie A ?<\/a><a href=\"https:\/\/rmcsport.bfmtv.com\/replay-emissions\/after-foot\/video-depassee-par-la-premier-league-la-bundesliga-devient-elle-un-championnat-de-formation_VN-202509010845.html\" title=\"D\u00e9pass\u00e9e par la Premier League, la Bundesliga devient-elle un championnat de formation ?\" rel=\"nofollow noopener\" target=\"_blank\"><img class=\"lozad\"  width=\"16\" height=\"9\" alt=\"D\u00e9pass\u00e9e par la Premier League, la Bundesliga devient-elle un championnat de formation ?\"\/>7:58D\u00e9pass\u00e9e par la Premier League, la Bundesliga devient-elle un championnat de formation ?<\/a><a href=\"https:\/\/rmcsport.bfmtv.com\/replay-emissions\/after-foot\/video-liverpool-ils-ont-tue-le-game-decryptage-d-un-mercato-xxl_VN-202509010837.html\" title=\"Liverpool : &quot;Ils ont tu\u00e9 le game&quot;, d\u00e9cryptage d&#039;un mercato XXL\" rel=\"nofollow noopener\" target=\"_blank\"><img class=\"lozad\"  width=\"16\" height=\"9\" alt=\"Liverpool : &quot;Ils ont tu\u00e9 le game&quot;, d\u00e9cryptage d'un mercato XXL\"\/>9:19Liverpool : \u00ab\u00a0Ils ont tu\u00e9 le game\u00a0\u00bb, d\u00e9cryptage d&rsquo;un mercato XXL<\/a><a href=\"https:\/\/rmcsport.bfmtv.com\/replay-emissions\/after-foot\/video-manchester-united-encore-une-saison-en-enfer_VN-202509010827.html\" title=\"Manchester United : Encore une saison en enfer ?\" rel=\"nofollow noopener\" target=\"_blank\"><img class=\"lozad\"  width=\"16\" height=\"9\" alt=\"Manchester United : Encore une saison en enfer ?\"\/>9:44Manchester United : Encore une saison en enfer ?<\/a><a href=\"https:\/\/rmcsport.bfmtv.com\/replay-emissions\/after-foot\/video-bayer-leverkusen-son-autoritarisme-a-pose-probleme-ten-hag-les-raisons-d-un-echec_VN-202509010807.html\" title=\"Bayer Leverkusen : &quot;Son autoritarisme a pos\u00e9 probl\u00e8me&quot; Ten Hag, les raisons d&#039;un \u00e9chec\" rel=\"nofollow noopener\" target=\"_blank\"><img class=\"lozad\"  width=\"16\" height=\"9\" alt=\"Bayer Leverkusen : &quot;Son autoritarisme a pos\u00e9 probl\u00e8me&quot; Ten Hag, les raisons d'un \u00e9chec\"\/>6:16Bayer Leverkusen : \u00ab\u00a0Son autoritarisme a pos\u00e9 probl\u00e8me\u00a0\u00bb Ten Hag, les raisons d&rsquo;un \u00e9chec<\/a><a href=\"https:\/\/rmcsport.bfmtv.com\/replay-emissions\/after-foot\/video-l-incroyable-ete-de-l-olympique-lyonnais-after-mercato_VN-202509010683.html\" title=\"L&#039;INCROYABLE \u00e9t\u00e9 de l&#039;Olympique Lyonnais (After Mercato)\" rel=\"nofollow noopener\" target=\"_blank\"><img class=\"lozad\"  width=\"16\" height=\"9\" alt=\"L'INCROYABLE \u00e9t\u00e9 de l'Olympique Lyonnais (After Mercato)\"\/>18:29L&rsquo;INCROYABLE \u00e9t\u00e9 de l&rsquo;Olympique Lyonnais (After Mercato)<\/a><a href=\"https:\/\/rmcsport.bfmtv.com\/replay-emissions\/after-foot\/video-ol-1-0-om-c-est-honteux-walid-dezingue-le-craquage-mental-des-marseillais_VN-202509010282.html\" title=\"OL 1-0 OM : &quot;C&#039;est honteux !&quot;, Walid d\u00e9zingue le craquage mental des Marseillais\" rel=\"nofollow noopener\" target=\"_blank\"><img class=\"lozad\"  width=\"16\" height=\"9\" alt=\"OL 1-0 OM : &quot;C'est honteux !&quot;, Walid d\u00e9zingue le craquage mental des Marseillais\"\/>0:38OL 1-0 OM : \u00ab\u00a0C&rsquo;est honteux !\u00a0\u00bb, Walid d\u00e9zingue le craquage mental des Marseillais<\/a><a href=\"https:\/\/rmcsport.bfmtv.com\/replay-emissions\/after-foot\/video-paris-fc-3-2-metz-il-se-passe-quelque-chose-la-premiere-reussie-du-pfc-a-jean-bouin_VN-202508310388.html\" title=\"Paris FC 3-2 Metz : &quot;Il se passe quelque chose&quot; la premi\u00e8re r\u00e9ussie du PFC \u00e0 Jean Bouin\" rel=\"nofollow noopener\" target=\"_blank\"><img class=\"lozad\"  width=\"16\" height=\"9\" alt=\"Paris FC 3-2 Metz : &quot;Il se passe quelque chose&quot; la premi\u00e8re r\u00e9ussie du PFC \u00e0 Jean Bouin\"\/>3:34Paris FC 3-2 Metz : \u00ab\u00a0Il se passe quelque chose\u00a0\u00bb la premi\u00e8re r\u00e9ussie du PFC \u00e0 Jean Bouin<\/a><a href=\"https:\/\/rmcsport.bfmtv.com\/replay-emissions\/after-foot\/video-ol-1-0-om-au-finish-lyon-prend-le-meilleur-sur-marseille-le-debrief-complet_VN-202508310385.html\" title=\"OL 1-0 OM : Au finish Lyon prend le meilleur sur Marseille, le d\u00e9brief complet\" rel=\"nofollow noopener\" target=\"_blank\"><img class=\"lozad\"  width=\"16\" height=\"9\" alt=\"OL 1-0 OM : Au finish Lyon prend le meilleur sur Marseille, le d\u00e9brief complet\"\/>41:31OL 1-0 OM : Au finish Lyon prend le meilleur sur Marseille, le d\u00e9brief complet<\/a><a href=\"https:\/\/rmcsport.bfmtv.com\/replay-emissions\/after-foot\/video-psg-un-triple-historique-par-sa-beaute-la-masterclass-de-joao-neves-met-tout-le-monde-d-accord_VN-202508310137.html\" title=\"PSG : &quot;Un tripl\u00e9 historique par sa beaut\u00e9&quot;, la masterclass de Jo\u00e3o Neves met tout le monde d&#039;accord\" rel=\"nofollow noopener\" target=\"_blank\"><img class=\"lozad\"  width=\"16\" height=\"9\" alt=\"PSG : &quot;Un tripl\u00e9 historique par sa beaut\u00e9&quot;, la masterclass de Jo\u00e3o Neves met tout le monde d'accord\"\/>1:07PSG : \u00ab\u00a0Un tripl\u00e9 historique par sa beaut\u00e9\u00a0\u00bb, la masterclass de Jo\u00e3o Neves met tout le monde d&rsquo;accord<\/a><a href=\"https:\/\/rmcsport.bfmtv.com\/replay-emissions\/after-foot\/video-lille-un-echantillon-hyper-prometteur-acherchour-bluffe-par-la-rentree-d-igamane_VN-202508310123.html\" title=\"Lille : &quot;Un \u00e9chantillon hyper prometteur&quot;, Acherchour bluff\u00e9 par la rentr\u00e9e d&#039;Igamane\" rel=\"nofollow noopener\" target=\"_blank\"><img class=\"lozad\"  width=\"16\" height=\"9\" alt=\"Lille : &quot;Un \u00e9chantillon hyper prometteur&quot;, Acherchour bluff\u00e9 par la rentr\u00e9e d'Igamane\"\/>1:02Lille : \u00ab\u00a0Un \u00e9chantillon hyper prometteur\u00a0\u00bb, Acherchour bluff\u00e9 par la rentr\u00e9e d&rsquo;Igamane<\/a><a class=\"jumpToVideo\" target=\"_blank\"><img class=\"thumbnailPreview\"\/><\/a><\/p>\n","protected":false},"excerpt":{"rendered":"OM : \u00ab\u00a0Des ann\u00e9es qu&rsquo;on n&rsquo;a pas eu un effectif aussi fort\u00a0\u00bb, analyse Riolo Sur le m\u00eame sujet10:20Rennes&hellip;\n","protected":false},"author":2,"featured_media":359443,"comment_status":"","ping_status":"","sticky":false,"template":"","format":"standard","meta":{"footnotes":""},"categories":[1586],"tags":[11,1777,674,1779,1011,27,12,25,1778,364],"class_list":{"0":"post-359442","1":"post","2":"type-post","3":"status-publish","4":"format-standard","5":"has-post-thumbnail","7":"category-europe","8":"tag-actualites","9":"tag-eu","10":"tag-europe","11":"tag-european-union","12":"tag-fr","13":"tag-france","14":"tag-news","15":"tag-republique-francaise","16":"tag-ue","17":"tag-union-europeenne"},"share_on_mastodon":{"url":"https:\/\/pubeurope.com\/@fr\/115131675038951446","error":""},"_links":{"self":[{"href":"https:\/\/www.europesays.com\/fr\/wp-json\/wp\/v2\/posts\/359442","targetHints":{"allow":["GET"]}}],"collection":[{"href":"https:\/\/www.europesays.com\/fr\/wp-json\/wp\/v2\/posts"}],"about":[{"href":"https:\/\/www.europesays.com\/fr\/wp-json\/wp\/v2\/types\/post"}],"author":[{"embeddable":true,"href":"https:\/\/www.europesays.com\/fr\/wp-json\/wp\/v2\/users\/2"}],"replies":[{"embeddable":true,"href":"https:\/\/www.europesays.com\/fr\/wp-json\/wp\/v2\/comments?post=359442"}],"version-history":[{"count":0,"href":"https:\/\/www.europesays.com\/fr\/wp-json\/wp\/v2\/posts\/359442\/revisions"}],"wp:featuredmedia":[{"embeddable":true,"href":"https:\/\/www.europesays.com\/fr\/wp-json\/wp\/v2\/media\/359443"}],"wp:attachment":[{"href":"https:\/\/www.europesays.com\/fr\/wp-json\/wp\/v2\/media?parent=359442"}],"wp:term":[{"taxonomy":"category","embeddable":true,"href":"https:\/\/www.europesays.com\/fr\/wp-json\/wp\/v2\/categories?post=359442"},{"taxonomy":"post_tag","embeddable":true,"href":"https:\/\/www.europesays.com\/fr\/wp-json\/wp\/v2\/tags?post=359442"}],"curies":[{"name":"wp","href":"https:\/\/api.w.org\/{rel}","templated":true}]}}