{"id":359448,"date":"2025-09-01T23:40:15","date_gmt":"2025-09-01T23:40:15","guid":{"rendered":"https:\/\/www.europesays.com\/fr\/359448\/"},"modified":"2025-09-01T23:40:15","modified_gmt":"2025-09-01T23:40:15","slug":"radio-france-celebre-ses-50-ans-avec-un-timbre","status":"publish","type":"post","link":"https:\/\/www.europesays.com\/fr\/359448\/","title":{"rendered":"Radio France c\u00e9l\u00e8bre ses 50 ans avec un timbre"},"content":{"rendered":"<p>Cr\u00e9\u00e9 en 1975, \u00e0 la suite du d\u00e9mant\u00e8lement de l&rsquo;ORTF, le Groupe Radio France f\u00eate ses 50 ans avec, notamment, un timbre \u00e9dit\u00e9 et commercialis\u00e9 par La Poste. Avec 7 antennes diff\u00e9rentes, 2 orchestres, un c\u0153ur et une ma\u00eetrise, le groupe qui est la premi\u00e8re entreprise culturelle de France, reste tr\u00e8s attach\u00e9 \u00e0 la notion de service public.  <\/p>\n<p>Depuis le 1er septembre, La Poste commercialise un nouveau timbre au tarif vert, soit 1,39 \u20ac, \u00e9dit\u00e9 pour c\u00e9l\u00e9brer le 50e anniversaire de la naissance de <a href=\"https:\/\/www.radiofrance.com\/#:~:text=7%20cha%C3%AEnes,grand%20m%C3%A9dia%20de%20service%20public.\" target=\"_blank\" rel=\"noopener\">Radio France<\/a>. Il compl\u00e8te ainsi une s\u00e9rie consacr\u00e9e aux m\u00e9dias. L\u2019illustration de ce timbre, tir\u00e9 \u00e0 330 000 exemplaires a \u00e9t\u00e9 confi\u00e9 \u00e0 Ugo Gattoni, artiste \u00e0 l\u2019univers\u00a0 fantasmagorique, qui est l\u2019auteur de l\u2019affiche des JO de Paris 2024.<br \/>Le lancement de ce timbre a donn\u00e9 lieu \u00e0 une journ\u00e9e sp\u00e9ciale avec avant-premi\u00e8re et cachet sp\u00e9cifique tr\u00e8s pris\u00e9e des collectionneurs, en partenariat avec les antennes locale du r\u00e9seau Ici, anciennement France Bleu. Mais au del\u00e0 de l\u2019aspect purement philat\u00e9lique, ce timbre est aussi l\u2019occasion de revenir sur la notion de service public dans les m\u00e9dias, ce que nous avons fait avec Philippe Abel, directeur de Ici Pays d\u2019Auvergne.<\/p>\n<p>\u00ab\u00a0Nous ne seront jamais les premiers \u00e0 sortir une information\u00a0\u00bb<\/p>\n<p>7 Jours \u00e0 Clermont : Que repr\u00e9sente en 2025 la notion se service public au sein d\u2019un univers m\u00e9diatique tr\u00e8s d\u00e9velopp\u00e9 ?<br \/>Philippe Abel : Un demi-si\u00e8cle apr\u00e8s la cr\u00e9ation de Radio France, travailler pour le service public reste quelque chose de fort car le groupe porte des valeurs, la premi\u00e8re qui me vient \u00e0 l\u2019esprit c\u2019est la qualit\u00e9 de l\u2019information. On est tous dans un bruit informationnel tr\u00e8s important et Radio France attache une importance particuli\u00e8re \u00e0 cette qualit\u00e9 en faisant en sorte que nos informations soient sourc\u00e9es et v\u00e9rifi\u00e9es.<\/p>\n<p>7J\u00e0C : Comment cela se mat\u00e9rialise-t-il pour les auditeurs ?<br \/>P.A\u00a0 : Cela peut para\u00eetre b\u00eate mais parce que nos journalistes, qui sont professionnels, font un travail d\u2019enqu\u00eate, de qualification de l\u2019information. Ils font un travail objectif. C\u2019est donc dans l\u2019ADN de Radio France d\u2019\u00eatre un service public au service de son public en sortant des choses qui sont v\u00e9rifi\u00e9es, sourc\u00e9es, qualifi\u00e9es, et l\u2019on garde cet esprit dans tous les domaines de l\u2019action.<\/p>\n<p>7J\u00e0C : Le paysage a beaucoup \u00e9volu\u00e9 depuis la cr\u00e9ation du groupe en 1975\u2026<br \/>P. A\u00a0 : Il y a 50 ans le num\u00e9rique n\u2019existait pas mais il a pris une part importante dans la vie et dans les usages de nos auditeurs et globalement de tous nos concitoyens. C\u2019est un champs de l\u2019action que nous avons investi \u00e9videmment puisque le groupe se doit de rencontrer les usages de son public. Nous avons investi le num\u00e9rique tr\u00e8s largement et les succ\u00e8s sont tr\u00e8s tr\u00e8s forts puisque nous avons par exemple sur le site d\u2019 Ici Pays d\u2019Auvergne plus de 550 000 visiteurs uniques, tous les jours. Nous avons aussi des succ\u00e8s d\u2019audience sur les podcasts puisque Radio France fourni plus de 2 Millions de podcast par an, ce qui est \u00e9norme.<\/p>\n<p>La radio, un\u00a0 m\u00e9dia ancien dont la pertinence perdure<\/p>\n<p>7 Jours \u00e0 Clermont : La radio en direct reste-t-elle encore un m\u00e9dia pertinent ?<br \/>Philippe Abel : C\u2019est un m\u00e9dia ancien mais qui demeure dans les usages. Le matin chacun emm\u00e8ne ses enfants \u00e0 l\u2019\u00e9cole en voiture, chacun s\u2019occupe de ce qu\u2019il a \u00e0 faire, mais va garder la radio comme source d\u2019information principale. Que se passe-t-il autour de moi ? Je me r\u00e9veille, j\u2019\u00e9coute la radio. Personnellement je l\u2019\u00e9coute sur mon portable et je ne l\u2019\u00e9coute plus sur une radio physique depuis bien longtemps, mais la question est \u00ab\u00a0qu\u2019est ce que la radio apporte dans mon quotidien ?\u00a0\u00bb,\u00a0 c\u2019est tout b\u00eate mais c\u2019est une mission \u00e0 laquelle on s\u2019attache tous les jours, c\u2019est l\u2019essence du service publique. Ce n\u2019est pas faire du sensationnel, c\u2019est essayer d\u2019\u00eatre \u00e0 la rencontre de nos auditeurs dans leur vie de tous les jours.<\/p>\n<p>7J\u00e0C : Les fondations de Radio France ne sont-elle pas \u00e9branl\u00e9es avec les diff\u00e9rentes r\u00e9formes voulues par les dirigeants successifs ?<br \/>P. A : Depuis 50 ans, il y en a eu des bouleversements, des modifications, des dirigeants qui ont voulu laisser leur patte\u2026 Que nous montrent ces 50 premi\u00e8res ann\u00e9es ? Que Radio France sait \u00e9voluer, et on le prouve avec les audiences d\u2019un groupe qui a su \u00e9voluer. Nous (les locales) \u00e0 partir du 19 avril 1983, on a aussi toujours su \u00e9voluer. Demain, d\u2019autres usages feront leur apparition et nous seront aussi sur ces terrains l\u00e0 si cela fait sens. Il ne s\u2019agit de contraindre les futurs usages mais d\u2019arriver dans les usages. Qui sait ce que le monde sera dans 10 ans ? Personne\u2026 nous, on \u00e9volue avec le monde qui nous entoure.<\/p>\n<p><img loading=\"lazy\" decoding=\"async\" width=\"980\" height=\"551\" src=\"data:image\/svg+xml,%3Csvg%20xmlns=\" http:=\"\" alt=\"Timbre 50 ans de Radio France d'Ugo Gattoni Photo 7 Jours \u00e0 Clermont\" class=\"wp-image-2535160\" data-lazy- data-lazy- data-lazy-src=\"https:\/\/www.europesays.com\/fr\/wp-content\/uploads\/2025\/09\/Timbre-50-ans-de-Radio-France-dUgo-Gattoni-Photo-7-Jours-a-Clermont.jpg\"\/>Timbre et tampon <a href=\"https:\/\/www.radiofrance.com\/presse\/radio-france-x-la-poste-les-50-ans-de-radio-france-celebres-par-la-poste-avec-un-bloc-timbre\" target=\"_blank\" rel=\"noreferrer noopener\">50 ans de Radio<\/a> France d\u2019Ugo Gattoni \/ Photo 7 Jours \u00e0 Clermont<\/p>\n","protected":false},"excerpt":{"rendered":"Cr\u00e9\u00e9 en 1975, \u00e0 la suite du d\u00e9mant\u00e8lement de l&rsquo;ORTF, le Groupe Radio France f\u00eate ses 50 ans&hellip;\n","protected":false},"author":2,"featured_media":359449,"comment_status":"","ping_status":"","sticky":false,"template":"","format":"standard","meta":{"footnotes":""},"categories":[4],"tags":[11,1011,27,3754,12,49478,1825,10316,25,17311,96],"class_list":{"0":"post-359448","1":"post","2":"type-post","3":"status-publish","4":"format-standard","5":"has-post-thumbnail","7":"category-france","8":"tag-actualites","9":"tag-fr","10":"tag-france","11":"tag-media","12":"tag-news","13":"tag-newsletters-jeudi","14":"tag-radio","15":"tag-radio-france","16":"tag-republique-francaise","17":"tag-service-public","18":"tag-une"},"share_on_mastodon":{"url":"https:\/\/pubeurope.com\/@fr\/115131686753597918","error":""},"_links":{"self":[{"href":"https:\/\/www.europesays.com\/fr\/wp-json\/wp\/v2\/posts\/359448","targetHints":{"allow":["GET"]}}],"collection":[{"href":"https:\/\/www.europesays.com\/fr\/wp-json\/wp\/v2\/posts"}],"about":[{"href":"https:\/\/www.europesays.com\/fr\/wp-json\/wp\/v2\/types\/post"}],"author":[{"embeddable":true,"href":"https:\/\/www.europesays.com\/fr\/wp-json\/wp\/v2\/users\/2"}],"replies":[{"embeddable":true,"href":"https:\/\/www.europesays.com\/fr\/wp-json\/wp\/v2\/comments?post=359448"}],"version-history":[{"count":0,"href":"https:\/\/www.europesays.com\/fr\/wp-json\/wp\/v2\/posts\/359448\/revisions"}],"wp:featuredmedia":[{"embeddable":true,"href":"https:\/\/www.europesays.com\/fr\/wp-json\/wp\/v2\/media\/359449"}],"wp:attachment":[{"href":"https:\/\/www.europesays.com\/fr\/wp-json\/wp\/v2\/media?parent=359448"}],"wp:term":[{"taxonomy":"category","embeddable":true,"href":"https:\/\/www.europesays.com\/fr\/wp-json\/wp\/v2\/categories?post=359448"},{"taxonomy":"post_tag","embeddable":true,"href":"https:\/\/www.europesays.com\/fr\/wp-json\/wp\/v2\/tags?post=359448"}],"curies":[{"name":"wp","href":"https:\/\/api.w.org\/{rel}","templated":true}]}}