{"id":359450,"date":"2025-09-01T23:43:11","date_gmt":"2025-09-01T23:43:11","guid":{"rendered":"https:\/\/www.europesays.com\/fr\/359450\/"},"modified":"2025-09-01T23:43:11","modified_gmt":"2025-09-01T23:43:11","slug":"rc-vannes-soyaux-angouleme-qui-est-la-star-du-saxv-le-prochain-adversaire-du-rcv","status":"publish","type":"post","link":"https:\/\/www.europesays.com\/fr\/359450\/","title":{"rendered":"RC Vannes &#8211; Soyaux Angoul\u00eame\u00a0: qui est la star du SAXV, le prochain adversaire du RCV\u00a0?"},"content":{"rendered":"<p>Pro D2 (2e journ\u00e9e). RC Vannes &#8211; Soyaux Angoul\u00eame, vendredi (21 h)<\/p>\n<p>Apr\u00e8s une bonne premi\u00e8re sortie hors de ses bases, le <a href=\"https:\/\/www.letelegramme.fr\/sports\/rugby\/rc-vannes\/\" target=\"_blank\" rel=\"nofollow noopener\">RC Vannes<\/a> va retrouver le Stade de La Rabine pour le plus grand plaisir de ses supporters. Pour cette premi\u00e8re \u00e0 domicile, l\u2019affrontement face \u00e0 Soyaux Angoul\u00eame promet. Le club revenu en Pro D2 en 2022 dispose d\u2019un effectif rest\u00e9 stable durant l\u2019intersaison avec deux arriv\u00e9es pour cinq d\u00e9parts. Malgr\u00e9 la venue du second ligne australien, Richie Arnold, en provenance du Stade Toulousain. La star de l\u2019\u00e9quipe charentaise est anglaise avec l\u2019ailier, Jonny May.<\/p>\n<p>Une premi\u00e8re saison pleine de promesse<\/p>\n<p>Apr\u00e8s avoir pass\u00e9 une grande partie de sa carri\u00e8re outre-Manche en \u00e9voluant sous la tunique de Gloucester (2013-2017, 2019-2024) et des Leicester Tigers (2017-2019), le joueur de 35 ans a ralli\u00e9 la France, la saison derni\u00e8re. Il s\u2019est engag\u00e9 pour deux saisons avec Soyaux Angoul\u00eame, consid\u00e9r\u00e9 comme l\u2019un des gros coups de la saison derni\u00e8re au c\u00f4t\u00e9 d\u2019un certain <a href=\"https:\/\/www.letelegramme.fr\/sports\/rugby\/rc-vannes\/brive-rc-vannes-qui-est-la-star-du-ca-brive-premier-adversaire-de-cette-nouvelle-saison-6877787.php\" target=\"_blank\" rel=\"nofollow noopener\">Courtney Lawes<\/a>.<\/p>\n<p>D\u00e8s son arriv\u00e9e en France, il a impressionn\u00e9 par son leadership d\u00fb \u00e0 ses 78 s\u00e9lections avec le XV de la Rose et \u00e0 ses participations aux Coupe du monde 2015, 2019, 2023. Pour sa premi\u00e8re saison avec le maillot violet, il a inscrit quatre essais en 17 rencontres disput\u00e9es. Lors de la pr\u00e9paration estivale, l\u2019exp\u00e9riment\u00e9 Anglais avait pris part \u00e0 la rencontre amicale face \u00e0 l\u2019Union Bordeaux B\u00e8gles. Sa participation pour la deuxi\u00e8me journ\u00e9e est incertaine puisqu\u2019il \u00e9tait absent de la feuille de match face \u00e0 Provence Rugby.<\/p>\n","protected":false},"excerpt":{"rendered":"Pro D2 (2e journ\u00e9e). RC Vannes &#8211; Soyaux Angoul\u00eame, vendredi (21 h) Apr\u00e8s une bonne premi\u00e8re sortie hors&hellip;\n","protected":false},"author":2,"featured_media":359451,"comment_status":"","ping_status":"","sticky":false,"template":"","format":"standard","meta":{"footnotes":""},"categories":[1416],"tags":[1011,27,2308,3164,3167,479,1468,60,3165],"class_list":{"0":"post-359450","1":"post","2":"type-post","3":"status-publish","4":"format-standard","5":"has-post-thumbnail","7":"category-rugby","8":"tag-fr","9":"tag-france","10":"tag-pro-d2","11":"tag-rc-vannes","12":"tag-rcv","13":"tag-rugby","14":"tag-rugby-football","15":"tag-sports","16":"tag-vannes"},"share_on_mastodon":{"url":"https:\/\/pubeurope.com\/@fr\/115131698627512179","error":""},"_links":{"self":[{"href":"https:\/\/www.europesays.com\/fr\/wp-json\/wp\/v2\/posts\/359450","targetHints":{"allow":["GET"]}}],"collection":[{"href":"https:\/\/www.europesays.com\/fr\/wp-json\/wp\/v2\/posts"}],"about":[{"href":"https:\/\/www.europesays.com\/fr\/wp-json\/wp\/v2\/types\/post"}],"author":[{"embeddable":true,"href":"https:\/\/www.europesays.com\/fr\/wp-json\/wp\/v2\/users\/2"}],"replies":[{"embeddable":true,"href":"https:\/\/www.europesays.com\/fr\/wp-json\/wp\/v2\/comments?post=359450"}],"version-history":[{"count":0,"href":"https:\/\/www.europesays.com\/fr\/wp-json\/wp\/v2\/posts\/359450\/revisions"}],"wp:featuredmedia":[{"embeddable":true,"href":"https:\/\/www.europesays.com\/fr\/wp-json\/wp\/v2\/media\/359451"}],"wp:attachment":[{"href":"https:\/\/www.europesays.com\/fr\/wp-json\/wp\/v2\/media?parent=359450"}],"wp:term":[{"taxonomy":"category","embeddable":true,"href":"https:\/\/www.europesays.com\/fr\/wp-json\/wp\/v2\/categories?post=359450"},{"taxonomy":"post_tag","embeddable":true,"href":"https:\/\/www.europesays.com\/fr\/wp-json\/wp\/v2\/tags?post=359450"}],"curies":[{"name":"wp","href":"https:\/\/api.w.org\/{rel}","templated":true}]}}