{"id":359452,"date":"2025-09-01T23:44:13","date_gmt":"2025-09-01T23:44:13","guid":{"rendered":"https:\/\/www.europesays.com\/fr\/359452\/"},"modified":"2025-09-01T23:44:13","modified_gmt":"2025-09-01T23:44:13","slug":"us-open-f-swiatek-a-deroule","status":"publish","type":"post","link":"https:\/\/www.europesays.com\/fr\/359452\/","title":{"rendered":"US Open (F) : Swiatek a d\u00e9roul\u00e9"},"content":{"rendered":"<p class=\"date\">\n                                                            Aur\u00e9lie Sacchelli, Media365, publi\u00e9 le lundi 01 septembre 2025 \u00e0 21h21\n                                                    <\/p>\n<p>Iga Swiatek n&rsquo;a pass\u00e9 que 65 minutes sur le court, le temps d&rsquo;\u00e9liminer Ekaterina Alexandrova en huiti\u00e8mes de finale de l&rsquo;US Open. La Polonaise pourrait d\u00e9fier en quarts celle qu&rsquo;elle avait \u00e9cras\u00e9e en finale de Wimbledon, Amanda Anisimova.<\/p>\n<p>A peine son match termin\u00e9, avant m\u00eame la traditionnelle interview sur le court, Iga Swiatek \u00e9tai d\u00e9j\u00e0 en train d&rsquo;envoyer un SMS \u00e0 son coach pour lui demander de r\u00e9server au plus vite un court d&rsquo;entrainement, comme le faisait son idole Rafael Nadal \u00e0 sa grande \u00e9poque. Preuve que la Polonaise estimait n&rsquo;avoir pas pass\u00e9 assez de temps sur le court. Son huiti\u00e8me de finale de l&rsquo;US Open contre Ekaterina Alexandrova n&rsquo;a en effet dur\u00e9 que 65 minutes. Alors que la Russe, n\u00b012 mondiale, avait d\u00e9j\u00e0 livr\u00e9 quelques belles batailles face \u00e0 la n\u00b02, la battant m\u00eame au tournoi de Melbourne en 2021 et \u00e0 Miami en 2024, elle n&rsquo;a cette fois pas exist\u00e9. Elle a notamment perdu son service \u00e0 cinq reprises, la faute notamment \u00e0 une deuxi\u00e8me balle catastrophique (22% de points gagn\u00e9s derri\u00e8re). Alexandrova a certes r\u00e9ussi \u00e0 d\u00e9breaker dans la foul\u00e9e alors qu&rsquo;elle avait perdu son service d&rsquo;entr\u00e9e de match. Mais elle n&rsquo;est ensuite jamais parvenue \u00e0 trouver son rythme, au contraire de Swiatek, qui a encha\u00een\u00e9 les jeux sans trembler. <strong>Apr\u00e8s le break conc\u00e9d\u00e9 en d\u00e9but de match, la Polonaise n&rsquo;a perdu que trois points sur son service, et a break\u00e9 \u00e0 3-3 et 5-3 sur sa premi\u00e8re occasion.<\/strong><\/p>\n<p>Un remake de la finale de Wimbledon ?<\/p>\n<p>Dans le deuxi\u00e8me set, la n\u00b012 mondiale a tenu jusqu&rsquo;\u00e0 1-1, avant de s&rsquo;\u00e9crouler. Elle a perdu son service \u00e0 1-2 et 1-4, et m\u00eame si Swiatek a eu un peu de mal \u00e0 conclure \u00e0 5-1, sauvant trois balles de d\u00e9break, c&rsquo;est bien la Polonaise qui d\u00e9croche son billet pour les quarts. <strong>Un stade de la comp\u00e9tition qu&rsquo;Ekaterina Alexandrova n&rsquo;a toujours pas atteint en Grand Chelem, \u00e0 30 ans.<\/strong> Pour son troisi\u00e8me quart de finale \u00e0 l&rsquo;US Open, Iga Swiatek (24 ans) affrontera Beatriz Haddad Maia, qu&rsquo;elle a d\u00e9j\u00e0 battue trois fois ou quatre, ou\u00a0Amanda Anisimova, qu&rsquo;elle a battue lors de leur unique confrontation. Et quelle confrontation ! C&rsquo;\u00e9tait en finale du dernier Wimbledon et la Polonaise l&rsquo;avait emport\u00e9 6-0, 6-0.<\/p>\n","protected":false},"excerpt":{"rendered":"Aur\u00e9lie Sacchelli, Media365, publi\u00e9 le lundi 01 septembre 2025 \u00e0 21h21 Iga Swiatek n&rsquo;a pass\u00e9 que 65 minutes&hellip;\n","protected":false},"author":2,"featured_media":359453,"comment_status":"","ping_status":"","sticky":false,"template":"","format":"standard","meta":{"footnotes":""},"categories":[1415],"tags":[1011,27,60,1467],"class_list":{"0":"post-359452","1":"post","2":"type-post","3":"status-publish","4":"format-standard","5":"has-post-thumbnail","7":"category-tennis","8":"tag-fr","9":"tag-france","10":"tag-sports","11":"tag-tennis"},"share_on_mastodon":{"url":"https:\/\/pubeurope.com\/@fr\/115131702472662620","error":""},"_links":{"self":[{"href":"https:\/\/www.europesays.com\/fr\/wp-json\/wp\/v2\/posts\/359452","targetHints":{"allow":["GET"]}}],"collection":[{"href":"https:\/\/www.europesays.com\/fr\/wp-json\/wp\/v2\/posts"}],"about":[{"href":"https:\/\/www.europesays.com\/fr\/wp-json\/wp\/v2\/types\/post"}],"author":[{"embeddable":true,"href":"https:\/\/www.europesays.com\/fr\/wp-json\/wp\/v2\/users\/2"}],"replies":[{"embeddable":true,"href":"https:\/\/www.europesays.com\/fr\/wp-json\/wp\/v2\/comments?post=359452"}],"version-history":[{"count":0,"href":"https:\/\/www.europesays.com\/fr\/wp-json\/wp\/v2\/posts\/359452\/revisions"}],"wp:featuredmedia":[{"embeddable":true,"href":"https:\/\/www.europesays.com\/fr\/wp-json\/wp\/v2\/media\/359453"}],"wp:attachment":[{"href":"https:\/\/www.europesays.com\/fr\/wp-json\/wp\/v2\/media?parent=359452"}],"wp:term":[{"taxonomy":"category","embeddable":true,"href":"https:\/\/www.europesays.com\/fr\/wp-json\/wp\/v2\/categories?post=359452"},{"taxonomy":"post_tag","embeddable":true,"href":"https:\/\/www.europesays.com\/fr\/wp-json\/wp\/v2\/tags?post=359452"}],"curies":[{"name":"wp","href":"https:\/\/api.w.org\/{rel}","templated":true}]}}