{"id":359456,"date":"2025-09-01T23:47:14","date_gmt":"2025-09-01T23:47:14","guid":{"rendered":"https:\/\/www.europesays.com\/fr\/359456\/"},"modified":"2025-09-01T23:47:14","modified_gmt":"2025-09-01T23:47:14","slug":"formule-1-cetait-une-vraie-pile-electrique-quand-isack-hadjar-debutait-par-le-karting-en-seine-et-marne-le-parisien","status":"publish","type":"post","link":"https:\/\/www.europesays.com\/fr\/359456\/","title":{"rendered":"Formule 1 : \u00ab C&#039;\u00e9tait une vraie pile \u00e9lectrique \u00bb\u2026 Quand Isack Hadjar d\u00e9butait par le karting en Seine-et-Marne &#8211; Le Parisien"},"content":{"rendered":"<ol>\n<li><a href=\"https:\/\/news.google.com\/rss\/articles\/CBMilwJBVV95cUxNLTVCaUhkRkMxMzI4ZEY4THF4V2tkMEFTbUkxTW1XUkJaSnZfME11R251V0FiQkRpVi1OLTNmV0liNzgwTjZPenMwbEJxN25BcDY3RWVqVUZ2d1d5RG43SUlWb2xCRnhaZFhQQXl0ZnZOQnlvcXhyc1FMREtXU0dnUzZuY3YxR3ZzS0s2bjR6TUtMNmlMY0hIaUpscFpNM2xncE5yZGtOX0tGRjJaTmxfOUwwT0lISnhRS3lFX1liZGxFOGM0bVdKMlBpSFJiTWVMTW8tWGNGU04wampBOW9TTEJOYzBFMmlzNDRlbm92NU45dy1QS3J0SnZDZHdjeC1yS0k1RDh5ckZhV2ZSS2dRVEJZVTZhY2M?oc=5\" target=\"_blank\" rel=\"nofollow noopener\">Formule 1 : \u00ab C&rsquo;\u00e9tait une vraie pile \u00e9lectrique \u00bb\u2026 Quand Isack Hadjar d\u00e9butait par le karting en Seine-et-Marne<\/a>&nbsp;&nbsp;Le Parisien<\/li>\n<li><a href=\"https:\/\/news.google.com\/rss\/articles\/CBMirgJBVV95cUxONF9ZLXBoUS16MkxqVGJRWTRpQmJaSWliaVVkRFZRczFaU0EzcTFjRElhcFI3ekpqV3dtZ3lvLVVfY1BTakNfbS1UeTUzSWJRTlJVTzFyXzhjU3RvSXNzRUJrdlJ4VVJ5S1gybF8xVU9jTkJZbXpadVRySHNfTFozdWdRb0JwbGI0T3pJQ080UXEyeEMyTndKUWJfUTZzR0J3RGRlRXBDSkF1TkNNckg0UDFiMmlxMWhSLU5PVEJUUVg2WkZKSHl2M21aZXdkRHlwMFI4ZWhsNW50bTlBUTRKUXd3dmxDZHB6cWxvaDJQQWJtOHJWVjdzaFptNkJmVHVlSW9SREpKY0JVUEc5aU85OVhid0hiQ1ZOQS14MmE5U3F0QmRaSVVLZ2M3SWs1UQ?oc=5\" target=\"_blank\" rel=\"nofollow noopener\">Premier podium pour le Fran\u00e7ais Isack Hadjar au Grand Prix de formule 1 des Pays-Bas ; Oscar Piastri, vainqueur, prend le large en t\u00eate du championnat<\/a>&nbsp;&nbsp;Le Monde.fr<\/li>\n<li><a href=\"https:\/\/news.google.com\/rss\/articles\/CBMiiAFBVV95cUxQUlRvWElfYS1WSWpLZ19zNFZjSnNWTG8xLUZDZXNrNWpSeHRLVWFZTHFWbHY5TFFicDRNN2RzQW51ejlnSzY1cmFHSXNmZFZ2TmJoT0IwOHY4NjNhTGlQRVZqbDBpSHk5SVlYYkVHa0NsLWtla0N1VkxFbGRlWFpRM3A4UEZRZzRS?oc=5\" target=\"_blank\" rel=\"nofollow noopener\">L&rsquo;abandon de Norris a \u00e9t\u00e9 caus\u00e9 par McLaren, pas par Mercedes<\/a>&nbsp;&nbsp;Motorsport.com<\/li>\n<li><a href=\"https:\/\/news.google.com\/rss\/articles\/CBMi0AFBVV95cUxPcjdIWEcyenFOcklNU2wxeTNFQ1JhTW1HTEhlOEx3SVhISk9DN1BrQWRiaWx3ZGwxU01Qalh5QVMzVDVhNzJzcGFUVkJsWVcyVm1tQWlMSlhZdS1KcTJOdUJNaWVYRW15aHhpWWNFeDYtaWpNdDRfcnBiTk43Z0ZxZlNyMWZNNzl6clhJOFhnWVZOMWJncHI5ZElfTXhEX1JVd19sbXB2anByWG1KS3NGQTkxeG9SVGUwSFFTc1dmWVlibDNFSFg0RTFkcjAzeDBv?oc=5\" target=\"_blank\" rel=\"nofollow noopener\">Hadjar, Perez, Bottas, Mercedes, Alpine&#8230; o\u00f9 en est le mercato F1 ?<\/a>&nbsp;&nbsp;Orange Actualit\u00e9s | Sports<\/li>\n<li><a href=\"https:\/\/news.google.com\/rss\/articles\/CBMi0AFBVV95cUxQRHJfLTRJSlRBbWl0eXBpZDh2NzBhSzc2c2pZOHdfQi00SzlPNUpHaUJlRGNoVUl2ZmIxSUdtV1oyRkt1ZGJVZ194a0RLWjZuR1Zta3ZpcXU4U2V5Tm16QWNWLUd0VjR1bkh0S29uWEtfV2I4QVlsemZwbUFkdGtabkNYOUxUMmU1YkpKdFdVUG4zV2JkaE5mMWduNV9IdjRZd1VhNEtrNGRhVFNyZGxJZVhKM3Ruc1Znbi1jZVJhbkJZOWZVcWZoS1BwNHF3VEpz?oc=5\" target=\"_blank\" rel=\"nofollow noopener\">F1 \u2013 GP des Pays-Bas : Isack Hadjar devient le plus jeune Fran\u00e7ais \u00e0 monter sur un podium<\/a>&nbsp;&nbsp;RTL.fr<\/li>\n<\/ol>\n","protected":false},"excerpt":{"rendered":"Formule 1 : \u00ab C&rsquo;\u00e9tait une vraie pile \u00e9lectrique \u00bb\u2026 Quand Isack Hadjar d\u00e9butait par le karting en&hellip;\n","protected":false},"author":2,"featured_media":359457,"comment_status":"","ping_status":"","sticky":false,"template":"","format":"standard","meta":{"footnotes":""},"categories":[1412],"tags":[1451,1452,1453,1454,1455,1011,27,60],"class_list":{"0":"post-359456","1":"post","2":"type-post","3":"status-publish","4":"format-standard","5":"has-post-thumbnail","7":"category-f1","8":"tag-f1","9":"tag-formula-1","10":"tag-formula1","11":"tag-formule-1","12":"tag-formule1","13":"tag-fr","14":"tag-france","15":"tag-sports"},"share_on_mastodon":{"url":"https:\/\/pubeurope.com\/@fr\/115131714537417849","error":""},"_links":{"self":[{"href":"https:\/\/www.europesays.com\/fr\/wp-json\/wp\/v2\/posts\/359456","targetHints":{"allow":["GET"]}}],"collection":[{"href":"https:\/\/www.europesays.com\/fr\/wp-json\/wp\/v2\/posts"}],"about":[{"href":"https:\/\/www.europesays.com\/fr\/wp-json\/wp\/v2\/types\/post"}],"author":[{"embeddable":true,"href":"https:\/\/www.europesays.com\/fr\/wp-json\/wp\/v2\/users\/2"}],"replies":[{"embeddable":true,"href":"https:\/\/www.europesays.com\/fr\/wp-json\/wp\/v2\/comments?post=359456"}],"version-history":[{"count":0,"href":"https:\/\/www.europesays.com\/fr\/wp-json\/wp\/v2\/posts\/359456\/revisions"}],"wp:featuredmedia":[{"embeddable":true,"href":"https:\/\/www.europesays.com\/fr\/wp-json\/wp\/v2\/media\/359457"}],"wp:attachment":[{"href":"https:\/\/www.europesays.com\/fr\/wp-json\/wp\/v2\/media?parent=359456"}],"wp:term":[{"taxonomy":"category","embeddable":true,"href":"https:\/\/www.europesays.com\/fr\/wp-json\/wp\/v2\/categories?post=359456"},{"taxonomy":"post_tag","embeddable":true,"href":"https:\/\/www.europesays.com\/fr\/wp-json\/wp\/v2\/tags?post=359456"}],"curies":[{"name":"wp","href":"https:\/\/api.w.org\/{rel}","templated":true}]}}