{"id":359460,"date":"2025-09-01T23:49:12","date_gmt":"2025-09-01T23:49:12","guid":{"rendered":"https:\/\/www.europesays.com\/fr\/359460\/"},"modified":"2025-09-01T23:49:12","modified_gmt":"2025-09-01T23:49:12","slug":"theo-bair-prete-a-lausanne-sport","status":"publish","type":"post","link":"https:\/\/www.europesays.com\/fr\/359460\/","title":{"rendered":"Theo Bair pr\u00eat\u00e9 \u00e0 Lausanne-Sport"},"content":{"rendered":"<p>        <img loading=\"lazy\" decoding=\"async\" class=\"post-thumbnail__img webpexpress-processed\" src=\"https:\/\/www.europesays.com\/fr\/wp-content\/uploads\/2025\/09\/bair-filig-9956.jpg\" alt=\"\" width=\"1000\" height=\"670\"\/><\/p>\n<p>L\u2019AJA et le FC Lausanne-Sport ont trouv\u00e9 un accord pour le pr\u00eat, avec option d\u2019achat, de Theo Bair. L\u2019attaquant canadien de 26 ans \u00e9voluera donc cette saison chez le club sept fois vainqueur du championnat\u00a0et coach\u00e9 par Peter Zeidler. Arriv\u00e9 l\u2019\u00e9t\u00e9 dernier \u00e0 l\u2019AJA, Theo a disput\u00e9 32 rencontres et marqu\u00e9 deux buts, contre Saint-\u00c9tienne et Reims.<\/p>\n<p class=\"has-text-align-center\"><strong>Theo, l\u2019ensemble du club te souhaite une excellente saison \u00e0 Lausanne\u00a0!<\/strong> \ud83d\ude4c<\/p>\n<p class=\"share-news__wording\"> Partagez cet article avec vos amis et soutenez l\u2019\u00e9quipe<\/p>\n<p class=\"single-news__share-text\">\n                    \u00a9 2022 AJ Auxerre \u2013 tous droits r\u00e9serv\u00e9s. L\u2019utilisation des citations et les visuels de cet article doit \u00eatre accord\u00e9e au pr\u00e9alable et                     <a class=\"single-news-share__share-text-link\" href=\"https:\/\/www.aja.fr\/\" rel=\"nofollow noopener\" target=\"_blank\">www.aja.fr<\/a><br \/>\n                     doit \u00eatre cit\u00e9 en tant que source.                <\/p>\n","protected":false},"excerpt":{"rendered":"L\u2019AJA et le FC Lausanne-Sport ont trouv\u00e9 un accord pour le pr\u00eat, avec option d\u2019achat, de Theo Bair.&hellip;\n","protected":false},"author":2,"featured_media":359461,"comment_status":"","ping_status":"","sticky":false,"template":"","format":"standard","meta":{"footnotes":""},"categories":[1410],"tags":[63,1011,27,60],"class_list":{"0":"post-359460","1":"post","2":"type-post","3":"status-publish","4":"format-standard","5":"has-post-thumbnail","7":"category-football","8":"tag-football","9":"tag-fr","10":"tag-france","11":"tag-sports"},"share_on_mastodon":{"url":"https:\/\/pubeurope.com\/@fr\/115131722759177349","error":""},"_links":{"self":[{"href":"https:\/\/www.europesays.com\/fr\/wp-json\/wp\/v2\/posts\/359460","targetHints":{"allow":["GET"]}}],"collection":[{"href":"https:\/\/www.europesays.com\/fr\/wp-json\/wp\/v2\/posts"}],"about":[{"href":"https:\/\/www.europesays.com\/fr\/wp-json\/wp\/v2\/types\/post"}],"author":[{"embeddable":true,"href":"https:\/\/www.europesays.com\/fr\/wp-json\/wp\/v2\/users\/2"}],"replies":[{"embeddable":true,"href":"https:\/\/www.europesays.com\/fr\/wp-json\/wp\/v2\/comments?post=359460"}],"version-history":[{"count":0,"href":"https:\/\/www.europesays.com\/fr\/wp-json\/wp\/v2\/posts\/359460\/revisions"}],"wp:featuredmedia":[{"embeddable":true,"href":"https:\/\/www.europesays.com\/fr\/wp-json\/wp\/v2\/media\/359461"}],"wp:attachment":[{"href":"https:\/\/www.europesays.com\/fr\/wp-json\/wp\/v2\/media?parent=359460"}],"wp:term":[{"taxonomy":"category","embeddable":true,"href":"https:\/\/www.europesays.com\/fr\/wp-json\/wp\/v2\/categories?post=359460"},{"taxonomy":"post_tag","embeddable":true,"href":"https:\/\/www.europesays.com\/fr\/wp-json\/wp\/v2\/tags?post=359460"}],"curies":[{"name":"wp","href":"https:\/\/api.w.org\/{rel}","templated":true}]}}