{"id":359466,"date":"2025-09-01T23:52:09","date_gmt":"2025-09-01T23:52:09","guid":{"rendered":"https:\/\/www.europesays.com\/fr\/359466\/"},"modified":"2025-09-01T23:52:09","modified_gmt":"2025-09-01T23:52:09","slug":"un-groupe-nigerian-tente-un-marathon-record-de-lecture-de-431-heures","status":"publish","type":"post","link":"https:\/\/www.europesays.com\/fr\/359466\/","title":{"rendered":"Un groupe nig\u00e9rian tente un marathon record de lecture de 431 heures"},"content":{"rendered":"<p>C\u2019est le paradis pour les rats de biblioth\u00e8que: 18\u00a0jours de lecture ininterrompue.<\/p>\n<p>Dans un restaurant de Lagos, au Nigeria, trois hommes et deux femmes ont lu des livres pendant plus de 431\u00a0heures pour tenter d\u2019\u00e9tablir un record du monde Guinness du plus long marathon de lecture \u00e0 voix haute, dans le cadre d\u2019une campagne visant \u00e0 promouvoir l\u2019alphab\u00e9tisation dans le pays le plus peupl\u00e9 d\u2019Afrique.<\/p>\n<p>Tout au long de cette t\u00e2che ardue, des dizaines de personnes ont rejoint le groupe, certaines en ligne via une diffusion en direct, pour les encourager.<\/p>\n<p>Samedi, \u00e0 la fin de la tentative, les marathoniens de lecture avaient lu 79\u00a0livres \u00e9crits par des Nig\u00e9rians, se relayant pour lire \u00e0 voix haute des \u0153uvres litt\u00e9raires et des livres de d\u00e9veloppement personnel afin de permettre aux autres membres du groupe de reprendre leur souffle.<\/p>\n<p><b>Promouvoir l\u2019\u00e9ducation inclusive<\/b><\/p>\n<p>Dans ce pays de plus de 210\u00a0millions d\u2019habitants, \u00abla plupart des gens n\u2019ont pas acc\u00e8s aux livres (et) j\u2019ai particip\u00e9 pour encourager l\u2019\u00e9ducation inclusive\u00bb, a t\u00e9moign\u00e9 Precious Ukachi \u00e0 l\u2019Associated Press. Ce jeune homme de 30\u00a0ans faisait partie des marathoniens litt\u00e9raires. Il \u00e9tait accompagn\u00e9 de John Obot, 37\u00a0ans, Stephen Oyelami, 23\u00a0ans, Temitope Ogunremi, 28\u00a0ans, et Ketura Heman, 27\u00a0ans.<\/p>\n<p>M.\u00a0Obot a expliqu\u00e9 que le plus difficile \u00e9tait de lire le soir. \u00abNous avions peu de temps pour nous reposer, mais ce qui me motivait, c\u2019\u00e9tait l\u2019objectif.\u00bb<\/p>\n<p>Les d\u00e9tenteurs actuels du record du plus long marathon de lecture \u00e0 voix haute sont un groupe de cinq personnes originaires de R\u00e9publique dominicaine, qui ont enregistr\u00e9 un temps de 365\u00a0heures et 39\u00a0secondes en 2011.<\/p>\n<p>Cette fois-ci, au Nig\u00e9ria, le dernier mot a \u00e9t\u00e9 prononc\u00e9 lorsque le chronom\u00e8tre a affich\u00e9: 431\u00a0heures, 31\u00a0minutes et 25\u00a0secondes.<\/p>\n<p>Le Guinness des records n\u2019a pas encore confirm\u00e9 ce nouveau record, un processus qui prend parfois des semaines. L\u2019association \u00e0 but non lucratif qui organise l\u2019\u00e9v\u00e9nement, le Naija ReadFest, a indiqu\u00e9 qu\u2019elle transmettrait toutes les preuves n\u00e9cessaires \u00e0 l\u2019organisation. <\/p>\n<p>\u00abNous avons organis\u00e9 cet \u00e9v\u00e9nement pour c\u00e9l\u00e9brer la litt\u00e9rature nig\u00e9riane\u00bb, a expliqu\u00e9 Kingsley Sintim du Naija ReadFest.<\/p>\n<p>L\u2019association a expliqu\u00e9 que l\u2019\u00e9v\u00e9nement visait \u00e0 mettre en avant les livres d\u2019auteurs locaux aupr\u00e8s des jeunes comme des moins jeunes. Les livres lus par le groupe abordaient \u00e9galement des questions telles que la migration et la finance, deux pr\u00e9occupations majeures pour ce pays d\u2019Afrique de l\u2019Ouest.<\/p>\n<p><b>Le d\u00e9fis de l\u2019alphab\u00e9tisation au Nigeria<\/b><\/p>\n<p>Outre le fait que le Nigeria compte l\u2019un des taux d\u2019enfants non scolaris\u00e9s les plus \u00e9lev\u00e9s au monde, avec plus de 10\u00a0millions de personnes concern\u00e9es, le taux d\u2019alphab\u00e9tisation s\u2019\u00e9levait \u00e0 environ 63\u00a0% en 2021, un taux qui, selon les d\u00e9fenseurs de l\u2019\u00e9ducation, n\u2019a gu\u00e8re progress\u00e9 ces derni\u00e8res ann\u00e9es.<\/p>\n<p>M.\u00a0Oyelami, l\u2019un des marathoniens de la lecture, a d\u00e9clar\u00e9\u00a0: \u00abIl \u00e9tait difficile de se procurer des livres en raison du type d\u2019environnement dans lequel j\u2019ai grandi.\u00bb <\/p>\n<p>Il a fr\u00e9quent\u00e9 une \u00e9cole publique o\u00f9 les livres neufs et les voyages \u00e9ducatifs \u00e9taient g\u00e9n\u00e9ralement hors de port\u00e9e.<\/p>\n<p>L\u2019un des principaux d\u00e9fis r\u00e9side dans le manque d\u2019investissements et de politiques dans le secteur de l\u2019\u00e9ducation, a d\u00e9clar\u00e9 \u00e0 l\u2019AP Irene Okon, directrice ex\u00e9cutive de l\u2019association Lead-Out, qui vise \u00e0 am\u00e9liorer l\u2019apprentissage dans les \u00e9coles publiques et \u00e0 faible revenu. Le faible investissement dans l\u2019alphab\u00e9tisation au Nig\u00e9ria a compliqu\u00e9 la vie des \u00e9crivains, a d\u00e9clar\u00e9 Carol Yaakugh, autrice install\u00e9e \u00e0 Abuja.<\/p>\n<p>\u00abBien que de nombreuses jeunes pousses technologiques se consacrent \u00e0 la finance, \u00e0 la sant\u00e9 et \u00e0 d\u2019autres domaines, le secteur de l\u2019alphab\u00e9tisation reste sous-d\u00e9velopp\u00e9\u00bb, a-t-elle ajout\u00e9.<\/p>\n<p>Ce probl\u00e8me profond\u00e9ment ancr\u00e9 est illustr\u00e9 par la capitale, Abuja, o\u00f9 le projet de Biblioth\u00e8que nationale, lanc\u00e9 en 2006, reste inachev\u00e9, tandis que les pouvoirs publics financent un style de vie luxueux.<\/p>\n","protected":false},"excerpt":{"rendered":"C\u2019est le paradis pour les rats de biblioth\u00e8que: 18\u00a0jours de lecture ininterrompue. Dans un restaurant de Lagos, au&hellip;\n","protected":false},"author":2,"featured_media":359467,"comment_status":"","ping_status":"","sticky":false,"template":"","format":"standard","meta":{"footnotes":""},"categories":[1357],"tags":[1379,58,59,1011,27,25179,32214,49480,1854,14625,1380],"class_list":{"0":"post-359466","1":"post","2":"type-post","3":"status-publish","4":"format-standard","5":"has-post-thumbnail","7":"category-livres","8":"tag-books","9":"tag-divertissement","10":"tag-entertainment","11":"tag-fr","12":"tag-france","13":"tag-https-lactualite-com-sujet-culture-arts","14":"tag-https-lactualite-com-sujet-education","15":"tag-https-lactualite-com-sujet-insolite","16":"tag-https-lactualite-com-sujet-international","17":"tag-https-lactualite-com-sujet-livres-2","18":"tag-livres"},"share_on_mastodon":{"url":"https:\/\/pubeurope.com\/@fr\/115131734041839651","error":""},"_links":{"self":[{"href":"https:\/\/www.europesays.com\/fr\/wp-json\/wp\/v2\/posts\/359466","targetHints":{"allow":["GET"]}}],"collection":[{"href":"https:\/\/www.europesays.com\/fr\/wp-json\/wp\/v2\/posts"}],"about":[{"href":"https:\/\/www.europesays.com\/fr\/wp-json\/wp\/v2\/types\/post"}],"author":[{"embeddable":true,"href":"https:\/\/www.europesays.com\/fr\/wp-json\/wp\/v2\/users\/2"}],"replies":[{"embeddable":true,"href":"https:\/\/www.europesays.com\/fr\/wp-json\/wp\/v2\/comments?post=359466"}],"version-history":[{"count":0,"href":"https:\/\/www.europesays.com\/fr\/wp-json\/wp\/v2\/posts\/359466\/revisions"}],"wp:featuredmedia":[{"embeddable":true,"href":"https:\/\/www.europesays.com\/fr\/wp-json\/wp\/v2\/media\/359467"}],"wp:attachment":[{"href":"https:\/\/www.europesays.com\/fr\/wp-json\/wp\/v2\/media?parent=359466"}],"wp:term":[{"taxonomy":"category","embeddable":true,"href":"https:\/\/www.europesays.com\/fr\/wp-json\/wp\/v2\/categories?post=359466"},{"taxonomy":"post_tag","embeddable":true,"href":"https:\/\/www.europesays.com\/fr\/wp-json\/wp\/v2\/tags?post=359466"}],"curies":[{"name":"wp","href":"https:\/\/api.w.org\/{rel}","templated":true}]}}