{"id":359468,"date":"2025-09-01T23:53:19","date_gmt":"2025-09-01T23:53:19","guid":{"rendered":"https:\/\/www.europesays.com\/fr\/359468\/"},"modified":"2025-09-01T23:53:19","modified_gmt":"2025-09-01T23:53:19","slug":"gwendoline-hamon-rien-ne-tefface-raconte-le-tournage-de-laccident-de-maddi-a-la-fin-de-lepisode-4-diffuse-ce-lundi-1er-septembre-2025","status":"publish","type":"post","link":"https:\/\/www.europesays.com\/fr\/359468\/","title":{"rendered":"Gwendoline Hamon (Rien ne t&rsquo;efface) raconte le tournage de l&rsquo;accident de Maddi \u00e0 la fin de l&rsquo;\u00e9pisode 4 diffus\u00e9 ce lundi 1er septembre 2025"},"content":{"rendered":"<p>Dans Rien ne t\u2019efface, Gwendoline Hamon joue Maddi, m\u00e8re en qu\u00eate de v\u00e9rit\u00e9, confront\u00e9e \u00e0 un accident de voiture marquant l\u2019\u00e9pisode 4 diffus\u00e9 ce lundi 1er septembre sur TF1. Si elle n\u2019a pas r\u00e9alis\u00e9 le tonneau, la com\u00e9dienne raconte comment elle a d\u00fb surmonter ses peurs lors du tournage de l&rsquo;accident.<\/p>\n<p>Dans <a href=\"https:\/\/www.programme-tv.net\/news\/series-tv\/383958-rien-ne-t-efface-intrigue-casting-tout-savoir-sur-la-serie-evenement-de-tf1-avec-gwendoline-hamon-benjamin-baroche-bruno-debrandt-et-fauve-hautot\/\" data-api-deeplink=\"teleloisirs:\/\/news\/383958\" target=\"_blank\" rel=\"noopener\">Rien ne t&rsquo;efface<\/a><a href=\"https:\/\/www.programme-tv.net\/news\/series-tv\/385942-rien-ne-t-efface-faut-il-regarder-la-serie-avec-gwendoline-hamon-et-benjamin-baroche-diffusee-ce-lundi-25-aout-2025-notre-avis\/\" data-api-deeplink=\"teleloisirs:\/\/news\/385942\" target=\"_blank\" rel=\"noopener\">,<\/a> l&rsquo;adaptation du <a href=\"https:\/\/www.programme-tv.net\/news\/people\/269191-michel-bussi-rien-ne-tefface-je-ne-dirais-pas-que-jaimerais-etre-le-goldman-de-la-litterature-mais-il-y-a-quelque-chose-de-cet-ordre\/\" data-api-deeplink=\"teleloisirs:\/\/news\/269191\" target=\"_blank\" rel=\"noopener\">roman de Michel Bussi<\/a> sur TF1, <a href=\"https:\/\/www.programme-tv.net\/news\/series-tv\/385065-je-n-ai-fait-que-chialer-gwendoline-hamon-rien-ne-t-efface-se-confie-sur-son-role-dans-l-adaptation-du-best-seller-de-michel-bussi\/\" data-api-deeplink=\"teleloisirs:\/\/news\/385065\" target=\"_blank\" rel=\"noopener\">Gwendoline Hamon incarne Maddi H\u00e9r\u00e9dia<\/a>, une m\u00e9decin g\u00e9n\u00e9raliste du Pays basque, d\u00e9vast\u00e9e par la disparition tragique de son fils Esteban il y a dix ans. Elle quitte tout pour s\u2019installer en Auvergne, convaincue que le jeune Tom, qui lui ressemble \u00e9trangement, d\u00e9tient les cl\u00e9s d\u2019un terrible myst\u00e8re. \u00c0 la fin de l&rsquo;\u00e9pisode 4, diffus\u00e9 ce lundi 1er septembre 2025 sur TF1, son personnage est victime d&rsquo;un accident de voiture. La com\u00e9dienne nous a racont\u00e9 les coulisses de cette sc\u00e8ne<\/p>\n<p>\u00ab\u00a0impossible de reculer ou d\u2019\u00e9viter : il fallait le faire\u00a0\u00bb : Gwendoline Hamon (Rien ne t&rsquo;efface) raconte le tournage de l&rsquo;accident de Maddie<\/p>\n<p>\u00ab\u00a0Ce n\u2019est pas moi qui ai fait le tonneau, mais j\u2019ai eu bien la trouille pendant plusieurs sc\u00e8nes, nous a racont\u00e9 la com\u00e9dienne. J\u00e9r\u00f4me Cornueau, le r\u00e9alisateur, me lance des petits challenges, \u00e7a me pousse \u00e0 d\u00e9passer mes peurs, m\u00eame si parfois je fais la fillette et je le dis franchement. Mais l\u00e0 impossible de reculer ou d\u2019\u00e9viter : il fallait le faire\u00a0\u00bb. Gwendoline Hamon poursuit : \u00ab\u00a0Avec l\u2019\u00e9quipe de techniciens et de cascadeurs, j\u2019ai tourn\u00e9 en roulant tr\u00e8s vite. D\u2019abord seule, puis avec un cascadeur \u00e9quip\u00e9 d\u2019un vrai volant. Il fallait braquer en m\u00eame temps, puis freiner fort pour encha\u00eener avec le tonneau. J\u2019\u00e9tais terrifi\u00e9e mais oblig\u00e9e d\u2019aller jusqu\u2019au bout\u00a0\u00bb.<\/p>\n<p>                        <b>\u00ab\u00a0<\/b>Le preneur de son a \u00e9t\u00e9 projet\u00e9 de l&rsquo;autre c\u00f4t\u00e9 tant le choc \u00e9tait violent !\u00a0\u00bb <b>Gwendoline Hamon (<\/b><b>Rien ne t&rsquo;efface<\/b><b>) se souvient d&rsquo;une r\u00e9p\u00e9tition particuli\u00e8rement marquante <\/b><\/p>\n<p><a href=\"https:\/\/www.programme-tv.net\/biographie\/12891-hamon-gwendoline\/\" data-link-people=\"fd8403c5-c591-4aea-be0f-b5a4bacf9346\" target=\"_blank\" rel=\"noopener\">Gwendoline Hamon<\/a> nous a \u00e9galement racont\u00e9 une anecdote de ce tournage. \u00ab\u00a0Pendant la r\u00e9p\u00e9tition, le preneur de son a \u00e9t\u00e9 projet\u00e9 de l&rsquo;autre c\u00f4t\u00e9 tant le choc \u00e9tait violent. Je me suis dit \u00ab\u00a0Ne montre pas ta peur, tu es oblig\u00e9e de le faire. Tu le fais, donc ferme ta gueule et prends sur toi. Et tu vas y arriver, il n\u2019y a aucune raison. C\u2019est r\u00e9gl\u00e9\u00a0\u00bb\u00a0\u00bb, s&rsquo;est souvenue l&rsquo;actrice. \u00ab\u00a0On l\u2019a fait deux fois, et la derni\u00e8re, le cascadeur est parti plus vite que pr\u00e9vu, alors j\u2019ai d\u00fb assurer. Et l\u00e0, j\u2019ai hurl\u00e9, J\u00e9r\u00f4me a gard\u00e9 mon cri, on entend bien que j\u2019ai eu la peur de ma vie.\u00a0\u00bb<\/p>\n","protected":false},"excerpt":{"rendered":"Dans Rien ne t\u2019efface, Gwendoline Hamon joue Maddi, m\u00e8re en qu\u00eate de v\u00e9rit\u00e9, confront\u00e9e \u00e0 un accident de&hellip;\n","protected":false},"author":2,"featured_media":359469,"comment_status":"","ping_status":"","sticky":false,"template":"","format":"standard","meta":{"footnotes":""},"categories":[1356],"tags":[244,58,59,1011,27,49481,2173,41096,47772,47773,252,199,2175,1364],"class_list":{"0":"post-359468","1":"post","2":"type-post","3":"status-publish","4":"format-standard","5":"has-post-thumbnail","7":"category-television","8":"tag-commentaire","9":"tag-divertissement","10":"tag-entertainment","11":"tag-fr","12":"tag-france","13":"tag-gwendoline-hamon","14":"tag-interview","15":"tag-rien-ne-tefface","16":"tag-rien-ne-tefface-1100135779","17":"tag-rien-ne-tefface-1100135780","18":"tag-television","19":"tag-tf1","20":"tag-tl-story","21":"tag-tv"},"share_on_mastodon":{"url":"https:\/\/pubeurope.com\/@fr\/115131738010503180","error":""},"_links":{"self":[{"href":"https:\/\/www.europesays.com\/fr\/wp-json\/wp\/v2\/posts\/359468","targetHints":{"allow":["GET"]}}],"collection":[{"href":"https:\/\/www.europesays.com\/fr\/wp-json\/wp\/v2\/posts"}],"about":[{"href":"https:\/\/www.europesays.com\/fr\/wp-json\/wp\/v2\/types\/post"}],"author":[{"embeddable":true,"href":"https:\/\/www.europesays.com\/fr\/wp-json\/wp\/v2\/users\/2"}],"replies":[{"embeddable":true,"href":"https:\/\/www.europesays.com\/fr\/wp-json\/wp\/v2\/comments?post=359468"}],"version-history":[{"count":0,"href":"https:\/\/www.europesays.com\/fr\/wp-json\/wp\/v2\/posts\/359468\/revisions"}],"wp:featuredmedia":[{"embeddable":true,"href":"https:\/\/www.europesays.com\/fr\/wp-json\/wp\/v2\/media\/359469"}],"wp:attachment":[{"href":"https:\/\/www.europesays.com\/fr\/wp-json\/wp\/v2\/media?parent=359468"}],"wp:term":[{"taxonomy":"category","embeddable":true,"href":"https:\/\/www.europesays.com\/fr\/wp-json\/wp\/v2\/categories?post=359468"},{"taxonomy":"post_tag","embeddable":true,"href":"https:\/\/www.europesays.com\/fr\/wp-json\/wp\/v2\/tags?post=359468"}],"curies":[{"name":"wp","href":"https:\/\/api.w.org\/{rel}","templated":true}]}}