{"id":359480,"date":"2025-09-01T23:59:18","date_gmt":"2025-09-01T23:59:18","guid":{"rendered":"https:\/\/www.europesays.com\/fr\/359480\/"},"modified":"2025-09-01T23:59:18","modified_gmt":"2025-09-01T23:59:18","slug":"la-toute-nouvelle-microsoft-surface-pro-12-beneficie-de-sa-premiere-baisse-de-prix-pour-la-rentree","status":"publish","type":"post","link":"https:\/\/www.europesays.com\/fr\/359480\/","title":{"rendered":"La toute nouvelle Microsoft Surface Pro 12 b\u00e9n\u00e9ficie de sa premi\u00e8re baisse de prix pour la rentr\u00e9e"},"content":{"rendered":"<p>D\u00e9voil\u00e9e en mai dernier, la Microsoft Surface Pro 12 est une tablette hybride compacte qui promet de belles performances. Et, elle profite d\u00e9j\u00e0 d\u2019une baisse de prix : Amazon, Boulanger, Darty, Rakuten et la Fnac la proposent \u00e0 879,99 euros au lieu de 979 euros.<\/p>\n<p><a href=\"https:\/\/images.frandroid.com\/wp-content\/uploads\/2025\/06\/dscf8358-resized.jpeg\" target=\"_blank\" class=\"article-content__figure\" rel=\"noopener\"><img fetchpriority=\"high\" decoding=\"async\" loading=\"eager\" width=\"1200\" height=\"800\" src=\"https:\/\/www.europesays.com\/fr\/wp-content\/uploads\/2025\/09\/dscf8358-resized.jpeg\" alt=\"\" class=\"wp-image-2644995 wp-image wp-image\"  \/><\/a><\/p>\n<p>La gamme Surface a accueilli deux petits nouveaux cette ann\u00e9e : le <a href=\"https:\/\/www.frandroid.com\/produits\/pc-portables\/microsoft\/2600165-microsoft-surface-laptop-13-pouces-2025\" target=\"_blank\" rel=\"noopener\">Surface Laptop 13<\/a> et la <a href=\"https:\/\/www.frandroid.com\/marques\/microsoft\/2605969_microsoft-2\" target=\"_blank\" rel=\"noopener\">Surface Pro 12<\/a>, une tablette hybride compacte qui est aussi le PC Copilot le plus l\u00e9ger de la s\u00e9rie. Aujourd\u2019hui, c\u2019est cette derni\u00e8re qui nous int\u00e9resse davantage, non seulement en raison de sa fiche technique s\u00e9duisante (Snapdragon X Plus, \u00e9cran 90 Hz avec de beaux contrastes\u2026), mais aussi et surtout gr\u00e2ce \u00e0 son prix, qui <a href=\"https:\/\/shop.frandroid.com\/3sbvsj21\" target=\"_blank\" rel=\"noreferrer noopener affiliate nofollow\" data-gtm=\"{&quot;event&quot;:&quot;afficlic&quot;,&quot;nom_marchand&quot;:&quot;amazon_fr&quot;,&quot;nom_produit&quot;:&quot;inconnu&quot;,&quot;categorie_produit&quot;:&quot;inconnu&quot;,&quot;module_produit&quot;:&quot;editolink&quot;,&quot;position_marchand&quot;:0,&quot;texte&quot;:&quot;baisse-de-10-pour-la-premiere-fois-depuis-sa-sortie&quot;,&quot;offer_url&quot;:&quot;https:\/\/shop.frandroid.com\/3sbvsj21&quot;,&quot;zone&quot;:&quot;contenu-page&quot;}\">baisse d\u00e9j\u00e0 de 10 % pour la premi\u00e8re fois depuis sa sortie<\/a>.<\/p>\n<p>Ce que propose la Microsoft Surface Pro 12<\/p>\n<ul class=\"wp-block-list\">\n<li>Une dalle tactile LCD de 12 pouces <\/li>\n<li>Un combo Snapdragon X Plus + 16 Go de RAM<\/li>\n<li>Copilot+ et les fonctions IA<\/li>\n<\/ul>\n<p>Lanc\u00e9e \u00e0 979 euros, la Microsoft Surface Pro 12 est aujourd\u2019hui <a href=\"https:\/\/shop.frandroid.com\/3sbvsj21\" target=\"_blank\" rel=\"noreferrer noopener affiliate nofollow\" data-gtm=\"{&quot;event&quot;:&quot;afficlic&quot;,&quot;nom_marchand&quot;:&quot;amazon_fr&quot;,&quot;nom_produit&quot;:&quot;inconnu&quot;,&quot;categorie_produit&quot;:&quot;inconnu&quot;,&quot;module_produit&quot;:&quot;editolink&quot;,&quot;position_marchand&quot;:0,&quot;texte&quot;:&quot;disponible-en-promotion-a-879-99-euros-sur-amazon&quot;,&quot;offer_url&quot;:&quot;https:\/\/shop.frandroid.com\/3sbvsj21&quot;,&quot;zone&quot;:&quot;contenu-page&quot;}\">disponible en promotion \u00e0 879,99 euros sur Amazon<\/a>, chez <a href=\"https:\/\/shop.frandroid.com\/a5bwygg9\" target=\"_blank\" rel=\"noreferrer noopener affiliate nofollow\" data-gtm=\"{&quot;event&quot;:&quot;afficlic&quot;,&quot;nom_marchand&quot;:&quot;boulanger&quot;,&quot;nom_produit&quot;:&quot;inconnu&quot;,&quot;categorie_produit&quot;:&quot;inconnu&quot;,&quot;module_produit&quot;:&quot;editolink&quot;,&quot;position_marchand&quot;:0,&quot;texte&quot;:&quot;boulanger&quot;,&quot;offer_url&quot;:&quot;https:\/\/shop.frandroid.com\/a5bwygg9&quot;,&quot;zone&quot;:&quot;contenu-page&quot;}\">Boulanger<\/a>, <a href=\"https:\/\/shop.frandroid.com\/ssairccu\" target=\"_blank\" rel=\"noreferrer noopener affiliate nofollow\" data-gtm=\"{&quot;event&quot;:&quot;afficlic&quot;,&quot;nom_marchand&quot;:&quot;darty&quot;,&quot;nom_produit&quot;:&quot;inconnu&quot;,&quot;categorie_produit&quot;:&quot;inconnu&quot;,&quot;module_produit&quot;:&quot;editolink&quot;,&quot;position_marchand&quot;:0,&quot;texte&quot;:&quot;darty&quot;,&quot;offer_url&quot;:&quot;https:\/\/shop.frandroid.com\/ssairccu&quot;,&quot;zone&quot;:&quot;contenu-page&quot;}\">Darty<\/a>, <a href=\"https:\/\/shop.frandroid.com\/8rxq1nnk\" target=\"_blank\" rel=\"noreferrer noopener affiliate nofollow\" data-gtm=\"{&quot;event&quot;:&quot;afficlic&quot;,&quot;nom_marchand&quot;:&quot;rakuten&quot;,&quot;nom_produit&quot;:&quot;inconnu&quot;,&quot;categorie_produit&quot;:&quot;inconnu&quot;,&quot;module_produit&quot;:&quot;editolink&quot;,&quot;position_marchand&quot;:0,&quot;texte&quot;:&quot;rakuten&quot;,&quot;offer_url&quot;:&quot;https:\/\/shop.frandroid.com\/8rxq1nnk&quot;,&quot;zone&quot;:&quot;contenu-page&quot;}\">Rakuten<\/a> et \u00e0 <a href=\"https:\/\/shop.frandroid.com\/0uoyzab6\" target=\"_blank\" rel=\"noreferrer noopener affiliate nofollow\" data-gtm=\"{&quot;event&quot;:&quot;afficlic&quot;,&quot;nom_marchand&quot;:&quot;fnac&quot;,&quot;nom_produit&quot;:&quot;inconnu&quot;,&quot;categorie_produit&quot;:&quot;inconnu&quot;,&quot;module_produit&quot;:&quot;editolink&quot;,&quot;position_marchand&quot;:0,&quot;texte&quot;:&quot;la-fnac&quot;,&quot;offer_url&quot;:&quot;https:\/\/shop.frandroid.com\/0uoyzab6&quot;,&quot;zone&quot;:&quot;contenu-page&quot;}\">la Fnac<\/a>.<\/p>\n<p>Si, par la suite, l\u2019offre mentionn\u00e9e dans cet article n\u2019est plus disponible, merci de jeter un coup d\u2019\u0153il ci-dessous afin de d\u00e9nicher d\u2019autres offres concernant la Microsoft Surface Pro 12. Le tableau s\u2019actualise automatiquement. <\/p>\n<p>Une tablette fine, compacte et l\u00e9g\u00e8re<\/p>\n<p>On ne pr\u00e9sente plus les Microsoft Surface, ces tablettes hybrides polyvalentes qui se transforment rapidement en PC portable une fois le clavier clips\u00e9 (non fourni ici). La Surface Pro 12 est la petite derni\u00e8re de la gamme et pr\u00e9sente un format plus compact. Elle est tr\u00e8s fine (7,8 mm d\u2019\u00e9paisseur) et l\u00e9g\u00e8re (686 g) : les \u00e9tudiants et travailleurs nomades pourront donc la glisser dans un sac sans souci. Bien s\u00fbr, elle d\u00e9voilera tout son potentiel avec le clavier Surface Pro ainsi que le stylet, qui, pour la premi\u00e8re fois, se fixe magn\u00e9tiquement \u00e0 l\u2019arri\u00e8re de la tablette pour se recharger sans fil.<\/p>\n<p>C\u00f4t\u00e9 \u00e9cran, on a ici droit \u00e0 une dalle tactile LCD de 12 pouces, qui affiche une d\u00e9finition de 2 196 x 1 464 pixels et un taux de rafra\u00eechissement de 90 Hz. On n\u2019a plus d\u2019OLED, ce qui est un peu dommage, mais l\u2019\u00e9cran affiche heureusement un bon contraste et une fluidit\u00e9 suffisante pour un usage quotidien, que ce soit en mode tablette ou PC. L\u2019iPad Pro, son principal rival, fait tout de m\u00eame mieux avec son \u00e9cran OLED rafra\u00eechi \u00e0 120 Hz\u2026 C\u00f4t\u00e9 design, on appr\u00e9cie fortement l\u2019utilisation de mat\u00e9riaux recycl\u00e9s, ainsi que la pr\u00e9sence de nombreux composants rempla\u00e7ables si besoin. <\/p>\n<p>L\u2019IA est de la partie<\/p>\n<p>La Surface Pro 12 renferme un processeur Snapdragon X Plus \u00e0 8 c\u0153urs, un choix d\u2019architecture ARM qui promet de bonnes performances pour les t\u00e2ches courantes avec une production de chaleur limit\u00e9e, ainsi qu\u2019une autonomie bluffante pouvant atteindre 16 heures de lecture vid\u00e9o. Cependant, comme pas mal de machines ARM sous Windows 11, des probl\u00e8mes de compatibilit\u00e9 surviennent encore, notamment avec certains jeux qui ne sont pas encore optimis\u00e9s pour cette architecture. Autrement, le processeur est ici \u00e9paul\u00e9 par 16 Go de RAM. C\u2019est suffisant pour les adeptes du multit\u00e2che.<\/p>\n<p>Par ailleurs, la tablette \u00e9tant aussi un Copilot+ PC, elle int\u00e8gre plusieurs fonctionnalit\u00e9s d\u2019intelligence artificielle gr\u00e2ce \u00e0 son NPU de 45 TOPS. Fonction Recall\u00a0retrouver facilement ses fichiers, Click to Do pour interagir intelligemment avec le contenu \u00e0 l\u2019\u00e9cran\u2026 Les fonctions IA sont assez pratiques et d\u2019autres devraient \u00eatre d\u00e9ploy\u00e9es prochainement. <\/p>\n<p>Si vous souhaitez d\u00e9couvrir d\u2019autres mod\u00e8les qui ne sont pas forc\u00e9ment hybrides, nous vous invitons d\u00e8s maintenant \u00e0 consulter <a href=\"https:\/\/www.frandroid.com\/guide-dachat\/guide-tablettes\/320702_guide-dachat-tablette-choisir-noel\" target=\"_blank\" rel=\"noopener\">notre guide des meilleures tablettes du moment<\/a>.<\/p>\n","protected":false},"excerpt":{"rendered":"D\u00e9voil\u00e9e en mai dernier, la Microsoft Surface Pro 12 est une tablette hybride compacte qui promet de belles&hellip;\n","protected":false},"author":2,"featured_media":359481,"comment_status":"","ping_status":"","sticky":false,"template":"","format":"standard","meta":{"footnotes":""},"categories":[7],"tags":[201,3042,943,944,13052,1011,27,49486,43,40,41,39,42,44],"class_list":{"0":"post-359480","1":"post","2":"type-post","3":"status-publish","4":"format-standard","5":"has-post-thumbnail","7":"category-sciences-et-technologies","8":"tag-bons-plans-amazon","9":"tag-bons-plans-boulanger","10":"tag-bons-plans-darty","11":"tag-bons-plans-fnac","12":"tag-bons-plans-rakuten","13":"tag-fr","14":"tag-france","15":"tag-microsoft-surface-pro-12-2025","16":"tag-science","17":"tag-science-and-technology","18":"tag-sciences","19":"tag-sciences-et-technologies","20":"tag-technologies","21":"tag-technology"},"share_on_mastodon":{"url":"https:\/\/pubeurope.com\/@fr\/115131761851841984","error":""},"_links":{"self":[{"href":"https:\/\/www.europesays.com\/fr\/wp-json\/wp\/v2\/posts\/359480","targetHints":{"allow":["GET"]}}],"collection":[{"href":"https:\/\/www.europesays.com\/fr\/wp-json\/wp\/v2\/posts"}],"about":[{"href":"https:\/\/www.europesays.com\/fr\/wp-json\/wp\/v2\/types\/post"}],"author":[{"embeddable":true,"href":"https:\/\/www.europesays.com\/fr\/wp-json\/wp\/v2\/users\/2"}],"replies":[{"embeddable":true,"href":"https:\/\/www.europesays.com\/fr\/wp-json\/wp\/v2\/comments?post=359480"}],"version-history":[{"count":0,"href":"https:\/\/www.europesays.com\/fr\/wp-json\/wp\/v2\/posts\/359480\/revisions"}],"wp:featuredmedia":[{"embeddable":true,"href":"https:\/\/www.europesays.com\/fr\/wp-json\/wp\/v2\/media\/359481"}],"wp:attachment":[{"href":"https:\/\/www.europesays.com\/fr\/wp-json\/wp\/v2\/media?parent=359480"}],"wp:term":[{"taxonomy":"category","embeddable":true,"href":"https:\/\/www.europesays.com\/fr\/wp-json\/wp\/v2\/categories?post=359480"},{"taxonomy":"post_tag","embeddable":true,"href":"https:\/\/www.europesays.com\/fr\/wp-json\/wp\/v2\/tags?post=359480"}],"curies":[{"name":"wp","href":"https:\/\/api.w.org\/{rel}","templated":true}]}}