{"id":359497,"date":"2025-09-02T00:08:16","date_gmt":"2025-09-02T00:08:16","guid":{"rendered":"https:\/\/www.europesays.com\/fr\/359497\/"},"modified":"2025-09-02T00:08:16","modified_gmt":"2025-09-02T00:08:16","slug":"a-la-garde-la-belle-magaud-immortalisee-par-monsieur-z","status":"publish","type":"post","link":"https:\/\/www.europesays.com\/fr\/359497\/","title":{"rendered":"\u00c0 La Garde, la belle Magaud immortalis\u00e9e par Monsieur Z"},"content":{"rendered":"<p>                    <img loading=\"lazy\" decoding=\"async\" src=\"https:\/\/www.europesays.com\/fr\/wp-content\/uploads\/2025\/09\/cfc839e426cc14a12c73c29af5901b.jpg\" class=\"img-responsive post-image\" width=\"680\" height=\"510\" alt=\"\u00c0 La Garde, la belle (\u2026)\" title=\"\u00c0 La Garde, la belle Magaud immortalis\u00e9e par Monsieur Z\"\/><\/p>\n<p class=\"chapo\">La Maison du Tourisme de La Garde a accueilli une foule enthousiaste venue d\u00e9couvrir les affiches sign\u00e9es par le c\u00e9l\u00e8bre illustrateur Monsieur Z.<\/p>\n<p>Ces \u00ab\u00a03\u00e8me et 4\u00e8me volet de la s\u00e9rie consacr\u00e9e \u00e0 la ville mettent cette fois \u00e0 l\u2019honneur l\u2019espace naturel du Plan, avec en toile de fond le Rocher embl\u00e9matique et l\u2019Anse Magaud, joyau naturel de la commune.<br class=\"texte\"\/><br \/>\n<strong>Martine Blanc<\/strong>, adjointe au maire d\u00e9l\u00e9gu\u00e9e \u00e0 la culture, a soulign\u00e9\u00a0: \u00ab\u00a0C\u2019est une fa\u00e7on de mettre en valeur notre patrimoine naturel tout en s\u2019inscrivant dans une d\u00e9marche artistique originale. Les affiches de Monsieur Z sont devenues de v\u00e9ritables objets de collection, embl\u00e9matiques de l\u2019identit\u00e9 gard\u00e9enne\u00a0\u00bb.<br class=\"autobr\"\/><br \/>\nGard\u00e9ens et visiteurs ont r\u00e9pondu nombreux \u00e0 l\u2019invitation de la Municipalit\u00e9, venus partager un moment chaleureux lors de cette s\u00e9ance de d\u00e9dicace plac\u00e9e sous le signe de la convivialit\u00e9. Petits et grands ont patient\u00e9, affiche en main, pour \u00e9changer quelques mots avec l\u2019artiste et repartir avec un souvenir personnalis\u00e9.<br class=\"autobr\"\/><br \/>\nAvec ces nouvelles cr\u00e9ations,<strong> Monsieur Z<\/strong> rend un bel hommage au patrimoine naturel de La Garde. Fid\u00e8le \u00e0 son style r\u00e9tro-chic, il sublime l\u2019espace verdoyant du Plan, le Rocher majestueux et les eaux cristallines de l\u2019Anse Magaud, capturant l\u2019essence m\u00e9diterran\u00e9enne du littoral varois.<\/p>\n","protected":false},"excerpt":{"rendered":"La Maison du Tourisme de La Garde a accueilli une foule enthousiaste venue d\u00e9couvrir les affiches sign\u00e9es par&hellip;\n","protected":false},"author":2,"featured_media":359498,"comment_status":"","ping_status":"","sticky":false,"template":"","format":"standard","meta":{"footnotes":""},"categories":[9619],"tags":[1111,11,2408,1777,674,1011,27,12,882,25,2310],"class_list":{"0":"post-359497","1":"post","2":"type-post","3":"status-publish","4":"format-standard","5":"has-post-thumbnail","7":"category-toulon","8":"tag-actu","9":"tag-actualites","10":"tag-appels-d","11":"tag-eu","12":"tag-europe","13":"tag-fr","14":"tag-france","15":"tag-news","16":"tag-provence-alpes-cote-dazur","17":"tag-republique-francaise","18":"tag-toulon"},"share_on_mastodon":{"url":"https:\/\/pubeurope.com\/@fr\/115131797061328204","error":""},"_links":{"self":[{"href":"https:\/\/www.europesays.com\/fr\/wp-json\/wp\/v2\/posts\/359497","targetHints":{"allow":["GET"]}}],"collection":[{"href":"https:\/\/www.europesays.com\/fr\/wp-json\/wp\/v2\/posts"}],"about":[{"href":"https:\/\/www.europesays.com\/fr\/wp-json\/wp\/v2\/types\/post"}],"author":[{"embeddable":true,"href":"https:\/\/www.europesays.com\/fr\/wp-json\/wp\/v2\/users\/2"}],"replies":[{"embeddable":true,"href":"https:\/\/www.europesays.com\/fr\/wp-json\/wp\/v2\/comments?post=359497"}],"version-history":[{"count":0,"href":"https:\/\/www.europesays.com\/fr\/wp-json\/wp\/v2\/posts\/359497\/revisions"}],"wp:featuredmedia":[{"embeddable":true,"href":"https:\/\/www.europesays.com\/fr\/wp-json\/wp\/v2\/media\/359498"}],"wp:attachment":[{"href":"https:\/\/www.europesays.com\/fr\/wp-json\/wp\/v2\/media?parent=359497"}],"wp:term":[{"taxonomy":"category","embeddable":true,"href":"https:\/\/www.europesays.com\/fr\/wp-json\/wp\/v2\/categories?post=359497"},{"taxonomy":"post_tag","embeddable":true,"href":"https:\/\/www.europesays.com\/fr\/wp-json\/wp\/v2\/tags?post=359497"}],"curies":[{"name":"wp","href":"https:\/\/api.w.org\/{rel}","templated":true}]}}