{"id":359501,"date":"2025-09-02T00:10:12","date_gmt":"2025-09-02T00:10:12","guid":{"rendered":"https:\/\/www.europesays.com\/fr\/359501\/"},"modified":"2025-09-02T00:10:12","modified_gmt":"2025-09-02T00:10:12","slug":"previsions-du-mardi-2-septembre-2025-8","status":"publish","type":"post","link":"https:\/\/www.europesays.com\/fr\/359501\/","title":{"rendered":"pr\u00e9visions du mardi 2 septembre 2025"},"content":{"rendered":"<p>Aujourd&rsquo;hui, les Montpelli\u00e9rains vont pouvoir b\u00e9n\u00e9ficier d&rsquo;un soleil radieux. On pr\u00e9voit des temp\u00e9ratures d&rsquo;environ 21\u00b0C. Le matin, le thermom\u00e8tre affichera 20\u00b0C en moyenne. Un vent de nord-ouest est pr\u00e9vu : il soufflera \u00e0 20 km\/h. Un temps plus chaud est attendu l&rsquo;apr\u00e8s-midi \u00e9tant donn\u00e9 que le mercure va conna\u00eetre une l\u00e9g\u00e8re augmentation. Les valeurs afficheront entre 24 et 25\u00b0C. Une l\u00e9g\u00e8re brise de sud-ouest soufflera. Le passage de mardi \u00e0 mercredi se fera sous un ciel d\u00e9pourvu de nuages.<\/p>\n<p>Un bel ensoleillement est attendu demain \u00e0 Montpellier. L&rsquo;air ambiant va se r\u00e9chauffer avec une hausse de quelques degr\u00e9s. Il va faire environ 23\u00b0C. Le matin, un vent de nord-ouest rafra\u00eechira quelque peu l&rsquo;atmosph\u00e8re. Demain apr\u00e8s-midi, les temp\u00e9ratures seront comprises entre 23 et 26\u00b0C. Les valeurs tourneront autour des 21\u00b0C dans la soir\u00e9e. Un l\u00e9ger vent de sud-est sera ressenti par les habitants.<\/p>\n<p>Un temps mitig\u00e9 est pr\u00e9vu les prochains jours. Le temps sera pluvieux jeudi mais il conna\u00eetra une am\u00e9lioration vendredi.<\/p>\n<p><\/p>\n","protected":false},"excerpt":{"rendered":"Aujourd&rsquo;hui, les Montpelli\u00e9rains vont pouvoir b\u00e9n\u00e9ficier d&rsquo;un soleil radieux. On pr\u00e9voit des temp\u00e9ratures d&rsquo;environ 21\u00b0C. Le matin, le&hellip;\n","protected":false},"author":2,"featured_media":359502,"comment_status":"","ping_status":"","sticky":false,"template":"","format":"standard","meta":{"footnotes":""},"categories":[9599],"tags":[1111,11,1777,674,1011,27,7089,2681,2208,12,2680,2119,25],"class_list":{"0":"post-359501","1":"post","2":"type-post","3":"status-publish","4":"format-standard","5":"has-post-thumbnail","7":"category-montpellier","8":"tag-actu","9":"tag-actualites","10":"tag-eu","11":"tag-europe","12":"tag-fr","13":"tag-france","14":"tag-herault","15":"tag-languedoc-roussillon","16":"tag-montpellier","17":"tag-news","18":"tag-occitanie","19":"tag-previsions-meteo","20":"tag-republique-francaise"},"share_on_mastodon":{"url":"https:\/\/pubeurope.com\/@fr\/115131805164601974","error":""},"_links":{"self":[{"href":"https:\/\/www.europesays.com\/fr\/wp-json\/wp\/v2\/posts\/359501","targetHints":{"allow":["GET"]}}],"collection":[{"href":"https:\/\/www.europesays.com\/fr\/wp-json\/wp\/v2\/posts"}],"about":[{"href":"https:\/\/www.europesays.com\/fr\/wp-json\/wp\/v2\/types\/post"}],"author":[{"embeddable":true,"href":"https:\/\/www.europesays.com\/fr\/wp-json\/wp\/v2\/users\/2"}],"replies":[{"embeddable":true,"href":"https:\/\/www.europesays.com\/fr\/wp-json\/wp\/v2\/comments?post=359501"}],"version-history":[{"count":0,"href":"https:\/\/www.europesays.com\/fr\/wp-json\/wp\/v2\/posts\/359501\/revisions"}],"wp:featuredmedia":[{"embeddable":true,"href":"https:\/\/www.europesays.com\/fr\/wp-json\/wp\/v2\/media\/359502"}],"wp:attachment":[{"href":"https:\/\/www.europesays.com\/fr\/wp-json\/wp\/v2\/media?parent=359501"}],"wp:term":[{"taxonomy":"category","embeddable":true,"href":"https:\/\/www.europesays.com\/fr\/wp-json\/wp\/v2\/categories?post=359501"},{"taxonomy":"post_tag","embeddable":true,"href":"https:\/\/www.europesays.com\/fr\/wp-json\/wp\/v2\/tags?post=359501"}],"curies":[{"name":"wp","href":"https:\/\/api.w.org\/{rel}","templated":true}]}}