{"id":359505,"date":"2025-09-02T00:13:41","date_gmt":"2025-09-02T00:13:41","guid":{"rendered":"https:\/\/www.europesays.com\/fr\/359505\/"},"modified":"2025-09-02T00:13:41","modified_gmt":"2025-09-02T00:13:41","slug":"le-village-de-rouen-inaugure-ce-dimanche-apres-midi","status":"publish","type":"post","link":"https:\/\/www.europesays.com\/fr\/359505\/","title":{"rendered":"Le village de Rouen inaugur\u00e9 ce dimanche apr\u00e8s-midi"},"content":{"rendered":"<p class=\"LThh9 tL1tz t3L08 qufKF\" dir=\"auto\" id=\"viewer-5h73p9381\">Le Village du Grand D\u00e9part de La Solitaire du Figaro Paprec 2025\u00a0a \u00e9t\u00e9 inaugur\u00e9 officiellement ce dimanche 31 ao\u00fbt \u00e0 14h30 sur la promenade Normandie Niemen, \u00e0 Rouen. Un moment symbolique qui a marqu\u00e9 le lancement des festivit\u00e9s entourant la 56e \u00e9dition de la course.<\/p>\n<p>Le coup d\u2019envoi des festivit\u00e9s<\/p>\n<p class=\"LThh9 tL1tz t3L08 qufKF\" dir=\"auto\" id=\"viewer-shcz69387\">La c\u00e9r\u00e9monie a d\u00e9but\u00e9 par le traditionnel coup\u00e9 de ruban\u00a0\u00e0 l\u2019entr\u00e9e du Village, en pr\u00e9sence de nombreuses personnalit\u00e9s :<\/p>\n<ul class=\"Ior1H t3L08\">\n<li dir=\"auto\" aria-level=\"1\" class=\"w4rN-\" style=\"text-align:AUTO;margin-inline-start:1.5em;list-style-type:disc\">\n<p class=\"LThh9 tL1tz t3L08 qufKF\" dir=\"\" id=\"viewer-56vvo9393\">Nicolas Mayer-Rossignol, Maire de Rouen et Pr\u00e9sident de la M\u00e9tropole Rouen Normandie<\/p>\n<\/li>\n<li dir=\"auto\" aria-level=\"1\" class=\"w4rN-\" style=\"text-align:AUTO;margin-inline-start:1.5em;list-style-type:disc\">\n<p class=\"LThh9 tL1tz t3L08 qufKF\" dir=\"\" id=\"viewer-e0dnk9396\">Augustin Boeuf, Conseiller r\u00e9gional d\u00e9l\u00e9gu\u00e9 au nautisme, R\u00e9gion Normandie<\/p>\n<\/li>\n<li dir=\"auto\" aria-level=\"1\" class=\"w4rN-\" style=\"text-align:AUTO;margin-inline-start:1.5em;list-style-type:disc\">\n<p class=\"LThh9 tL1tz t3L08 qufKF\" dir=\"\" id=\"viewer-6u4v29399\">R\u00e9gis Faour, Directeur de la Communication et de l\u2019\u00c9v\u00e9nementiel du Groupe Paprec<\/p>\n<\/li>\n<li dir=\"auto\" aria-level=\"1\" class=\"w4rN-\" style=\"text-align:AUTO;margin-inline-start:1.5em;list-style-type:disc\">\n<p class=\"LThh9 tL1tz t3L08 qufKF\" dir=\"\" id=\"viewer-4cdyx9402\">Dominique Ritz, Directeur g\u00e9n\u00e9ral d\u00e9l\u00e9gu\u00e9 HAROPA Port Rouen<\/p>\n<\/li>\n<li dir=\"auto\" aria-level=\"1\" class=\"w4rN-\" style=\"text-align:AUTO;margin-inline-start:1.5em;list-style-type:disc\">\n<p class=\"LThh9 tL1tz t3L08 qufKF\" dir=\"\" id=\"viewer-v4sgr9405\">Jean Bernard Le Boucher, Pr\u00e9sident de la Classe Figaro Beneteau<\/p>\n<\/li>\n<li dir=\"auto\" aria-level=\"1\" class=\"w4rN-\" style=\"text-align:AUTO;margin-inline-start:1.5em;list-style-type:disc\">\n<p class=\"LThh9 tL1tz t3L08 qufKF\" dir=\"\" id=\"viewer-49rqj9408\">Julie Coutts, Directrice g\u00e9n\u00e9rale d\u2019OC Sport Pen Duick<\/p>\n<\/li>\n<li dir=\"auto\" aria-level=\"1\" class=\"w4rN-\" style=\"text-align:AUTO;margin-inline-start:1.5em;list-style-type:disc\">\n<p class=\"LThh9 tL1tz t3L08 qufKF\" dir=\"\" id=\"viewer-wbw2l9411\">Denny Imbroisi, chef cuisinier et parrain du Village de Rouen<\/p>\n<\/li>\n<\/ul>\n<p class=\"LThh9 tL1tz t3L08 qufKF\" dir=\"auto\" id=\"viewer-ou7f99413\">Apr\u00e8s cette ouverture officielle, les invit\u00e9s ont d\u00e9ambul\u00e9 dans les all\u00e9es du village, \u00e0 la rencontre des bateaux, des stands et des animations. <\/p>\n<p><img decoding=\"async\" src=\"https:\/\/www.europesays.com\/fr\/wp-content\/uploads\/2025\/09\/3e0895_53cee54eca694b77a94cfe5bbd6365b2~mv2.jpg\" alt=\"\u00a9 Oc Sport Pen Duick\" style=\"width:100%;height:100%;object-fit:cover;object-position:50% 50%;max-width:100%\" data-pin-url=\"https:\/\/www.lasolitaire.com\/post\/le-village-de-rouen-inaugur\u00e9-ce-dimanche-apr\u00e8s-midi\" data-pin-media=\"https:\/\/static.wixstatic.com\/media\/3e0895_53cee54eca694b77a94cfe5bbd6365b2~mv2.jpg\/v1\/fill\/w_5000,h_3333,al_c,q_90,usm_0.66_1.00_0.01\/3e0895_53cee54eca694b77a94cfe5bbd6365b2~mv2.jpg\" draggable=\"false\"\/><\/p>\n<p>Denny Imbroisi, parrain du village<\/p>\n<p class=\"LThh9 tL1tz t3L08 qufKF\" dir=\"auto\" id=\"viewer-3s00c9425\">Cette ann\u00e9e, le village de Rouen a pour parrain le chef \u00e9toil\u00e9 Denny Imbroisi, figure embl\u00e9matique de la gastronomie fran\u00e7aise. Pr\u00e9sent lors de l\u2019inauguration aux c\u00f4t\u00e9s des partenaires et des skippers, il incarne les valeurs de partage, convivialit\u00e9 et esprit d\u2019\u00e9quipe\u00a0qui rapprochent la voile et la cuisine.<\/p>\n<p class=\"LThh9 tL1tz t3L08 qufKF\" dir=\"auto\" id=\"viewer-pyyme9431\">Il donnera \u00e9galement rendez-vous au public \u00e0 17h devant la sc\u00e8ne du village, pour une animation culinaire exceptionnelle\u00a0: un cours de cuisine avec plusieurs skippers, ouvert \u00e0 tous. Un moment convivial qui promet de m\u00ealer cr\u00e9ativit\u00e9 culinaire et aventure maritime.<\/p>\n<p>Un village ouvert \u00e0 tous<\/p>\n<p class=\"LThh9 tL1tz t3L08 qufKF\" dir=\"auto\" id=\"viewer-b6tur9439\">Tout au long de la semaine, le public pourra d\u00e9couvrir les nombreuses animations propos\u00e9es, rencontrer les marins et plonger dans l\u2019ambiance unique de La Solitaire du Figaro Paprec.<\/p>\n<p><img decoding=\"async\" src=\"https:\/\/www.europesays.com\/fr\/wp-content\/uploads\/2025\/08\/3e0895_434739bd433a4b0fa4f67d4ad9008eb0~mv2.jpg\" alt=\"ree\" style=\"width:100%;height:100%;object-fit:cover;object-position:50% 50%;max-width:100%\" data-pin-url=\"https:\/\/www.lasolitaire.com\/post\/le-village-de-rouen-inaugur\u00e9-ce-dimanche-apr\u00e8s-midi\" data-pin-media=\"https:\/\/static.wixstatic.com\/media\/3e0895_434739bd433a4b0fa4f67d4ad9008eb0~mv2.jpg\/v1\/fill\/w_768,h_540,al_c,lg_1,q_85\/3e0895_434739bd433a4b0fa4f67d4ad9008eb0~mv2.jpg\" draggable=\"false\"\/><\/p>\n","protected":false},"excerpt":{"rendered":"Le Village du Grand D\u00e9part de La Solitaire du Figaro Paprec 2025\u00a0a \u00e9t\u00e9 inaugur\u00e9 officiellement ce dimanche 31&hellip;\n","protected":false},"author":2,"featured_media":359506,"comment_status":"","ping_status":"","sticky":false,"template":"","format":"standard","meta":{"footnotes":""},"categories":[9587],"tags":[1111,11,1777,674,1011,27,12,5161,25,9590],"class_list":{"0":"post-359505","1":"post","2":"type-post","3":"status-publish","4":"format-standard","5":"has-post-thumbnail","7":"category-rouen","8":"tag-actu","9":"tag-actualites","10":"tag-eu","11":"tag-europe","12":"tag-fr","13":"tag-france","14":"tag-news","15":"tag-normandie","16":"tag-republique-francaise","17":"tag-rouen"},"share_on_mastodon":{"url":"https:\/\/pubeurope.com\/@fr\/115131816554905824","error":""},"_links":{"self":[{"href":"https:\/\/www.europesays.com\/fr\/wp-json\/wp\/v2\/posts\/359505","targetHints":{"allow":["GET"]}}],"collection":[{"href":"https:\/\/www.europesays.com\/fr\/wp-json\/wp\/v2\/posts"}],"about":[{"href":"https:\/\/www.europesays.com\/fr\/wp-json\/wp\/v2\/types\/post"}],"author":[{"embeddable":true,"href":"https:\/\/www.europesays.com\/fr\/wp-json\/wp\/v2\/users\/2"}],"replies":[{"embeddable":true,"href":"https:\/\/www.europesays.com\/fr\/wp-json\/wp\/v2\/comments?post=359505"}],"version-history":[{"count":0,"href":"https:\/\/www.europesays.com\/fr\/wp-json\/wp\/v2\/posts\/359505\/revisions"}],"wp:featuredmedia":[{"embeddable":true,"href":"https:\/\/www.europesays.com\/fr\/wp-json\/wp\/v2\/media\/359506"}],"wp:attachment":[{"href":"https:\/\/www.europesays.com\/fr\/wp-json\/wp\/v2\/media?parent=359505"}],"wp:term":[{"taxonomy":"category","embeddable":true,"href":"https:\/\/www.europesays.com\/fr\/wp-json\/wp\/v2\/categories?post=359505"},{"taxonomy":"post_tag","embeddable":true,"href":"https:\/\/www.europesays.com\/fr\/wp-json\/wp\/v2\/tags?post=359505"}],"curies":[{"name":"wp","href":"https:\/\/api.w.org\/{rel}","templated":true}]}}