{"id":359507,"date":"2025-09-02T00:16:16","date_gmt":"2025-09-02T00:16:16","guid":{"rendered":"https:\/\/www.europesays.com\/fr\/359507\/"},"modified":"2025-09-02T00:16:16","modified_gmt":"2025-09-02T00:16:16","slug":"agression-a-grenoble-un-boulanger-poignarde-pour-avoir-refuse-de-donner-du-pain","status":"publish","type":"post","link":"https:\/\/www.europesays.com\/fr\/359507\/","title":{"rendered":"Agression \u00e0 Grenoble: un boulanger poignard\u00e9 pour avoir refus\u00e9 de donner du pain"},"content":{"rendered":"<p>Publi\u00e91. septembre 2025, 17:26<\/p>\n<p>Grenoble (F): Le boulanger leur refuse du pain \u00e0 4h30: il est poignard\u00e9<\/p>\n<p>Un boulanger a \u00e9t\u00e9 attaqu\u00e9 \u00e0 l&rsquo;arme blanche lundi aux aurores, apr\u00e8s avoir refus\u00e9 de servir des clients en dehors des heures d&rsquo;ouverture.<\/p>\n<p><a href=\"https:\/\/www.20min.ch\/fr\/auteurs\/103333179\/agence-france-presse\" class=\"sc-b1f21c84-2 egfiIF\" rel=\"nofollow noopener\" target=\"_blank\"><img decoding=\"async\" alt=\"Agence France-Presse\" src=\"https:\/\/www.europesays.com\/fr\/wp-content\/uploads\/2025\/09\/09cf394e-d19c-4235-9b46-7e00127afb7f.png\" class=\"sc-b1f21c84-1 iTOvpR\"\/><\/a><img loading=\"lazy\" decoding=\"async\" src=\"https:\/\/www.europesays.com\/fr\/wp-content\/uploads\/2025\/09\/63a81709-9a70-4113-a505-9dca96bc1e76.jpg\" alt=\"L\u2019un des individus a ass\u00e9n\u00e9 au boulanger deux coups de couteau au thorax avant de prendre la fuite.\" title=\"L\u2019un des individus a ass\u00e9n\u00e9 au boulanger deux coups de couteau au thorax avant de prendre la fuite.\"  width=\"1200\" height=\"799\"\/><\/p>\n<p>L\u2019un des individus a ass\u00e9n\u00e9 au boulanger deux coups de couteau au thorax avant de prendre la fuite.<\/p>\n<p>Pixabay\/image pr\u00e9texte<\/p>\n<p>Un boulanger a \u00e9t\u00e9 gri\u00e8vement bless\u00e9 lors d\u2019une agression \u00e0 l\u2019arme blanche lundi matin devant son commerce \u00e0 Grenoble, selon la police et le Parquet. En milieu d\u2019apr\u00e8s-midi, \u00abson pronostic vital n\u2019\u00e9tait plus engag\u00e9\u00bb, a pr\u00e9cis\u00e9 \u00e0 l\u2019AFP le procureur de Grenoble, Etienne Manteaux.<\/p>\n<p>Les faits se sont d\u00e9roul\u00e9s vers 4\u00a0h\u00a030, lorsque cet homme de 29 ans a eu une \u00abaltercation\u00bb avec trois individus devant la boulangerie o\u00f9 il travaille. Selon les premiers \u00e9l\u00e9ments de l&rsquo;enqu\u00eate, les individus voulaient du pain alors que la boulangerie n\u2019\u00e9tait pas ouverte. Le boulanger a alors refus\u00e9.<\/p>\n<p>\u00abIls ont insist\u00e9, puis ils se sont servis, ils ont vol\u00e9. Je pense que mon collaborateur leur a couru apr\u00e8s\u00bb, a indiqu\u00e9 le responsable de la boulangerie, Emmanuel Lenoir, cit\u00e9 par \u00abLe Dauphin\u00e9 lib\u00e9r\u00e9\u00bb.<\/p>\n<p>L\u2019un des individus a ass\u00e9n\u00e9 au boulanger deux coups de couteau au thorax avant de prendre la fuite, selon la police. Le boulanger a \u00e9t\u00e9 pris en charge par le Samu et transport\u00e9 au centre hospitalier universitaire de la Tronche selon la police.<\/p>\n<p>Son audition \u00e9tait en cours vers 16 h, selon le procureur.<\/p>\n","protected":false},"excerpt":{"rendered":"Publi\u00e91. septembre 2025, 17:26 Grenoble (F): Le boulanger leur refuse du pain \u00e0 4h30: il est poignard\u00e9 Un&hellip;\n","protected":false},"author":2,"featured_media":359508,"comment_status":"","ping_status":"","sticky":false,"template":"","format":"standard","meta":{"footnotes":""},"categories":[9566],"tags":[1111,11,2430,1777,674,1011,27,2731,12,25],"class_list":{"0":"post-359507","1":"post","2":"type-post","3":"status-publish","4":"format-standard","5":"has-post-thumbnail","7":"category-grenoble","8":"tag-actu","9":"tag-actualites","10":"tag-auvergne-rhone-alpes","11":"tag-eu","12":"tag-europe","13":"tag-fr","14":"tag-france","15":"tag-grenoble","16":"tag-news","17":"tag-republique-francaise"},"share_on_mastodon":{"url":"https:\/\/pubeurope.com\/@fr\/115131828353877275","error":""},"_links":{"self":[{"href":"https:\/\/www.europesays.com\/fr\/wp-json\/wp\/v2\/posts\/359507","targetHints":{"allow":["GET"]}}],"collection":[{"href":"https:\/\/www.europesays.com\/fr\/wp-json\/wp\/v2\/posts"}],"about":[{"href":"https:\/\/www.europesays.com\/fr\/wp-json\/wp\/v2\/types\/post"}],"author":[{"embeddable":true,"href":"https:\/\/www.europesays.com\/fr\/wp-json\/wp\/v2\/users\/2"}],"replies":[{"embeddable":true,"href":"https:\/\/www.europesays.com\/fr\/wp-json\/wp\/v2\/comments?post=359507"}],"version-history":[{"count":0,"href":"https:\/\/www.europesays.com\/fr\/wp-json\/wp\/v2\/posts\/359507\/revisions"}],"wp:featuredmedia":[{"embeddable":true,"href":"https:\/\/www.europesays.com\/fr\/wp-json\/wp\/v2\/media\/359508"}],"wp:attachment":[{"href":"https:\/\/www.europesays.com\/fr\/wp-json\/wp\/v2\/media?parent=359507"}],"wp:term":[{"taxonomy":"category","embeddable":true,"href":"https:\/\/www.europesays.com\/fr\/wp-json\/wp\/v2\/categories?post=359507"},{"taxonomy":"post_tag","embeddable":true,"href":"https:\/\/www.europesays.com\/fr\/wp-json\/wp\/v2\/tags?post=359507"}],"curies":[{"name":"wp","href":"https:\/\/api.w.org\/{rel}","templated":true}]}}