{"id":359521,"date":"2025-09-02T00:24:28","date_gmt":"2025-09-02T00:24:28","guid":{"rendered":"https:\/\/www.europesays.com\/fr\/359521\/"},"modified":"2025-09-02T00:24:28","modified_gmt":"2025-09-02T00:24:28","slug":"formation-axee-sur-transition-energetique","status":"publish","type":"post","link":"https:\/\/www.europesays.com\/fr\/359521\/","title":{"rendered":"Formation ax\u00e9e sur transition \u00e9nerg\u00e9tique"},"content":{"rendered":"<p>                            <strong>Les \u00e9coles proposant une formation consacr\u00e9e \u00e0 la transition \u00e9nerg\u00e9tique essaiment dans la r\u00e9gion. Deux \u00e9tablissements sont sp\u00e9cialis\u00e9s \u00e0 Nantes.<\/strong><\/p>\n<p>Alors que les besoins en comp\u00e9tences pour cette fili\u00e8re augmentent, le programme des Ecoles des R\u00e9seaux pour la Transition Energ\u00e9tique s\u2019est d\u00e9ploy\u00e9 dans la r\u00e9gion. Il est port\u00e9 par Enedis, RTE, les syndicats professionnels FNTP, SERCE, SRER, GIMELEC et SYCABEL.<\/p>\n<p>Plusieurs formations sont propos\u00e9es en Pays de la Loire. Deux lyc\u00e9es font partie du r\u00e9seau \u00e0 <strong><a href=\"https:\/\/hellogazettenantes.fr\/rentree-scolaire-a-nantes-ecologie-alimentation-inclusion\/\" rel=\"nofollow noopener\" target=\"_blank\">Nantes<\/a><\/strong> : le Lyc\u00e9e Livet (BTS Electrotechnique) et Monge la Chauvini\u00e8re (Bac Pro Melec). \u00ab Ce programme s\u2019adresse aux jeunes, aux demandeurs d\u2019emploi, aux salari\u00e9s en reconversion, et \u00e0 tous ceux qui souhaitent s\u2019engager dans une carri\u00e8re porteuse de sens et d\u2019avenir \u00bb souligne Enedis dans un communiqu\u00e9. Au niveau national, ces classes sont pr\u00e9sentes dans 120 \u00e9tablissements en France en partenariat avec l\u2019Education Nationale.\u00a0<\/p>\n<p>Une initiative soutenue par la R\u00e9gion Pays de la Loire \u00ab\u00a0qui s\u2019inscrit dans l\u2019objectif de cr\u00e9ation d\u2019un Campus des Energies Durables, r\u00e9unissant industriels, \u00e9tablissements acad\u00e9miques et acteurs de la formation\u00bb .\u00a0            <\/p>\n<p><img decoding=\"async\" alt=\"Advertisement\" src=\"data:image\/svg+xml,%3Csvg%20xmlns=\" http:=\"\" data-lazy-src=\"https:\/\/www.europesays.com\/fr\/wp-content\/uploads\/2025\/04\/Application-mobile-hello-gazette-nantes.gif\"\/><\/p>\n","protected":false},"excerpt":{"rendered":"Les \u00e9coles proposant une formation consacr\u00e9e \u00e0 la transition \u00e9nerg\u00e9tique essaiment dans la r\u00e9gion. Deux \u00e9tablissements sont sp\u00e9cialis\u00e9s&hellip;\n","protected":false},"author":2,"featured_media":359522,"comment_status":"","ping_status":"","sticky":false,"template":"","format":"standard","meta":{"footnotes":""},"categories":[2818],"tags":[1111,11,1777,674,1011,27,766,12,2636,25],"class_list":{"0":"post-359521","1":"post","2":"type-post","3":"status-publish","4":"format-standard","5":"has-post-thumbnail","7":"category-nantes","8":"tag-actu","9":"tag-actualites","10":"tag-eu","11":"tag-europe","12":"tag-fr","13":"tag-france","14":"tag-nantes","15":"tag-news","16":"tag-pays-de-la-loire","17":"tag-republique-francaise"},"share_on_mastodon":{"url":"https:\/\/pubeurope.com\/@fr\/115131859902722664","error":""},"_links":{"self":[{"href":"https:\/\/www.europesays.com\/fr\/wp-json\/wp\/v2\/posts\/359521","targetHints":{"allow":["GET"]}}],"collection":[{"href":"https:\/\/www.europesays.com\/fr\/wp-json\/wp\/v2\/posts"}],"about":[{"href":"https:\/\/www.europesays.com\/fr\/wp-json\/wp\/v2\/types\/post"}],"author":[{"embeddable":true,"href":"https:\/\/www.europesays.com\/fr\/wp-json\/wp\/v2\/users\/2"}],"replies":[{"embeddable":true,"href":"https:\/\/www.europesays.com\/fr\/wp-json\/wp\/v2\/comments?post=359521"}],"version-history":[{"count":0,"href":"https:\/\/www.europesays.com\/fr\/wp-json\/wp\/v2\/posts\/359521\/revisions"}],"wp:featuredmedia":[{"embeddable":true,"href":"https:\/\/www.europesays.com\/fr\/wp-json\/wp\/v2\/media\/359522"}],"wp:attachment":[{"href":"https:\/\/www.europesays.com\/fr\/wp-json\/wp\/v2\/media?parent=359521"}],"wp:term":[{"taxonomy":"category","embeddable":true,"href":"https:\/\/www.europesays.com\/fr\/wp-json\/wp\/v2\/categories?post=359521"},{"taxonomy":"post_tag","embeddable":true,"href":"https:\/\/www.europesays.com\/fr\/wp-json\/wp\/v2\/tags?post=359521"}],"curies":[{"name":"wp","href":"https:\/\/api.w.org\/{rel}","templated":true}]}}