{"id":359523,"date":"2025-09-02T00:25:26","date_gmt":"2025-09-02T00:25:26","guid":{"rendered":"https:\/\/www.europesays.com\/fr\/359523\/"},"modified":"2025-09-02T00:25:26","modified_gmt":"2025-09-02T00:25:26","slug":"foulques-chombart-de-lauwe-le-candidat-lr-a-nantes-qui-veut-casser-les-codes","status":"publish","type":"post","link":"https:\/\/www.europesays.com\/fr\/359523\/","title":{"rendered":"Foulques Chombart de Lauwe, le candidat LR \u00e0 Nantes qui veut \u00ab\u00a0casser les codes\u00a0\u00bb"},"content":{"rendered":"<p>\u00ab\u00a0Je veux virer Johanna Rolland.\u00a0\u00bb C\u2019est par cette d\u00e9claration fracassante visant l\u2019actuelle maire PS de Nantes que Foulques Chombart de Lauwe s\u2019\u00e9tait fait conna\u00eetre en octobre\u00a02023, lors du lancement de sa campagne pour les \u00e9lections municipales, pr\u00e9vues les 15 et 22\u00a0mars 2026.<\/p>\n<p>Cet article est r\u00e9serv\u00e9 aux abonn\u00e9s<\/p>\n<p>\n                    Vous souhaitez lire la suite\u00a0? Abonnez-vous sans engagement \u00e0 notre offre num\u00e9rique\n                <\/p>\n<p>                <a href=\"https:\/\/www.la-croix.com\/abonnement\" class=\"default-paywall__subscribe-button\" data-tracking=\"cta_click\" data-tracking-action=\"voir la page abonnement\" data-tracking-category=\"abonnement\" rel=\"nofollow noopener\" target=\"_blank\">Je m&rsquo;abonne<\/a><\/p>\n","protected":false},"excerpt":{"rendered":"\u00ab\u00a0Je veux virer Johanna Rolland.\u00a0\u00bb C\u2019est par cette d\u00e9claration fracassante visant l\u2019actuelle maire PS de Nantes que Foulques&hellip;\n","protected":false},"author":2,"featured_media":359524,"comment_status":"","ping_status":"","sticky":false,"template":"","format":"standard","meta":{"footnotes":""},"categories":[2818],"tags":[1111,11,1777,674,1011,27,766,12,2636,25],"class_list":{"0":"post-359523","1":"post","2":"type-post","3":"status-publish","4":"format-standard","5":"has-post-thumbnail","7":"category-nantes","8":"tag-actu","9":"tag-actualites","10":"tag-eu","11":"tag-europe","12":"tag-fr","13":"tag-france","14":"tag-nantes","15":"tag-news","16":"tag-pays-de-la-loire","17":"tag-republique-francaise"},"share_on_mastodon":{"url":"https:\/\/pubeurope.com\/@fr\/115131863982236508","error":""},"_links":{"self":[{"href":"https:\/\/www.europesays.com\/fr\/wp-json\/wp\/v2\/posts\/359523","targetHints":{"allow":["GET"]}}],"collection":[{"href":"https:\/\/www.europesays.com\/fr\/wp-json\/wp\/v2\/posts"}],"about":[{"href":"https:\/\/www.europesays.com\/fr\/wp-json\/wp\/v2\/types\/post"}],"author":[{"embeddable":true,"href":"https:\/\/www.europesays.com\/fr\/wp-json\/wp\/v2\/users\/2"}],"replies":[{"embeddable":true,"href":"https:\/\/www.europesays.com\/fr\/wp-json\/wp\/v2\/comments?post=359523"}],"version-history":[{"count":0,"href":"https:\/\/www.europesays.com\/fr\/wp-json\/wp\/v2\/posts\/359523\/revisions"}],"wp:featuredmedia":[{"embeddable":true,"href":"https:\/\/www.europesays.com\/fr\/wp-json\/wp\/v2\/media\/359524"}],"wp:attachment":[{"href":"https:\/\/www.europesays.com\/fr\/wp-json\/wp\/v2\/media?parent=359523"}],"wp:term":[{"taxonomy":"category","embeddable":true,"href":"https:\/\/www.europesays.com\/fr\/wp-json\/wp\/v2\/categories?post=359523"},{"taxonomy":"post_tag","embeddable":true,"href":"https:\/\/www.europesays.com\/fr\/wp-json\/wp\/v2\/tags?post=359523"}],"curies":[{"name":"wp","href":"https:\/\/api.w.org\/{rel}","templated":true}]}}