{"id":359525,"date":"2025-09-02T00:26:20","date_gmt":"2025-09-02T00:26:20","guid":{"rendered":"https:\/\/www.europesays.com\/fr\/359525\/"},"modified":"2025-09-02T00:26:20","modified_gmt":"2025-09-02T00:26:20","slug":"laccueil-de-familles-a-la-rue-dans-la-residence-autonomie-alsace-lorraine-irrite-certaines-personnes-agees","status":"publish","type":"post","link":"https:\/\/www.europesays.com\/fr\/359525\/","title":{"rendered":"l\u2019accueil de familles \u00e0 la rue dans la r\u00e9sidence autonomie Alsace-Lorraine irrite certaines personnes \u00e2g\u00e9es"},"content":{"rendered":"<p>Nombreuses sont les personnes \u00e2g\u00e9es accueillies dans des \u00e9tablissements sp\u00e9cialis\u00e9s \u00e0 \u00e9prouver<a href=\"https:\/\/www.sudouest.fr\/societe\/logement\/ici-les-seniors-ne-sont-pas-mis-a-part-en-gironde-des-residences-cultivent-l-intergenerationnel-16725930.php\" target=\"_blank\" rel=\"follow nofollow noopener\"> les bienfaits des relations interg\u00e9n\u00e9rationnelles<\/a>\u00a0: un repas du mercredi partag\u00e9 avec les enfants du centre de loisirs, un potager cultiv\u00e9 par des jardiniers en herbe et seniors. Mais pour Marie\u00a0(1), les \u00ab\u00a0bruits des enfants dans la cour, jusque tard dans la nuit\u00a0\u00bb, sont devenus une source d\u2019agacement, elle qui occupe depuis des ann\u00e9es un des 54 logements de la r\u00e9sidence autonomie (RA), \u00c9choppe senior Alsace-Lorraine, \u00e0 Bordeaux.<\/p>\n<p>Sur le cours \u00e9ponyme, l\u2019immeuble de quatre \u00e9tages, \u00e9rig\u00e9 il y a une quarantaine d\u2019ann\u00e9es, est ce que l\u2019on appelait autrefois un foyer logement. Une r\u00e9sidence s\u00e9curis\u00e9e et adapt\u00e9e d\u00e9di\u00e9e aux personnes \u00e2g\u00e9es qui y disposent d\u2019un appartement ind\u00e9pendant, garantissant leur autonomie, comme d\u2019espaces partag\u00e9s proposant services et activit\u00e9s communs.<\/p>\n<p>        <img decoding=\"async\" id=\"25685400\" src=\"https:\/\/www.europesays.com\/fr\/wp-content\/uploads\/2025\/09\/gironde-20250423182028-a14a245.jpg\" alt=\"Harmonie Lecerf-Meunier assure que les r\u00e9sidents ont \u00e9t\u00e9 pr\u00e9par\u00e9s \u00e0 l\u2019accueil de ces familles, par ailleurs valid\u00e9 par les services du D\u00e9partement et de l\u2019\u00c9tat.\" itemprop=\"contentURL\"\/><\/p>\n<p>    Harmonie Lecerf-Meunier assure que les r\u00e9sidents ont \u00e9t\u00e9 pr\u00e9par\u00e9s \u00e0 l\u2019accueil de ces familles, par ailleurs valid\u00e9 par les services du D\u00e9partement et de l\u2019\u00c9tat.<\/p>\n<p>Archives Guillaume Bonnaud\/SO<\/p>\n<p>C\u2019est dans cet environnement sp\u00e9cifique qu\u2019entre avril et juin dernier, trois familles avec enfants (cinq adultes et dix\u00a0enfants) sont venues s\u2019installer. Une volont\u00e9 pleinement assum\u00e9e par la mairie de Bordeaux, dont <a href=\"https:\/\/www.bordeaux.fr\/les-residences-autonomie-du-ccas-de-bordeaux\" target=\"_blank\" rel=\"nofollow noopener\">le Centre communal d\u2019action sociale g\u00e8re une quinzaine de r\u00e9sidences de ce type<\/a>. \u00ab\u00a0Il s\u2019agit de familles que l\u2019on suit et qui b\u00e9n\u00e9ficient d\u2019une orientation sociale de la part de nos services\u00a0\u00bb, explique Harmonie Lecerf-Meunier. \u00ab\u00a0Des familles sans solution d\u2019h\u00e9bergement et dont les enfants sont scolaris\u00e9s dans nos \u00e9coles \u00e0 qui nous avons propos\u00e9 une mise \u00e0 l\u2019abri\u00a0\u00bb, poursuit l\u2019adjointe au maire charg\u00e9e de l\u2019acc\u00e8s aux droits, des solidarit\u00e9s et des seniors. On se souvient qu\u2019apr\u00e8s la pr\u00e9c\u00e9dente rentr\u00e9e scolaire, leur situation avait suscit\u00e9 <a href=\"https:\/\/www.sudouest.fr\/gironde\/bordeaux\/enfants-a-la-rue-a-bordeaux-des-parents-d-eleves-occupent-l-ecole-pas-saint-georges-et-denoncent-une-situation-insupportable-21707442.php\" target=\"_blank\" rel=\"follow nofollow noopener\">une mobilisation des parents d\u2019\u00e9l\u00e8ves<\/a>.<\/p>\n<p>Accueil pr\u00e9par\u00e9 en amont<\/p>\n<p>L\u2019\u00e9lue s\u2019\u00e9tonne toutefois que cet accueil, \u00ab\u00a0valid\u00e9 par les services du D\u00e9partement et l\u2019\u00c9tat\u00a0\u00bb, suscite des r\u00e9actions. \u00ab\u00a0Les services ne m\u2019ont transmis aucune remont\u00e9e. Avant leur arriv\u00e9e, nous avons inform\u00e9 les r\u00e9sidents et m\u00eame organis\u00e9 un go\u00fbter d\u2019accueil pour faire connaissance.\u00a0\u00bb Ce que confirme Marie. Mais depuis la mi-ao\u00fbt, la dame \u00e2g\u00e9e d\u00e9plore \u00ab\u00a0des regroupements dans la cour, avec des gens qui parlent fort jusqu\u2019\u00e0 2 heures du matin\u00a0\u00bb.<\/p>\n<p>        <img decoding=\"async\" id=\"25685259\" src=\"https:\/\/www.europesays.com\/fr\/wp-content\/uploads\/2025\/09\/img-20250819-112958.jpg\" alt=\"Construite il y a une quarantaine d\u2019ann\u00e9es, la r\u00e9sidence du cours Alsace-Lorraine va prochainement faire l\u2019objet d\u2019une importante r\u00e9habilitation.\" itemprop=\"contentURL\"\/><\/p>\n<p>    Construite il y a une quarantaine d\u2019ann\u00e9es, la r\u00e9sidence du cours Alsace-Lorraine va prochainement faire l\u2019objet d\u2019une importante r\u00e9habilitation.<\/p>\n<p>A.\u00a0M.-R.<\/p>\n<p>Cette situation, Harmonie Lecerf-Meunier pr\u00e9cise qu\u2019elle est\u00a0temporaire, pour une dur\u00e9e de six mois, et vient en r\u00e9ponse \u00e0 \u00ab\u00a0un manque d\u2019h\u00e9bergement d\u2019urgence\u00a0\u00bb. Alors m\u00eame que dans la r\u00e9sidence autonomie Alsace-Lorraine, des logements sont vacants \u00e0 la suite de r\u00e9siliation de baux qui ne seront pas renouvel\u00e9s.<\/p>\n<p>Car, vieillissant, \u00ab\u00a0le b\u00e2timent va faire l\u2019objet d\u2019une r\u00e9habilitation d\u2019ampleur\u00a0\u00bb, annonce l\u2019adjointe au maire. Un chantier sur dix-huit mois qui ne pourra pas s\u2019effectuer en site occup\u00e9. Pour la soixantaine de r\u00e9sidents, \u00ab\u00a0qui ont besoin de stabilit\u00e9\u00a0\u00bb, la mairie se donne donc jusqu\u2019au premier semestre 2026 pour trouver des opportunit\u00e9s de relogement p\u00e9rennes ou le temps du chantier dans ses autres \u00e9tablissements. Et d\u2019ici l\u00e0, veut mettre \u00e0 profit ces quelques m\u00e8tres carr\u00e9s vides pour r\u00e9pondre \u00e0 l\u2019importante tension immobili\u00e8re pesant sur la ville.<\/p>\n<p>(1) Il s\u2019agit d\u2019un pr\u00e9nom d\u2019emprunt pour pr\u00e9server son anonymat.<\/p>\n","protected":false},"excerpt":{"rendered":"Nombreuses sont les personnes \u00e2g\u00e9es accueillies dans des \u00e9tablissements sp\u00e9cialis\u00e9s \u00e0 \u00e9prouver les bienfaits des relations interg\u00e9n\u00e9rationnelles\u00a0: un&hellip;\n","protected":false},"author":2,"featured_media":359526,"comment_status":"","ping_status":"","sticky":false,"template":"","format":"standard","meta":{"footnotes":""},"categories":[2817],"tags":[1111,11,1997,1777,674,1011,27,12,2219,25],"class_list":{"0":"post-359525","1":"post","2":"type-post","3":"status-publish","4":"format-standard","5":"has-post-thumbnail","7":"category-bordeaux","8":"tag-actu","9":"tag-actualites","10":"tag-bordeaux","11":"tag-eu","12":"tag-europe","13":"tag-fr","14":"tag-france","15":"tag-news","16":"tag-nouvelle-aquitaine","17":"tag-republique-francaise"},"share_on_mastodon":{"url":"https:\/\/pubeurope.com\/@fr\/115131868294406169","error":""},"_links":{"self":[{"href":"https:\/\/www.europesays.com\/fr\/wp-json\/wp\/v2\/posts\/359525","targetHints":{"allow":["GET"]}}],"collection":[{"href":"https:\/\/www.europesays.com\/fr\/wp-json\/wp\/v2\/posts"}],"about":[{"href":"https:\/\/www.europesays.com\/fr\/wp-json\/wp\/v2\/types\/post"}],"author":[{"embeddable":true,"href":"https:\/\/www.europesays.com\/fr\/wp-json\/wp\/v2\/users\/2"}],"replies":[{"embeddable":true,"href":"https:\/\/www.europesays.com\/fr\/wp-json\/wp\/v2\/comments?post=359525"}],"version-history":[{"count":0,"href":"https:\/\/www.europesays.com\/fr\/wp-json\/wp\/v2\/posts\/359525\/revisions"}],"wp:featuredmedia":[{"embeddable":true,"href":"https:\/\/www.europesays.com\/fr\/wp-json\/wp\/v2\/media\/359526"}],"wp:attachment":[{"href":"https:\/\/www.europesays.com\/fr\/wp-json\/wp\/v2\/media?parent=359525"}],"wp:term":[{"taxonomy":"category","embeddable":true,"href":"https:\/\/www.europesays.com\/fr\/wp-json\/wp\/v2\/categories?post=359525"},{"taxonomy":"post_tag","embeddable":true,"href":"https:\/\/www.europesays.com\/fr\/wp-json\/wp\/v2\/tags?post=359525"}],"curies":[{"name":"wp","href":"https:\/\/api.w.org\/{rel}","templated":true}]}}