{"id":359531,"date":"2025-09-02T00:29:11","date_gmt":"2025-09-02T00:29:11","guid":{"rendered":"https:\/\/www.europesays.com\/fr\/359531\/"},"modified":"2025-09-02T00:29:11","modified_gmt":"2025-09-02T00:29:11","slug":"previsions-du-mardi-2-septembre-2025-9","status":"publish","type":"post","link":"https:\/\/www.europesays.com\/fr\/359531\/","title":{"rendered":"pr\u00e9visions du mardi 2 septembre 2025"},"content":{"rendered":"<p>Toulouse va \u00eatre inond\u00e9e de soleil durant cette journ\u00e9e. Les valeurs iront de 12 \u00e0 25\u00b0C. Un vent de sud-ouest soufflera doucement dans la matin\u00e9e. Les temp\u00e9ratures vont monter pendant l&rsquo;apr\u00e8s-midi de plusieurs degr\u00e9s. Les valeurs s&rsquo;\u00e9chelonneront entre 22 et 25\u00b0C. Le soir, le vent va progressivement chasser la grisaille. Durant la nuit de mardi \u00e0 mercredi, le ciel sera limpide.<\/p>\n<p>C&rsquo;est un soleil \u00e9clatant qui va briller demain sur Toulouse. La m\u00e9t\u00e9o va se r\u00e9chauffer avec une augmentation de plusieurs degr\u00e9s. Les valeurs \u00e9volueront entre 16 et 31\u2009\u00b0C. Les temp\u00e9ratures seront comprises entre 16 et 31\u00b0C. Un vent de sud-est rafra\u00eechira un peu l&rsquo;atmosph\u00e8re. Le matin, le mercure affichera 21\u00b0C en moyenne. Les temp\u00e9ratures vont enregistrer une hausse de plusieurs degr\u00e9s durant l&rsquo;apr\u00e8s-midi. Les valeurs maximales annonc\u00e9es sont importantes, avec 31\u00b0C. Les temp\u00e9ratures afficheront entre 28 et 31\u00b0C.<\/p>\n<p>Les jours passent mais ne se ressemblent pas. Le temps sera changeant les prochains jours. Apr\u00e8s une journ\u00e9e pluvieuse jeudi, on pr\u00e9voit une am\u00e9lioration vendredi.<\/p>\n<p><\/p>\n","protected":false},"excerpt":{"rendered":"Toulouse va \u00eatre inond\u00e9e de soleil durant cette journ\u00e9e. Les valeurs iront de 12 \u00e0 25\u00b0C. Un vent&hellip;\n","protected":false},"author":2,"featured_media":359532,"comment_status":"","ping_status":"","sticky":false,"template":"","format":"standard","meta":{"footnotes":""},"categories":[2816],"tags":[1111,11,1777,674,1011,27,2722,2721,12,2680,2119,25,2312],"class_list":{"0":"post-359531","1":"post","2":"type-post","3":"status-publish","4":"format-standard","5":"has-post-thumbnail","7":"category-toulouse","8":"tag-actu","9":"tag-actualites","10":"tag-eu","11":"tag-europe","12":"tag-fr","13":"tag-france","14":"tag-haute-garonne","15":"tag-midi-pyrenees","16":"tag-news","17":"tag-occitanie","18":"tag-previsions-meteo","19":"tag-republique-francaise","20":"tag-toulouse"},"share_on_mastodon":{"url":"https:\/\/pubeurope.com\/@fr\/115131879597419313","error":""},"_links":{"self":[{"href":"https:\/\/www.europesays.com\/fr\/wp-json\/wp\/v2\/posts\/359531","targetHints":{"allow":["GET"]}}],"collection":[{"href":"https:\/\/www.europesays.com\/fr\/wp-json\/wp\/v2\/posts"}],"about":[{"href":"https:\/\/www.europesays.com\/fr\/wp-json\/wp\/v2\/types\/post"}],"author":[{"embeddable":true,"href":"https:\/\/www.europesays.com\/fr\/wp-json\/wp\/v2\/users\/2"}],"replies":[{"embeddable":true,"href":"https:\/\/www.europesays.com\/fr\/wp-json\/wp\/v2\/comments?post=359531"}],"version-history":[{"count":0,"href":"https:\/\/www.europesays.com\/fr\/wp-json\/wp\/v2\/posts\/359531\/revisions"}],"wp:featuredmedia":[{"embeddable":true,"href":"https:\/\/www.europesays.com\/fr\/wp-json\/wp\/v2\/media\/359532"}],"wp:attachment":[{"href":"https:\/\/www.europesays.com\/fr\/wp-json\/wp\/v2\/media?parent=359531"}],"wp:term":[{"taxonomy":"category","embeddable":true,"href":"https:\/\/www.europesays.com\/fr\/wp-json\/wp\/v2\/categories?post=359531"},{"taxonomy":"post_tag","embeddable":true,"href":"https:\/\/www.europesays.com\/fr\/wp-json\/wp\/v2\/tags?post=359531"}],"curies":[{"name":"wp","href":"https:\/\/api.w.org\/{rel}","templated":true}]}}