{"id":359543,"date":"2025-09-02T00:35:15","date_gmt":"2025-09-02T00:35:15","guid":{"rendered":"https:\/\/www.europesays.com\/fr\/359543\/"},"modified":"2025-09-02T00:35:15","modified_gmt":"2025-09-02T00:35:15","slug":"un-ado-de-13-ans-arrete-apres-le-meurtre-dun-ado-a-peine-plus-age-dimanche","status":"publish","type":"post","link":"https:\/\/www.europesays.com\/fr\/359543\/","title":{"rendered":"Un ado de 13 ans arr\u00eat\u00e9 apr\u00e8s le meurtre d\u2019un ado \u00e0 peine plus \u00e2g\u00e9 dimanche"},"content":{"rendered":"<p>Un <a href=\"https:\/\/www.20minutes.fr\/dossier\/adolescent\" class=\"c-link c-link--is-underlined\" target=\"_blank\" rel=\"noopener\">adolescent <\/a>de 13 ans a \u00e9t\u00e9 plac\u00e9 en garde \u00e0 vue lundi dans le cadre de l\u2019enqu\u00eate sur le meurtre par arme blanche d\u2019un jeune de 16 ans, dimanche soir dans la banlieue de <a href=\"https:\/\/www.20minutes.fr\/lyon\/\" class=\"c-link c-link--is-underlined\" target=\"_blank\" rel=\"noopener\">Lyon<\/a> (<a href=\"https:\/\/www.20minutes.fr\/dossier\/rhone\" class=\"c-link c-link--is-underlined\" target=\"_blank\" rel=\"noopener\">Rh\u00f4ne<\/a>), a indiqu\u00e9 lundi le parquet. Vers 22h30 dimanche, \u00e0 Caluire-et-Cuire, un jeune homme a menac\u00e9 un groupe de trois amis avec un couteau.<\/p>\n<p>Il a port\u00e9 un coup au thorax \u00e0 l\u2019un d\u2019eux alors qu\u2019ils tentaient de fuir, a pr\u00e9cis\u00e9 une source polici\u00e8re. Admise \u00e0 l\u2019h\u00f4pital avec un pronostic vital engag\u00e9, la victime a succomb\u00e9 \u00e0 ses blessures dans la nuit. Les motivations de l\u2019agresseur, qui a pris la fuite \u00e0 pied et dont l\u2019arme n\u2019a pas \u00e9t\u00e9 retrouv\u00e9e, restent pour l\u2019heure inconnues, selon la m\u00eame source.<\/p>\n<p>Membre du centre de formation de l\u2019Olympique lyonnais<\/p>\n<p>Selon le maire de la commune, Bastien Joint (<a href=\"https:\/\/www.20minutes.fr\/politique\/lr\/\" class=\"c-link c-link--is-underlined\" target=\"_blank\" rel=\"noopener\">LR<\/a>), il s\u2019agit d\u2019une \u00ab\u00a0simple dispute\u00a0\u00bb. \u00ab\u00a0Ce n\u2019est pas l\u2019ombre d\u2019un trafic ou d\u2019un r\u00e9seau criminel\u00a0\u00bb, assure-t-il, sur la base des \u00ab\u00a0premiers \u00e9l\u00e9ments\u00a0\u00bb. \u00ab\u00a0C\u2019est un diff\u00e9rend personnel qui a d\u00e9g\u00e9n\u00e9r\u00e9\u00a0\u00bb, a ajout\u00e9 le maire.<\/p>\n<p class=\"mb-xxl@xs color-ultramarine font-weight-semi-bold@xs font-source-serif-pro heading-s@xs\">L\u2019acc\u00e8s \u00e0 ce contenu a \u00e9t\u00e9 bloqu\u00e9 afin de respecter votre choix de consentement<\/p>\n<p class=\"mb-m@xs text-l@xs\">En cliquant sur\u00ab J\u2019accepte \u00bb, vous acceptez le d\u00e9p\u00f4t de cookies par des services externes et aurez ainsi acc\u00e8s aux contenus de nos partenaires.<\/p>\n<p class=\"mb-xl@xs text-s@xs\">Plus d\u2019informations sur la page<a href=\"https:\/\/www.20minutes.fr\/gestion-cookies\" class=\"mx-xxs@xs color-ultramarine\" target=\"_blank\" rel=\"noopener\">Politique de gestion des cookies<\/a><\/p>\n<p>J\u2019accepte<\/p>\n<p>Une enqu\u00eate pour \u00ab\u00a0homicide volontaire\u00a0\u00bb a \u00e9t\u00e9 ouverte, selon le parquet lyonnais, qui a pr\u00e9cis\u00e9 qu\u2019un adolescent de 13 ans a \u00e9t\u00e9 interpell\u00e9 et plac\u00e9 en garde \u00e0 vue du chef d\u2019homicide volontaire. Selon <a href=\"https:\/\/www.leprogres.fr\/faits-divers-justice\/2025\/09\/01\/meurtre-d-un-adolescent-a-caluire-le-suspect-interpelle-est-age-de-13-ans\" target=\"_blank\" class=\"c-link c-link--is-underlined\" rel=\"noopener\">Le Progr\u00e8s<\/a>, il s\u2019agirait d\u2019un joueur de football de \u00ab\u00a0l\u2019Academy\u00a0\u00bb, le centre de formation de l\u2019<a href=\"https:\/\/www.20minutes.fr\/sport\/ol\/\" class=\"c-link c-link--is-underlined\" target=\"_blank\" rel=\"noopener\">Olympique lyonnais<\/a>.<\/p>\n","protected":false},"excerpt":{"rendered":"Un adolescent de 13 ans a \u00e9t\u00e9 plac\u00e9 en garde \u00e0 vue lundi dans le cadre de l\u2019enqu\u00eate&hellip;\n","protected":false},"author":2,"featured_media":359544,"comment_status":"","ping_status":"","sticky":false,"template":"","format":"standard","meta":{"footnotes":""},"categories":[1889],"tags":[1111,47,11,1084,2430,7623,1777,674,118,1011,27,2683,2428,12,25,2429,2431],"class_list":{"0":"post-359543","1":"post","2":"type-post","3":"status-publish","4":"format-standard","5":"has-post-thumbnail","7":"category-lyon","8":"tag-actu","9":"tag-actualite","10":"tag-actualites","11":"tag-adolescent","12":"tag-auvergne-rhone-alpes","13":"tag-coup-de-couteau","14":"tag-eu","15":"tag-europe","16":"tag-faits-divers","17":"tag-fr","18":"tag-france","19":"tag-homicide","20":"tag-lyon","21":"tag-news","22":"tag-republique-francaise","23":"tag-rhone","24":"tag-rhone-alpes"},"share_on_mastodon":{"url":"https:\/\/pubeurope.com\/@fr\/115131903031707875","error":""},"_links":{"self":[{"href":"https:\/\/www.europesays.com\/fr\/wp-json\/wp\/v2\/posts\/359543","targetHints":{"allow":["GET"]}}],"collection":[{"href":"https:\/\/www.europesays.com\/fr\/wp-json\/wp\/v2\/posts"}],"about":[{"href":"https:\/\/www.europesays.com\/fr\/wp-json\/wp\/v2\/types\/post"}],"author":[{"embeddable":true,"href":"https:\/\/www.europesays.com\/fr\/wp-json\/wp\/v2\/users\/2"}],"replies":[{"embeddable":true,"href":"https:\/\/www.europesays.com\/fr\/wp-json\/wp\/v2\/comments?post=359543"}],"version-history":[{"count":0,"href":"https:\/\/www.europesays.com\/fr\/wp-json\/wp\/v2\/posts\/359543\/revisions"}],"wp:featuredmedia":[{"embeddable":true,"href":"https:\/\/www.europesays.com\/fr\/wp-json\/wp\/v2\/media\/359544"}],"wp:attachment":[{"href":"https:\/\/www.europesays.com\/fr\/wp-json\/wp\/v2\/media?parent=359543"}],"wp:term":[{"taxonomy":"category","embeddable":true,"href":"https:\/\/www.europesays.com\/fr\/wp-json\/wp\/v2\/categories?post=359543"},{"taxonomy":"post_tag","embeddable":true,"href":"https:\/\/www.europesays.com\/fr\/wp-json\/wp\/v2\/tags?post=359543"}],"curies":[{"name":"wp","href":"https:\/\/api.w.org\/{rel}","templated":true}]}}