{"id":359545,"date":"2025-09-02T00:37:13","date_gmt":"2025-09-02T00:37:13","guid":{"rendered":"https:\/\/www.europesays.com\/fr\/359545\/"},"modified":"2025-09-02T00:37:13","modified_gmt":"2025-09-02T00:37:13","slug":"hotel-de-magny-tour-de-guinette-voici-les-9-sites-laureats-du-loto-du-patrimoine-en-ile-de-france-et-dans-loise","status":"publish","type":"post","link":"https:\/\/www.europesays.com\/fr\/359545\/","title":{"rendered":"H\u00f4tel de Magny, tour de Guinette\u2026 Voici les 9 sites laur\u00e9ats du Loto du patrimoine en \u00cele-de-France et dans l\u2019Oise"},"content":{"rendered":"<p class=\"paragraph text_align_left lp-f-body-02\">Ils vont b\u00e9n\u00e9ficier d\u2019un coup de neuf. La Fondation du patrimoine a d\u00e9voil\u00e9 ce lundi 1er septembre les 102 sites d\u00e9partementaux laur\u00e9ats de l\u2019\u00e9dition 2025 du Loto du patrimoine. Pr\u00e8s de 770 nouveaux projets avaient \u00e9t\u00e9 signal\u00e9s cette ann\u00e9e sur <a href=\"https:\/\/www.missionbern.fr\/\" target=\"_self\" rel=\"noopener\">la plate-forme de la Mission patrimoine<\/a> confi\u00e9e \u00e0 St\u00e9phane Bern.<\/p>\n<p class=\"paragraph text_align_left lp-f-body-02\">En \u00cele-de-France, huit sites embl\u00e9matiques vont b\u00e9n\u00e9ficier d\u2019une r\u00e9novation : l\u2019<a href=\"https:\/\/www.leparisien.fr\/paris-75\/paris-au-jardin-des-plantes-un-appel-aux-dons-d1-million-deuros-pour-sauver-lhistorique-hotel-de-magny-23-03-2025-5YWLNTZYWBGVPHVPGNZNZLPINY.php\" target=\"_self\" rel=\"noopener\">h\u00f4tel de Magny \u00e0 Paris <\/a>(Paris Ve), la <a href=\"https:\/\/www.leparisien.fr\/seine-et-marne-77\/seine-et-marne-les-vieux-trains-de-l-ajecta-voguent-vers-singapour-15-03-2020-8280342.php\" target=\"_self\" rel=\"noopener\">Rotonde ferroviaire de Longueville<\/a> (Seine-et-Marne), le <a href=\"https:\/\/www.leparisien.fr\/yvelines-78\/yvelines-subventions-appel-aux-dons-la-restauration-du-chateau-de-plaisir-un-chantier-sous-perfusion-16-11-2024-4NJTF3HLHJFNVLKQQ5AZ37PUKM.php\" target=\"_self\" rel=\"noopener\">Colombier du domaine de Plaisir<\/a> (Yvelines), la tour de Guinette \u00e0 \u00c9tampes (Essonne), le Portail des Escargots \u00e0 Suresnes (Hauts-de-Seine), le Parc de la mairie de Clichy-sous-Bois (Seine-Saint-Denis), la Mire de Cassini \u00e0 Villejuif (Val-de-Marne) et l\u2019\u00e9glise Notre-Dame \u00e0<a href=\"https:\/\/www.leparisien.fr\/val-d-oise-95\/saint-clair-sur-epte-95770\/\" target=\"_self\" rel=\"noopener\"> Saint-Clair-sur-Epte <\/a>(Val-d\u2019Oise).<\/p>\n<p class=\"paragraph text_align_left lp-f-body-02\">Les fonds r\u00e9colt\u00e9s vont aussi permettre de restaurer l\u2019\u00e9glise Saint-Martin \u00e0 <a href=\"https:\/\/www.leparisien.fr\/oise-60\/villers-saint-barthelemy-60650\/\" target=\"_self\" rel=\"noopener\">Villers-Saint-Barth\u00e9lemy<\/a> (Oise). Des fissures ont \u00e9t\u00e9 constat\u00e9es sur le mur sud de la nef et les vitraux sont endommag\u00e9s.<\/p>\n<p class=\"paragraph text_align_left lp-f-body-02\">C\u2019est d\u2019ailleurs \u00e0 l\u2019h\u00f4tel de Magny, \u00e9difice nich\u00e9 dans le jardin des Plantes et construit au XVIIe si\u00e8cle par l\u2019architecte de Louis XIV, que va \u00eatre d\u00e9voil\u00e9e la liste, en pr\u00e9sence de la ministre de la Culture Rachida Dati, et de l\u2019animateur St\u00e9phane Bern, qui porte le projet. Class\u00e9 monument historique en 1993, le b\u00e2timent est menac\u00e9 par une instabilit\u00e9 structurelle.<\/p>\n<p class=\"paragraph text_align_left lp-f-body-02\">Parmi les autres \u00e9difices en p\u00e9ril, on retrouve la tour de Guinette en Essonne. <a href=\"https:\/\/www.leparisien.fr\/essonne-91\/etampes-la-tour-de-guinette-interdite-au-public-jusqu-a-nouvel-ordre-07-08-2018-7845963.php\" rel=\"noopener\" target=\"_blank\">Ferm\u00e9 au public depuis 2018 <\/a>\u00e0 cause de son \u00e9tat de d\u00e9gradation avanc\u00e9e, ce vestige du ch\u00e2teau royal d\u2019\u00c9tampes a besoin d\u2019une importante restauration, estim\u00e9e \u00e0 330 000 euros.<\/p>\n<p><img decoding=\"async\" class=\"image \" loading=\"lazy\" src=\"https:\/\/www.europesays.com\/fr\/wp-content\/uploads\/2025\/09\/OHFIBURYKBG4LPJ4BSWHHT6HZQ.jpg\" alt=\"La Rotonde ferroviaire de Longueville, en Seine-et-Marne, va b\u00e9n\u00e9ficier des fonds du Loto du patrimoine pour sa restauration. AJECTA\" align=\"\" data-rubrique-principale=\"\" data-article-type=\"\" fetchpriority=\"auto\"\/>La Rotonde ferroviaire de Longueville, en Seine-et-Marne, va b\u00e9n\u00e9ficier des fonds du Loto du patrimoine pour sa restauration. AJECTA<\/p>\n<p class=\"paragraph text_align_left lp-f-body-02\">En Seine-et-Marne, c\u2019est la Rotonde ferroviaire de Longueville, ancien d\u00e9p\u00f4t vapeur SNCF o\u00f9 sont entrepos\u00e9s plusieurs locomotives et wagons d\u2019\u00e9poque, qui va retrouver son \u00e9clat.<\/p>\n<p>180 millions d\u2019euros r\u00e9colt\u00e9s depuis 2018<\/p>\n<p class=\"paragraph text_align_left lp-f-body-02\">D\u00e8s le mois de septembre, les Fran\u00e7ais pourront se procurer un ticket de loterie de 15 euros, pour tenter de remporter le 1,5 million d\u2019euros mis en jeu. Une partie des mises r\u00e9colt\u00e9es (1,83 euro par ticket) sera revers\u00e9e \u00e0 la Fondation du patrimoine pour financer la r\u00e9novation des sites s\u00e9lectionn\u00e9s. Plusieurs tirages lotos d\u00e9di\u00e9s seront aussi organis\u00e9s par la Fran\u00e7aise des jeux tout au long du mois de septembre.<\/p>\n<p class=\"paragraph text_align_left lp-f-body-02\">Depuis son lancement en 2018, le Loto du patrimoine a permis de r\u00e9colter plus de 180 millions d\u2019euros, dont 32 l\u2019ann\u00e9e derni\u00e8re, selon ses organisateurs. Plus de 75 % des projets s\u00e9lectionn\u00e9s lors des 7 premi\u00e8res \u00e9ditions sont d\u2019ores et d\u00e9j\u00e0 sauv\u00e9s.<\/p>\n","protected":false},"excerpt":{"rendered":"Ils vont b\u00e9n\u00e9ficier d\u2019un coup de neuf. La Fondation du patrimoine a d\u00e9voil\u00e9 ce lundi 1er septembre les&hellip;\n","protected":false},"author":2,"featured_media":359546,"comment_status":"","ping_status":"","sticky":false,"template":"","format":"standard","meta":{"footnotes":""},"categories":[1592],"tags":[1111,11,872,1777,674,1011,27,662,1944,12,626,25,6601],"class_list":{"0":"post-359545","1":"post","2":"type-post","3":"status-publish","4":"format-standard","5":"has-post-thumbnail","7":"category-ile-de-france","8":"tag-actu","9":"tag-actualites","10":"tag-culture-et-loisirs","11":"tag-eu","12":"tag-europe","13":"tag-fr","14":"tag-france","15":"tag-ile-de-france","16":"tag-ma-ville","17":"tag-news","18":"tag-paris","19":"tag-republique-francaise","20":"tag-val-d-oise"},"share_on_mastodon":{"url":"https:\/\/pubeurope.com\/@fr\/115131911314346427","error":""},"_links":{"self":[{"href":"https:\/\/www.europesays.com\/fr\/wp-json\/wp\/v2\/posts\/359545","targetHints":{"allow":["GET"]}}],"collection":[{"href":"https:\/\/www.europesays.com\/fr\/wp-json\/wp\/v2\/posts"}],"about":[{"href":"https:\/\/www.europesays.com\/fr\/wp-json\/wp\/v2\/types\/post"}],"author":[{"embeddable":true,"href":"https:\/\/www.europesays.com\/fr\/wp-json\/wp\/v2\/users\/2"}],"replies":[{"embeddable":true,"href":"https:\/\/www.europesays.com\/fr\/wp-json\/wp\/v2\/comments?post=359545"}],"version-history":[{"count":0,"href":"https:\/\/www.europesays.com\/fr\/wp-json\/wp\/v2\/posts\/359545\/revisions"}],"wp:featuredmedia":[{"embeddable":true,"href":"https:\/\/www.europesays.com\/fr\/wp-json\/wp\/v2\/media\/359546"}],"wp:attachment":[{"href":"https:\/\/www.europesays.com\/fr\/wp-json\/wp\/v2\/media?parent=359545"}],"wp:term":[{"taxonomy":"category","embeddable":true,"href":"https:\/\/www.europesays.com\/fr\/wp-json\/wp\/v2\/categories?post=359545"},{"taxonomy":"post_tag","embeddable":true,"href":"https:\/\/www.europesays.com\/fr\/wp-json\/wp\/v2\/tags?post=359545"}],"curies":[{"name":"wp","href":"https:\/\/api.w.org\/{rel}","templated":true}]}}