{"id":359555,"date":"2025-09-02T00:43:13","date_gmt":"2025-09-02T00:43:13","guid":{"rendered":"https:\/\/www.europesays.com\/fr\/359555\/"},"modified":"2025-09-02T00:43:13","modified_gmt":"2025-09-02T00:43:13","slug":"la-russie-tacle-la-france","status":"publish","type":"post","link":"https:\/\/www.europesays.com\/fr\/359555\/","title":{"rendered":"la Russie tacle la France"},"content":{"rendered":"<p>La France est de nouveau \u00e9pingl\u00e9e par un pays tiers pour sa\u00a0<a href=\"https:\/\/www.tsa-algerie.com\/colonisation-de-lalgerie-benjamin-stora-fait-taire-eric-zemmour\/\" target=\"_blank\" rel=\"noopener nofollow\" data-saferedirecturl=\"https:\/\/www.google.com\/url?q=https:\/\/www.tsa-algerie.com\/colonisation-de-lalgerie-benjamin-stora-fait-taire-eric-zemmour\/&amp;source=gmail&amp;ust=1756830301746000&amp;usg=AOvVaw2XEhduYGi6S1syo0I2Kylk\">colonisation<\/a>\u00a0de l\u2019Alg\u00e9rie.<\/p>\n<p style=\"font-weight: 400;\">Pour la deuxi\u00e8me fois en quelques mois, la Russie revient \u00e0 la charge et d\u00e9nonce les crimes coloniaux commis par la France en Alg\u00e9rie.<\/p>\n<p class=\"a-lire-box\" style=\"&#13;&#10;                    margin:20px 0;&#13;&#10;                    padding:12px 0;&#13;&#10;                    border-top:1px solid #ddd;&#13;&#10;                    border-bottom:1px solid #ddd;&#13;&#10;                    line-height:1.8;&#13;&#10;                 \">&#13;<br \/>\n                    A lire aussi :&#13;<br \/>\n                    <a href=\"https:\/\/www.tsa-algerie.com\/visas-diplomatiques-lalgerie-accuse-la-france-de-mauvaise-foi\/\" class=\"a-lire-link\" style=\"color:#000;text-decoration:none;font-weight:600;\" rel=\"nofollow noopener\" target=\"_blank\">&#13;<br \/>\n                        Visas diplomatiques : l\u2019Alg\u00e9rie accuse la France de \u00ab mauvaise foi \u00bb&#13;<br \/>\n                    <\/a>&#13;\n                <\/p>\n<p style=\"font-weight: 400;\">Dans une vid\u00e9o en anglais post\u00e9e sur X, l\u2019ambassade de Russie en Afrique du Sud a r\u00e9sum\u00e9 en moins de deux minutes les exactions de la France coloniale au \u201cpays des Martyrs\u201d, de la conqu\u00eate coloniale en 1830 jusqu\u2019\u00e0 l\u2019ind\u00e9pendance \u201cch\u00e8rement pay\u00e9e\u201d en 1962.<\/p>\n<p><strong>L\u2019Alg\u00e9rie a pay\u00e9 un \u00ab\u00a0prix \u00e9lev\u00e9\u00a0\u00bb<\/strong><\/p>\n<p style=\"font-weight: 400;\">La vid\u00e9o commence par cette affirmation : \u201cL\u2019histoire de la colonisation ne sera jamais oubli\u00e9e\u201d. La France a envahi l\u2019Alg\u00e9rie en 1830 et les pieds-noirs ont pris les meilleures terres et exploit\u00e9 la population, rappelle l\u2019ambassade de Russie.<\/p>\n<p class=\"a-lire-box\" style=\"&#13;&#10;                    margin:20px 0;&#13;&#10;                    padding:12px 0;&#13;&#10;                    border-top:1px solid #ddd;&#13;&#10;                    border-bottom:1px solid #ddd;&#13;&#10;                    line-height:1.8;&#13;&#10;                 \">&#13;<br \/>\n                    A lire aussi :&#13;<br \/>\n                    <a href=\"https:\/\/www.tsa-algerie.com\/imane-khelif-dement-sa-retraite-et-accuse-son-ex-manager-de-trahison\/\" class=\"a-lire-link\" style=\"color:#000;text-decoration:none;font-weight:600;\" rel=\"nofollow noopener\" target=\"_blank\">&#13;<br \/>\n                        Imane Khelif d\u00e9ment sa retraite et accuse son ex-manager de trahison&#13;<br \/>\n                    <\/a>&#13;\n                <\/p>\n<p style=\"font-weight: 400;\">La vid\u00e9o s\u2019attarde sur la lutte pour l\u2019ind\u00e9pendance d\u00e9clench\u00e9e en 1954 sous l\u2019\u00e9gide du Front de lib\u00e9ration nationale (FLN) et au cours de laquelle l\u2019arm\u00e9e fran\u00e7aise a commis de nombreux crimes et exactions, dont des ex\u00e9cutions sommaires et autres mesures punitives contre la population. Avec 1,5 millions de morts, l\u2019Alg\u00e9rie a pay\u00e9 un \u201cprix \u00e9lev\u00e9\u201d pour son ind\u00e9pendance en 1962, conclut la vid\u00e9o.<\/p>\n<p><strong>La Russie revient \u00e0 la charge<\/strong><\/p>\n<p style=\"font-weight: 400;\">En avril dernier, la porte-parole du minist\u00e8re russe des Affaires \u00e9trang\u00e8res, Maria Zakharova, a d\u00e9clar\u00e9 que \u201cla\u00a0<a href=\"https:\/\/www.tsa-algerie.com\/la-russie-sinvite-dans-le-differend-entre-lalgerie-et-la-france\/\" target=\"_blank\" rel=\"noopener nofollow\" data-saferedirecturl=\"https:\/\/www.google.com\/url?q=https:\/\/www.tsa-algerie.com\/la-russie-sinvite-dans-le-differend-entre-lalgerie-et-la-france\/&amp;source=gmail&amp;ust=1756830301746000&amp;usg=AOvVaw1EB4Vxxt1lKFrhrP7_l4qO\">Russie soutient l\u2019Alg\u00e9rie<\/a>\u00a0dans sa lutte pour que la France rende des comptes sur le colonialisme\u201d.<\/p>\n<p class=\"a-lire-box\" style=\"&#13;&#10;                    margin:20px 0;&#13;&#10;                    padding:12px 0;&#13;&#10;                    border-top:1px solid #ddd;&#13;&#10;                    border-bottom:1px solid #ddd;&#13;&#10;                    line-height:1.8;&#13;&#10;                 \">&#13;<br \/>\n                    A lire aussi :&#13;<br \/>\n                    <a href=\"https:\/\/www.tsa-algerie.com\/lalgerie-instaure-un-triple-controle-des-importations\/\" class=\"a-lire-link\" style=\"color:#000;text-decoration:none;font-weight:600;\" rel=\"nofollow noopener\" target=\"_blank\">&#13;<br \/>\n                        L\u2019Alg\u00e9rie instaure\u00a0un triple contr\u00f4le\u00a0des\u00a0importations&#13;<br \/>\n                    <\/a>&#13;\n                <\/p>\n<p style=\"font-weight: 400;\">La diplomate russe, cit\u00e9e par l\u2019agence Sputnik, avait ajout\u00e9 que son pays soutient \u00e9galement les efforts de l\u2019Alg\u00e9rie pour obtenir r\u00e9paration pour \u201cles graves cons\u00e9quences pass\u00e9es et pr\u00e9sentes de la colonisation et du n\u00e9ocolonialisme\u201d.<\/p>\n<p style=\"font-weight: 400;\">Pour Zakharova, la France \u201cne peut plus r\u00e9primer l\u2019ind\u00e9pendance et la souverainet\u00e9 des peuples\u201d. \u201cL\u2019h\u00e9ritage colonial de Paris est un fait historique, et ses crimes restent douloureux pour de nombreux peuples du monde\u201d, a-t-elle fustig\u00e9.<\/p>\n<p style=\"font-weight: 400;\">En r\u00e9action au vote en France d\u2019une loi incriminant la n\u00e9gation du g\u00e9nocide arm\u00e9nien, le pr\u00e9sident turc Recep Tayyip Erdogan avait accus\u00e9 en 2012 la France d\u2019avoir commis un g\u00e9nocide en Alg\u00e9rie. Erdogan avait \u00e9t\u00e9 recadr\u00e9 par le Premier ministre alg\u00e9rien de l\u2019\u00e9poque, Ahmed Ouyahia, qui l\u2019a appel\u00e9 publiquement \u00e0 cesser de \u201cfaire du sang des Alg\u00e9riens un fonds de commerce\u201c.<\/p>\n<blockquote class=\"twitter-tweet\">\n<p dir=\"ltr\" lang=\"en\"><a href=\"https:\/\/twitter.com\/hashtag\/StopColonialism?src=hash&amp;ref_src=twsrc%5Etfw\" rel=\"nofollow noopener\" target=\"_blank\">#StopColonialism<\/a><\/p>\n<p>\u2757\ufe0fIn 1834 France invaded <a href=\"https:\/\/twitter.com\/hashtag\/Algeria?src=hash&amp;ref_src=twsrc%5Etfw\" rel=\"nofollow noopener\" target=\"_blank\">#Algeria<\/a>, seizing land &amp; oppressing locals.<\/p>\n<p>France\u2019s repression killed 1.5 MILLION Algerians.<\/p>\n<p>Independence was won at colossal cost only in 1962. <a href=\"https:\/\/twitter.com\/hashtag\/NeverToBeForgotten?src=hash&amp;ref_src=twsrc%5Etfw\" rel=\"nofollow noopener\" target=\"_blank\">#NeverToBeForgotten<\/a> <a href=\"https:\/\/t.co\/rPc5bbfSKZ\" rel=\"nofollow\">https:\/\/t.co\/rPc5bbfSKZ<\/a> <a href=\"https:\/\/t.co\/OqbpcfKOYk\" rel=\"nofollow\">pic.twitter.com\/OqbpcfKOYk<\/a><\/p>\n<p>\u2014 Russian Embassy in South Africa \ud83c\uddf7\ud83c\uddfa (@EmbassyofRussia) <a href=\"https:\/\/twitter.com\/EmbassyofRussia\/status\/1960596389295014309?ref_src=twsrc%5Etfw\" rel=\"nofollow noopener\" target=\"_blank\">August 27, 2025<\/a><\/p>\n<\/blockquote>\n<p><script async src=\"https:\/\/platform.twitter.com\/widgets.js\" charset=\"utf-8\"><\/script><\/p>\n","protected":false},"excerpt":{"rendered":"La France est de nouveau \u00e9pingl\u00e9e par un pays tiers pour sa\u00a0colonisation\u00a0de l\u2019Alg\u00e9rie. Pour la deuxi\u00e8me fois en&hellip;\n","protected":false},"author":2,"featured_media":359556,"comment_status":"","ping_status":"","sticky":false,"template":"","format":"standard","meta":{"footnotes":""},"categories":[1591],"tags":[11,1887,12,1885,1886,132],"class_list":{"0":"post-359555","1":"post","2":"type-post","3":"status-publish","4":"format-standard","5":"has-post-thumbnail","7":"category-russie","8":"tag-actualites","9":"tag-federation-de-russie","10":"tag-news","11":"tag-russia","12":"tag-russian-federation","13":"tag-russie"},"share_on_mastodon":{"url":"https:\/\/pubeurope.com\/@fr\/115131934580670902","error":""},"_links":{"self":[{"href":"https:\/\/www.europesays.com\/fr\/wp-json\/wp\/v2\/posts\/359555","targetHints":{"allow":["GET"]}}],"collection":[{"href":"https:\/\/www.europesays.com\/fr\/wp-json\/wp\/v2\/posts"}],"about":[{"href":"https:\/\/www.europesays.com\/fr\/wp-json\/wp\/v2\/types\/post"}],"author":[{"embeddable":true,"href":"https:\/\/www.europesays.com\/fr\/wp-json\/wp\/v2\/users\/2"}],"replies":[{"embeddable":true,"href":"https:\/\/www.europesays.com\/fr\/wp-json\/wp\/v2\/comments?post=359555"}],"version-history":[{"count":0,"href":"https:\/\/www.europesays.com\/fr\/wp-json\/wp\/v2\/posts\/359555\/revisions"}],"wp:featuredmedia":[{"embeddable":true,"href":"https:\/\/www.europesays.com\/fr\/wp-json\/wp\/v2\/media\/359556"}],"wp:attachment":[{"href":"https:\/\/www.europesays.com\/fr\/wp-json\/wp\/v2\/media?parent=359555"}],"wp:term":[{"taxonomy":"category","embeddable":true,"href":"https:\/\/www.europesays.com\/fr\/wp-json\/wp\/v2\/categories?post=359555"},{"taxonomy":"post_tag","embeddable":true,"href":"https:\/\/www.europesays.com\/fr\/wp-json\/wp\/v2\/tags?post=359555"}],"curies":[{"name":"wp","href":"https:\/\/api.w.org\/{rel}","templated":true}]}}