{"id":359560,"date":"2025-09-02T00:45:12","date_gmt":"2025-09-02T00:45:12","guid":{"rendered":"https:\/\/www.europesays.com\/fr\/359560\/"},"modified":"2025-09-02T00:45:12","modified_gmt":"2025-09-02T00:45:12","slug":"ouganda-et-accord-des-usa-sur-expulsion-de-migrants-illicites","status":"publish","type":"post","link":"https:\/\/www.europesays.com\/fr\/359560\/","title":{"rendered":"Ouganda et accord des USA sur expulsion de migrants illicites"},"content":{"rendered":"<p>&#13;<br \/>\n\t\t\t\tEn Lecture&#13;<br \/>\n\t\t\t\tL\u2019Ouganda reste attach\u00e9 \u00e0 l\u2019accord qu\u2019il a sign\u00e9 avec les USA pour accueillir des personnes expuls\u00e9es du sol am\u00e9ricain, malgr\u00e9 les critiques nationales et internationales (Officiel Charles Ouma ce 1er septembre 2025)&#13;\n\t\t\t<\/p>\n<p>&#13;<br \/>\n\t\t\t\t\t\t\t\t\tShare\t\t\t<\/p>\n<p>\t\t\t\t\t\t<a class=\"share-action share-trigger icon-facebook\" aria-label=\"Share on Facebook\" href=\"https:\/\/www.facebook.com\/sharer.php?u=https%3A%2F%2Fafriquinfos.com%2Flouganda-reste-attache-a-laccord-quil-a-signe-avec-les-usa-pour-accueillir-des-personnes-expulsees-malgre-les-critiques-nationales-et-internationales-officiel-charles-ouma-ce-1er-septembre-202%2F\" data-title=\"Facebook\" data-gravity=\"n\" rel=\"nofollow noopener\" target=\"_blank\"><\/a><br \/>\n\t\t\t\t<a class=\"share-action share-trigger icon-twitter\" aria-label=\"Share on Twitter\" href=\"https:\/\/twitter.com\/intent\/tweet?text=L%E2%80%99Ouganda+reste+attach%C3%A9+%C3%A0+l%E2%80%99accord+qu%E2%80%99il+a+sign%C3%A9+avec+les+USA+pour+accueillir+des+personnes+expuls%C3%A9es+du+sol+am%C3%A9ricain%2C+malgr%C3%A9+les+critiques+nationales+et+internationales+%28Officiel+Charles+Ouma+ce+1er+septembre+2025%29&amp;url=https%3A%2F%2Fafriquinfos.com%2Flouganda-reste-attache-a-laccord-quil-a-signe-avec-les-usa-pour-accueillir-des-personnes-expulsees-malgre-les-critiques-nationales-et-internationales-officiel-charles-ouma-ce-1er-septembre-202%2F&amp;via=AfriquinfosActu\" data-title=\"Twitter\" data-gravity=\"n\" rel=\"nofollow noopener\" target=\"_blank\">&#13;<br \/>\n\t\t\t<\/a>\t\t\t<a class=\"share-action icon-copy copy-trigger\" aria-label=\"Copy Link\" href=\"#\" data-copied=\"Copied!\" data-link=\"https:\/\/afriquinfos.com\/louganda-reste-attache-a-laccord-quil-a-signe-avec-les-usa-pour-accueillir-des-personnes-expulsees-malgre-les-critiques-nationales-et-internationales-officiel-charles-ouma-ce-1er-septembre-202\/\" rel=\"nofollow\" data-copy=\"Copy Link\" data-gravity=\"n\"><\/a><br \/>\n\t\t\t\t\t<a class=\"share-action icon-print\" aria-label=\"Print\" rel=\"nofollow noopener\" href=\"https:\/\/afriquinfos.com\/louganda-reste-attache-a-laccord-quil-a-signe-avec-les-usa-pour-accueillir-des-personnes-expulsees-malgre-les-critiques-nationales-et-internationales-officiel-charles-ouma-ce-1er-septembre-202\/javascript:if(window.print)window.print()\" data-title=\"Print\" data-gravity=\"n\" target=\"_blank\"><\/a><br \/>\n\t\t\t\t\t<a class=\"share-action native-share-trigger more-icon\" aria-label=\"More\" href=\"#\" data-link=\"https:\/\/afriquinfos.com\/louganda-reste-attache-a-laccord-quil-a-signe-avec-les-usa-pour-accueillir-des-personnes-expulsees-malgre-les-critiques-nationales-et-internationales-officiel-charles-ouma-ce-1er-septembre-202\/\" data-ptitle=\"L\u2019Ouganda reste attach\u00e9 \u00e0 l\u2019accord qu\u2019il a sign\u00e9 avec les USA pour accueillir des personnes expuls\u00e9es du sol am\u00e9ricain, malgr\u00e9 les critiques nationales et internationales (Officiel Charles Ouma ce 1er septembre 2025)\" data-title=\"Voir Plus\" data-gravity=\"n\" rel=\"nofollow\"><\/a><\/p>\n<p>\t\t\t\t<script async src=\"https:\/\/platform.twitter.com\/widgets.js\" charset=\"utf-8\"><\/script><\/p>\n","protected":false},"excerpt":{"rendered":"&#13; En Lecture&#13; L\u2019Ouganda reste attach\u00e9 \u00e0 l\u2019accord qu\u2019il a sign\u00e9 avec les USA pour accueillir des personnes&hellip;\n","protected":false},"author":2,"featured_media":311781,"comment_status":"","ping_status":"","sticky":false,"template":"","format":"standard","meta":{"footnotes":""},"categories":[1589],"tags":[11,73,1866,12,1864,1865,1863,308],"class_list":{"0":"post-359560","1":"post","2":"type-post","3":"status-publish","4":"format-standard","5":"has-post-thumbnail","7":"category-etats-unis","8":"tag-actualites","9":"tag-etats-unis","10":"tag-etats-unis-damerique","11":"tag-news","12":"tag-united-states","13":"tag-united-states-of-america","14":"tag-us","15":"tag-usa"},"share_on_mastodon":{"url":"https:\/\/pubeurope.com\/@fr\/115131942537478889","error":""},"_links":{"self":[{"href":"https:\/\/www.europesays.com\/fr\/wp-json\/wp\/v2\/posts\/359560","targetHints":{"allow":["GET"]}}],"collection":[{"href":"https:\/\/www.europesays.com\/fr\/wp-json\/wp\/v2\/posts"}],"about":[{"href":"https:\/\/www.europesays.com\/fr\/wp-json\/wp\/v2\/types\/post"}],"author":[{"embeddable":true,"href":"https:\/\/www.europesays.com\/fr\/wp-json\/wp\/v2\/users\/2"}],"replies":[{"embeddable":true,"href":"https:\/\/www.europesays.com\/fr\/wp-json\/wp\/v2\/comments?post=359560"}],"version-history":[{"count":0,"href":"https:\/\/www.europesays.com\/fr\/wp-json\/wp\/v2\/posts\/359560\/revisions"}],"wp:featuredmedia":[{"embeddable":true,"href":"https:\/\/www.europesays.com\/fr\/wp-json\/wp\/v2\/media\/311781"}],"wp:attachment":[{"href":"https:\/\/www.europesays.com\/fr\/wp-json\/wp\/v2\/media?parent=359560"}],"wp:term":[{"taxonomy":"category","embeddable":true,"href":"https:\/\/www.europesays.com\/fr\/wp-json\/wp\/v2\/categories?post=359560"},{"taxonomy":"post_tag","embeddable":true,"href":"https:\/\/www.europesays.com\/fr\/wp-json\/wp\/v2\/tags?post=359560"}],"curies":[{"name":"wp","href":"https:\/\/api.w.org\/{rel}","templated":true}]}}