{"id":359561,"date":"2025-09-02T00:46:30","date_gmt":"2025-09-02T00:46:30","guid":{"rendered":"https:\/\/www.europesays.com\/fr\/359561\/"},"modified":"2025-09-02T00:46:30","modified_gmt":"2025-09-02T00:46:30","slug":"les-velos-electriques-chinois-peuvent-ils-tuer-lindustrie-du-cycle-britannique-le-pays-tergiverse-entre-2-decisions-radicales","status":"publish","type":"post","link":"https:\/\/www.europesays.com\/fr\/359561\/","title":{"rendered":"Les v\u00e9los \u00e9lectriques chinois peuvent-ils tuer l\u2019industrie du cycle britannique ? Le pays tergiverse entre 2 d\u00e9cisions radicales"},"content":{"rendered":"<p>Face \u00e0 deux recommandations contradictoires, le Royaume-Uni pourrait-il r\u00e9introduire des droits de douanes sur les v\u00e9los \u00e9lectriques import\u00e9s de Chine ? Entre r\u00e9duction des prix et protection de l\u2019\u00e9conomie, le c\u0153ur balance tr\u00e8s fortement. <\/p>\n<p><a href=\"https:\/\/images.frandroid.com\/wp-content\/uploads\/2025\/09\/Velo-electrique-made-in-UK-Volt.webp\" target=\"_blank\" class=\"article-content__figure\" rel=\"nofollow noopener\"><img fetchpriority=\"high\" decoding=\"async\" loading=\"eager\" width=\"1200\" height=\"800\" src=\"https:\/\/www.europesays.com\/fr\/wp-content\/uploads\/2025\/09\/Velo-electrique-made-in-UK-Volt.webp\" alt=\"V\u00e9lo \u00e9lectrique made in UK Volt\" class=\"wp-image-2777881 wp-image wp-image\"  \/><\/a>Un v\u00e9lo \u00e9lectrique Volt, assembl\u00e9 aux Royaume-Uni. \/\/ Source : Volt Bikes<\/p>\n<p>Depuis ce printemps 2025, la politique commerciale mondiale est en \u00e9bullition. Outre la bataille livr\u00e9e par <a href=\"https:\/\/www.frandroid.com\/survoltes\/velo-electrique\/2763939_pourquoi-les-velos-electriques-en-acier-sont-grandement-menaces-aux-usa\" rel=\"nofollow noopener\" target=\"_blank\">\u00c9tats-Unis contre le monde entier<\/a>, le Royaume-Uni \u00e9met aussi des pistes de r\u00e9flexion quant \u00e0 sa position dans le domaine des <a href=\"https:\/\/www.frandroid.com\/guide-dachat\/guides-dachat-survoltes\/guides-dachat-velos-electriques\/917361_guide-achat-choisir-meilleurs-velos-electriques-vae\" rel=\"nofollow noopener\" target=\"_blank\">v\u00e9los \u00e9lectriques<\/a>.<\/p>\n<p>Des droits de douanes pour prot\u00e9ger les fabricants ?<\/p>\n<p>Le 31 juillet, la TRA (Trade Remedies Agency) <a target=\"_blank\" href=\"https:\/\/www.gov.uk\/government\/news\/tra-proposes-keeping-anti-dumping-measure-on-bikes-from-china\" rel=\"nofollow noopener\">a publi\u00e9 une nouvelle recommandation<\/a>. Selon l\u2019agence nationale, il serait pr\u00e9f\u00e9rable de poursuivre les droits de douanes sur l\u2019importation de v\u00e9los et de pi\u00e8ces d\u00e9tach\u00e9es en provenance de Chine, et ce jusqu\u2019au 30 ao\u00fbt 2029.\u00a0<\/p>\n<p>\u00ab Maintenir ces mesures prot\u00e9geront l\u2019industrie britannique du cycle, qui comporte de nombreuses petites et moyennes entreprises employant des milliers de personnes, contre les pratiques commerciales internationales d\u00e9loyales \u00bb, a statu\u00e9 la TRA dans son rapport.<\/p>\n<p><a href=\"https:\/\/images.frandroid.com\/wp-content\/uploads\/2025\/09\/velo-electrique-made-in-uk-estarli-e289.jpg\" target=\"_blank\" class=\"article-content__figure\" rel=\"nofollow noopener\"><img loading=\"lazy\" decoding=\"async\" width=\"1200\" height=\"800\" src=\"https:\/\/www.europesays.com\/fr\/wp-content\/uploads\/2025\/09\/velo-electrique-made-in-uk-estarli-e289-1200x800.jpg\" alt=\"V\u00e9lo \u00e9lectrique made in UK Estarli e28.9\" class=\"wp-image-2777901 wp-image\"  \/><\/a>L\u2019un des v\u00e9los \u00e9lectriques Estarli, assembl\u00e9 outre-Manche. \/\/ Source : Estarli<\/p>\n<p>Aujourd\u2019hui, les taux varient de 19,2 \u00e0 48,5 % selon les importateurs. Sans cette concurrence, les fabricants locaux pourraient b\u00e9n\u00e9ficier de 1 \u00e0 9 millions de livres par an (1,15 \u00e0 10,4 millions d\u2019euros) en plus.<\/p>\n<p>Cons\u00e9quence directe : des v\u00e9los \u00e9lectriques plus chers<\/p>\n<p>Cependant, cette mesure poss\u00e8de un inconv\u00e9nient notable, rappelle <a href=\"https:\/\/www.bike-eu.com\/50535\/uk-body-backs-anti-dumping-duties-on-chinese-bicycles-until-2029\" target=\"_blank\" rel=\"nofollow noopener\">Bike Europe<\/a>. Des taxes suppl\u00e9mentaires sur les v\u00e9los \u00e9lectriques font augmenter les prix moyens. G\u00e9n\u00e9ralement plus accessibles, les mod\u00e8les chinois \u2013 ou assembl\u00e9s en Chine par des marques non chinoises \u2013 seraient ainsi plus on\u00e9reux, en raison des fameuses taxes.\u00a0<\/p>\n<p>Selon la TRA, l\u2019absence de droits de douanes pourrait r\u00e9duire le prix de 200 livres (230 euros) en moyenne. En clair : les Britanniques pourraient avoir acc\u00e8s \u00e0 une offre de v\u00e9los plus abordable.<\/p>\n<p>La TRA avait d\u00e9clar\u00e9 que les droits de douanes \u00ab n\u2019\u00e9taient pas dans l\u2019int\u00e9r\u00eat \u00e9conomique du Royaume-Uni \u00bb. C\u2019est ce qui avait motiv\u00e9 le gouvernement <a href=\"https:\/\/www.frandroid.com\/survoltes\/velo-electrique\/2502807_une-decision-etrange-qui-est-un-coup-dur-pour-lindustrie-mais-que-fabrique-le-royaume-uni-avec-les-velos-electriques-chinois\" rel=\"nofollow noopener\" target=\"_blank\">\u00e0 supprimer les taxes le 7 f\u00e9vrier dernier<\/a>, \u00e0 l\u2019exception des <a href=\"https:\/\/www.frandroid.com\/guide-dachat\/2757651_quels-sont-les-meilleurs-velos-pliants-electriques-en-2025\" rel=\"nofollow noopener\" target=\"_blank\">VAE pliants<\/a> \u2013 notamment pour prot\u00e9ger son joyau national nomm\u00e9 Brompton.<\/p>\n<p><a href=\"https:\/\/images.frandroid.com\/wp-content\/uploads\/2025\/08\/velo-electrique-chine.jpg\" target=\"_blank\" class=\"article-content__figure\" rel=\"nofollow noopener\"><img loading=\"lazy\" decoding=\"async\" width=\"1200\" height=\"800\" src=\"https:\/\/www.europesays.com\/fr\/wp-content\/uploads\/2025\/09\/velo-electrique-chine-1200x800.jpg\" alt=\"V\u00e9lo \u00e9lectrique chine\" class=\"wp-image-2758281 wp-image\"  \/><\/a>Source : Colorway<\/p>\n<p>Pour un gouvernement qui veut inciter sa population \u00e0 adopter <a href=\"https:\/\/www.frandroid.com\/survoltes\/velo-electrique\/1681359_le-velo-electrique-pollue-t-il-vraiment-plus-quun-velo-classique\" rel=\"nofollow noopener\" target=\"_blank\">un mode de transport plus \u00e9cologique <\/a>et actif, c\u2019est un levier int\u00e9ressant. D\u2019o\u00f9 le dilemme actuel, qui doit animer les discussions des \u00e9lus britanniques.<\/p>\n<p>Un dilemme, et un autre point \u00e0 \u00e9tudier<\/p>\n<p>Reste donc \u00e0 savoir si le Royaume-Uni va suivre la premi\u00e8re recommandation ou la seconde : r\u00e9duire le prix des v\u00e9los \u00e9lectriques chinois \u2013 ou Made in China \u2013 en supprimant les droits de douane, ou les prolonger pour prot\u00e9ger son industrie locale qui pourrait \u00eatre grandement menac\u00e9e.<\/p>\n<p>Autre point \u00e0 v\u00e9rifier : l\u2019importation de pi\u00e8ces d\u00e9tach\u00e9es en provenance de Chine, que les assembleurs britanniques utilisent \u00e9galement. <\/p>\n<p>La TRA ne recommande pas une suspension des droits de douanes sur ces pi\u00e8ces, en raison \u00ab d\u2019une absence de preuves sur les cons\u00e9quences \u00bb. Car en attendant que l\u2019industrie britannique muscle son jeu sur ce secteur, les pi\u00e8ces chinoises plus ch\u00e8res augmenteraient davantage le prix des VAE britanniques, r\u00e9duisant encore leur attractivit\u00e9.<\/p>\n","protected":false},"excerpt":{"rendered":"Face \u00e0 deux recommandations contradictoires, le Royaume-Uni pourrait-il r\u00e9introduire des droits de douanes sur les v\u00e9los \u00e9lectriques import\u00e9s&hellip;\n","protected":false},"author":2,"featured_media":359562,"comment_status":"","ping_status":"","sticky":false,"template":"","format":"standard","meta":{"footnotes":""},"categories":[1588],"tags":[11,2388,1777,674,12,473,1853,1851,1850,1852],"class_list":{"0":"post-359561","1":"post","2":"type-post","3":"status-publish","4":"format-standard","5":"has-post-thumbnail","7":"category-royaume-uni","8":"tag-actualites","9":"tag-droits-de-douane","10":"tag-eu","11":"tag-europe","12":"tag-news","13":"tag-royaume-uni","14":"tag-royaume-uni-de-grande-bretagne-et-dirlande-du-nord","15":"tag-uk","16":"tag-united-kingdom","17":"tag-united-kingdom-of-great-britain-and-northern-ireland"},"share_on_mastodon":{"url":"https:\/\/pubeurope.com\/@fr\/115131946654570417","error":""},"_links":{"self":[{"href":"https:\/\/www.europesays.com\/fr\/wp-json\/wp\/v2\/posts\/359561","targetHints":{"allow":["GET"]}}],"collection":[{"href":"https:\/\/www.europesays.com\/fr\/wp-json\/wp\/v2\/posts"}],"about":[{"href":"https:\/\/www.europesays.com\/fr\/wp-json\/wp\/v2\/types\/post"}],"author":[{"embeddable":true,"href":"https:\/\/www.europesays.com\/fr\/wp-json\/wp\/v2\/users\/2"}],"replies":[{"embeddable":true,"href":"https:\/\/www.europesays.com\/fr\/wp-json\/wp\/v2\/comments?post=359561"}],"version-history":[{"count":0,"href":"https:\/\/www.europesays.com\/fr\/wp-json\/wp\/v2\/posts\/359561\/revisions"}],"wp:featuredmedia":[{"embeddable":true,"href":"https:\/\/www.europesays.com\/fr\/wp-json\/wp\/v2\/media\/359562"}],"wp:attachment":[{"href":"https:\/\/www.europesays.com\/fr\/wp-json\/wp\/v2\/media?parent=359561"}],"wp:term":[{"taxonomy":"category","embeddable":true,"href":"https:\/\/www.europesays.com\/fr\/wp-json\/wp\/v2\/categories?post=359561"},{"taxonomy":"post_tag","embeddable":true,"href":"https:\/\/www.europesays.com\/fr\/wp-json\/wp\/v2\/tags?post=359561"}],"curies":[{"name":"wp","href":"https:\/\/api.w.org\/{rel}","templated":true}]}}