{"id":359567,"date":"2025-09-02T00:49:10","date_gmt":"2025-09-02T00:49:10","guid":{"rendered":"https:\/\/www.europesays.com\/fr\/359567\/"},"modified":"2025-09-02T00:49:10","modified_gmt":"2025-09-02T00:49:10","slug":"mahmoud-abbas-prive-de-visa-lue-presse-washington-de-revenir-sur-sa-decision","status":"publish","type":"post","link":"https:\/\/www.europesays.com\/fr\/359567\/","title":{"rendered":"Mahmoud Abbas priv\u00e9 de visa, l\u2019UE presse Washington de revenir sur sa d\u00e9cision"},"content":{"rendered":"<p>\t\t\tWashington a r\u00e9voqu\u00e9 ou refus\u00e9 des visas \u00e0 une centaine de Palestiniens, dont Mahmoud Abbas, suscitant de vives r\u00e9actions de l\u2019Union europ\u00e9enne et de plusieurs capitales europ\u00e9ennes \u00e0 l\u2019approche de l\u2019Assembl\u00e9e g\u00e9n\u00e9rale de l\u2019ONU.<\/p>\n<p style=\"text-align: justify;\">Le d\u00e9partement d\u2019\u00c9tat am\u00e9ricain a confirm\u00e9 samedi que le pr\u00e9sident de l\u2019Autorit\u00e9 palestinienne figurait parmi les quelque 80 responsables palestiniens concern\u00e9s par la d\u00e9cision. Selon un communiqu\u00e9 officiel, ces mesures visent l\u2019Organisation de lib\u00e9ration de la Palestine (OLP) et l\u2019Autorit\u00e9 palestinienne, accus\u00e9es de ne pas avoir \u00ab r\u00e9pudi\u00e9 le terrorisme \u00bb et de poursuivre \u00ab des campagnes judiciaires devant la CPI et la CIJ \u00bb, tout en cherchant la reconnaissance unilat\u00e9rale d\u2019un \u00c9tat palestinien.<\/p>\n<p style=\"text-align: justify;\">Si la mission palestinienne aupr\u00e8s des Nations unies, dirig\u00e9e par l\u2019ambassadeur Riyad Mansour, b\u00e9n\u00e9ficie d\u2019exemptions conform\u00e9ment aux accords en vigueur entre l\u2019ONU et Washington, la pr\u00e9sence du pr\u00e9sident Abbas et de ses proches collaborateurs \u00e0 New York fin septembre reste compromise.<\/p>\n<p style=\"text-align: justify;\"><strong>Lire aussi :\u00a0<a style=\"color: #008000;\" href=\"https:\/\/maroc-diplomatique.net\/sommet-de-la-paix-mahmoud-abbas-nous-ne-quitterons-jamais-nos-terres\/\" target=\"_blank\" rel=\"noopener\">\u00abSommet de la Paix\u00bb- Mahmoud Abbas: \u00ab\u00a0Nous ne quitterons jamais nos terres\u00a0\u00bb<\/a><\/strong><\/p>\n<p style=\"text-align: justify;\">La d\u00e9cision a provoqu\u00e9 de vives critiques. L\u2019Autorit\u00e9 palestinienne a exprim\u00e9 son \u00ab profond regret \u00bb et d\u00e9nonc\u00e9 une mesure \u00ab en contradiction avec le droit international \u00bb. L\u2019Union europ\u00e9enne a imm\u00e9diatement exhort\u00e9 Washington \u00e0 reconsid\u00e9rer sa position. \u00ab Nous demandons instamment que cette d\u00e9cision soit r\u00e9examin\u00e9e, compte tenu du droit international \u00bb, a d\u00e9clar\u00e9 la cheffe de la diplomatie europ\u00e9enne, Kaja Kallas, depuis Copenhague.<\/p>\n<p style=\"text-align: justify;\">La France a \u00e9galement r\u00e9agi, rappelant l\u2019importance de la neutralit\u00e9 du si\u00e8ge des Nations unies. \u00ab Une Assembl\u00e9e g\u00e9n\u00e9rale de l\u2019ONU ne saurait souffrir d\u2019aucune restriction d\u2019acc\u00e8s \u00bb, a insist\u00e9 le ministre fran\u00e7ais des Affaires \u00e9trang\u00e8res, Jean-No\u00ebl Barrot. Son homologue luxembourgeois, Xavier Bettel, est all\u00e9 plus loin en sugg\u00e9rant que l\u2019Assembl\u00e9e g\u00e9n\u00e9rale se tienne exceptionnellement \u00e0 Gen\u00e8ve afin de garantir la participation des Palestiniens.<\/p>\n<p style=\"text-align: justify;\">La controverse intervient alors que Paris pr\u00e9voit de plaider en septembre, durant la semaine de haut niveau de l\u2019ONU, pour la reconnaissance d\u2019un \u00c9tat palestinien \u2014 un dossier d\u00e9sormais encore plus explosif sur la sc\u00e8ne diplomatique.<\/p>\n","protected":false},"excerpt":{"rendered":"Washington a r\u00e9voqu\u00e9 ou refus\u00e9 des visas \u00e0 une centaine de Palestiniens, dont Mahmoud Abbas, suscitant de vives&hellip;\n","protected":false},"author":2,"featured_media":359568,"comment_status":"","ping_status":"","sticky":false,"template":"","format":"standard","meta":{"footnotes":""},"categories":[1586],"tags":[11,73,1777,674,1779,1011,27,10059,12,3521,25,1778,364,308,4392],"class_list":{"0":"post-359567","1":"post","2":"type-post","3":"status-publish","4":"format-standard","5":"has-post-thumbnail","7":"category-europe","8":"tag-actualites","9":"tag-etats-unis","10":"tag-eu","11":"tag-europe","12":"tag-european-union","13":"tag-fr","14":"tag-france","15":"tag-mahmoud-abbas","16":"tag-news","17":"tag-onu","18":"tag-republique-francaise","19":"tag-ue","20":"tag-union-europeenne","21":"tag-usa","22":"tag-visa"},"share_on_mastodon":{"url":"https:\/\/pubeurope.com\/@fr\/115131958208831956","error":""},"_links":{"self":[{"href":"https:\/\/www.europesays.com\/fr\/wp-json\/wp\/v2\/posts\/359567","targetHints":{"allow":["GET"]}}],"collection":[{"href":"https:\/\/www.europesays.com\/fr\/wp-json\/wp\/v2\/posts"}],"about":[{"href":"https:\/\/www.europesays.com\/fr\/wp-json\/wp\/v2\/types\/post"}],"author":[{"embeddable":true,"href":"https:\/\/www.europesays.com\/fr\/wp-json\/wp\/v2\/users\/2"}],"replies":[{"embeddable":true,"href":"https:\/\/www.europesays.com\/fr\/wp-json\/wp\/v2\/comments?post=359567"}],"version-history":[{"count":0,"href":"https:\/\/www.europesays.com\/fr\/wp-json\/wp\/v2\/posts\/359567\/revisions"}],"wp:featuredmedia":[{"embeddable":true,"href":"https:\/\/www.europesays.com\/fr\/wp-json\/wp\/v2\/media\/359568"}],"wp:attachment":[{"href":"https:\/\/www.europesays.com\/fr\/wp-json\/wp\/v2\/media?parent=359567"}],"wp:term":[{"taxonomy":"category","embeddable":true,"href":"https:\/\/www.europesays.com\/fr\/wp-json\/wp\/v2\/categories?post=359567"},{"taxonomy":"post_tag","embeddable":true,"href":"https:\/\/www.europesays.com\/fr\/wp-json\/wp\/v2\/tags?post=359567"}],"curies":[{"name":"wp","href":"https:\/\/api.w.org\/{rel}","templated":true}]}}