{"id":359579,"date":"2025-09-02T00:58:19","date_gmt":"2025-09-02T00:58:19","guid":{"rendered":"https:\/\/www.europesays.com\/fr\/359579\/"},"modified":"2025-09-02T00:58:19","modified_gmt":"2025-09-02T00:58:19","slug":"voici-le-programme-tv-du-gp-des-pays-bas-2025","status":"publish","type":"post","link":"https:\/\/www.europesays.com\/fr\/359579\/","title":{"rendered":"voici le programme TV du GP des Pays-Bas 2025"},"content":{"rendered":"<p itemprop=\"description\">Ici, vous retrouverez le programme TV complet pour le Grand Prix des Pays-Bas 2025 en MotoGP, Moto 2 et Moto 3.\u00a0<\/p>\n<p dir=\"auto\">Cette semaine, direction <strong>les Pays-Bas pour un nouveau week-end de MotoGP<\/strong> ! Nous avions quitt\u00e9 <strong>la cat\u00e9gorie reine de la moto en Italie sur le circuit du Mugello<\/strong>, terre du pilote d\u2019une <a href=\"https:\/\/www.autoplus.fr\/actualite\/ducati-et-lamborghini-testent-une-methode-de-communication-entre-autos-et-motos-1252908.html\" target=\"_blank\" rel=\"noopener\">des Ducati<\/a> officielles, <strong>Francesco Bagnaia<\/strong>.<\/p>\n<p dir=\"auto\">Sachez que <strong>le double champion du monde \u00e9tait invaincu lors des trois derni\u00e8res ann\u00e9es au Mugello<\/strong>. Dans un d\u00e9but de saison 2025 assez compliqu\u00e9 pour lui, avec une moto qui ne lui convient pas, ce circuit \u00e9tait parfait pour reprendre confiance avant la pause estivale.<\/p>\n<p dir=\"auto\">S\u2019il a su chahuter son co\u00e9quipier <strong>Marc M\u00e1rquez<\/strong> durant les premiers tours de course, le pilote italien a vite perdu pied. Les deux fr\u00e8res M\u00e1rquez l\u2019ont d\u00e9pass\u00e9, suivis un peu plus tard par Fabio Di Giannantonio. Terminant \u00e0 la quatri\u00e8me place, il prend encore un peu plus de retard sur les deux fr\u00e8res M\u00e1rquez au classement du <a href=\"https:\/\/www.autoplus.fr\/lancia\/delta\/lancia-delta-evo-e-bientot-championnat-monde-de-rallycross-wrx-546676.html\" target=\"_blank\" rel=\"noopener\">championnat du monde<\/a>. Avec 110 points de retard, on voit mal comment Bagnaia arrivera \u00e0 revenir dans la course au titre.<\/p>\n<p dir=\"auto\">Les fans de Bagnaia peuvent garder encore un peu d\u2019espoir puisque le circuit d\u00a0\u00bbAssen, sur lequel le GP des Pays<strong>&#8211;<\/strong>Bas va se d\u00e9rouler ce week-end,<strong> r\u00e9ussit au pilote italien. <\/strong>Sur les trois derni\u00e8res \u00e9ditions,<strong> Bagnaia les a toutes remport\u00e9es.<\/strong><\/p>\n<p> <strong>Programme Moto GP complet\u00a0!<\/strong> <\/p>\n<p><strong>Vendredi 27 juin 2025<\/strong><\/p>\n<ul>\n<li>Essais Libres 1 Moto3 \u00e0 09 h<strong>\u00a0&#8211; 09 h 35 <\/strong>(Canal+ Sport 360)<\/li>\n<li>Essais Libres 1 Moto2 \u00e0 <strong>09 h 50 &#8211; 10 h 30 <\/strong>(Canal+ Sport 360)<\/li>\n<li>Essais Libres 1 MotoGP \u00e0 <strong>10 h 45 \u2013 11 h 30 <\/strong>(Canal+ Sport 360)<\/li>\n<li>Essais Moto3 \u00e0 <strong>13 h 15 &#8211; 13 h 50 <\/strong>(Canal+ Sport 360)<\/li>\n<li>Essais Moto2 \u00e0 <strong>14 h 05 &#8211; 14 h 45 <\/strong>(Canal+ Sport 360)<\/li>\n<li>Essais MotoGP \u00e0 15 h<strong> \u2013 16 h <\/strong>(Canal+ Sport 360)<\/li>\n<\/ul>\n<p><strong>Samedi 28 juin 2025<\/strong><\/p>\n<ul>\n<li>Essais Libres 2 Moto3 \u00e0 <strong>08 h 40 \u2013 09 h 10 <\/strong>(Canal+ Sport 360)<\/li>\n<li>Essais Libres 2 Moto2 \u00e0 <strong>09 h 25 \u2013 09 h 55 <\/strong>(Canal+ Sport 360)<\/li>\n<li>Essais Libres 2 MotoGP \u00e0 <strong>10 h 10 \u2013 10 h 40 <\/strong>(Canal+ Sport 360)<\/li>\n<li>Qualifications 1 MotoGP \u00e0 <strong>10 h 50 \u2013 11 h 05 <\/strong>(Canal+ Sport 360)<\/li>\n<li>Qualifications 2 MotoGP \u00e0 <strong>11 h 15 \u2013 11 h 30 <\/strong>(Canal+ Sport 360)<\/li>\n<li>Qualifications 1 Moto3 \u00e0 <strong>12 h 50 &#8211; 13 h 05 <\/strong>(Canal+ Sport 360)<\/li>\n<li>Qualifications 2 Moto3 \u00e0 <strong>13 h 15 &#8211; 13 h 30 <\/strong>(Canal+ Sport 360)<\/li>\n<li>Qualifications 1 Moto2 \u00e0 <strong>13 h 45 &#8211; 14 h <\/strong>(Canal+ Sport 360)<\/li>\n<li>Qualifications 2 Moto2 \u00e0 <strong>14 h 10 &#8211; 14 h 25 <\/strong>(Canal+ Sport 360)<\/li>\n<li>Sprint MotoGP (11 tours) \u00e0 <strong>15 h <\/strong>(Canal+ Sport 360)<\/li>\n<\/ul>\n<p><strong>Dimanche 29 juin 2025 <\/strong><\/p>\n<ul>\n<li>Warm-up MotoGP \u00e0 <strong>09 h 40 \u2013 09 h 50 <\/strong>(Canal+ Sport 360)<\/li>\n<li>Course Moto3 (17 tours) \u00e0 <strong>11 h <\/strong>(Canal+ Sport 360)<\/li>\n<li>Course Moto2 (19 tours) \u00e0 <strong>12 h 15 <\/strong>(Canal+ Sport 360)<\/li>\n<li>Grand Prix des Pays-Bas MotoGP \u00e0 <strong>14 h <\/strong>(Canal+)<\/li>\n<\/ul>\n","protected":false},"excerpt":{"rendered":"Ici, vous retrouverez le programme TV complet pour le Grand Prix des Pays-Bas 2025 en MotoGP, Moto 2&hellip;\n","protected":false},"author":2,"featured_media":359580,"comment_status":"","ping_status":"","sticky":false,"template":"","format":"standard","meta":{"footnotes":""},"categories":[1413],"tags":[1011,27,1638,1457,1456,60],"class_list":{"0":"post-359579","1":"post","2":"type-post","3":"status-publish","4":"format-standard","5":"has-post-thumbnail","7":"category-moto","8":"tag-fr","9":"tag-france","10":"tag-has_diapo","11":"tag-moto","12":"tag-motocycle","13":"tag-sports"},"share_on_mastodon":{"url":"https:\/\/pubeurope.com\/@fr\/115131993563299636","error":""},"_links":{"self":[{"href":"https:\/\/www.europesays.com\/fr\/wp-json\/wp\/v2\/posts\/359579","targetHints":{"allow":["GET"]}}],"collection":[{"href":"https:\/\/www.europesays.com\/fr\/wp-json\/wp\/v2\/posts"}],"about":[{"href":"https:\/\/www.europesays.com\/fr\/wp-json\/wp\/v2\/types\/post"}],"author":[{"embeddable":true,"href":"https:\/\/www.europesays.com\/fr\/wp-json\/wp\/v2\/users\/2"}],"replies":[{"embeddable":true,"href":"https:\/\/www.europesays.com\/fr\/wp-json\/wp\/v2\/comments?post=359579"}],"version-history":[{"count":0,"href":"https:\/\/www.europesays.com\/fr\/wp-json\/wp\/v2\/posts\/359579\/revisions"}],"wp:featuredmedia":[{"embeddable":true,"href":"https:\/\/www.europesays.com\/fr\/wp-json\/wp\/v2\/media\/359580"}],"wp:attachment":[{"href":"https:\/\/www.europesays.com\/fr\/wp-json\/wp\/v2\/media?parent=359579"}],"wp:term":[{"taxonomy":"category","embeddable":true,"href":"https:\/\/www.europesays.com\/fr\/wp-json\/wp\/v2\/categories?post=359579"},{"taxonomy":"post_tag","embeddable":true,"href":"https:\/\/www.europesays.com\/fr\/wp-json\/wp\/v2\/tags?post=359579"}],"curies":[{"name":"wp","href":"https:\/\/api.w.org\/{rel}","templated":true}]}}