{"id":359589,"date":"2025-09-02T01:03:16","date_gmt":"2025-09-02T01:03:16","guid":{"rendered":"https:\/\/www.europesays.com\/fr\/359589\/"},"modified":"2025-09-02T01:03:16","modified_gmt":"2025-09-02T01:03:16","slug":"a-gourin-une-annee-artistique-pour-lecole-saint-pierre","status":"publish","type":"post","link":"https:\/\/www.europesays.com\/fr\/359589\/","title":{"rendered":"\u00c0 Gourin, une ann\u00e9e artistique pour l\u2019\u00e9cole Saint-Pierre"},"content":{"rendered":"<p>La directrice de l\u2019\u00e9cole Saint-Pierre, C\u00e9cile Mahec, et l\u2019ensemble du personnel ont accueilli les enfants pour la rentr\u00e9e des classes, ce lundi matin, 1er septembre 2025. \u00ab\u00a0L\u2019effectif est en augmentation en cette rentr\u00e9e et nous ouvrons une nouvelle classe pour les \u00e9l\u00e8ves de grande section et CE1, qui sera tenue par Am\u00e9lie Broustal\u00a0\u00bb, dit C\u00e9cile Mahec. Le th\u00e8me de l\u2019ann\u00e9e s\u2019articule autour de l\u2019art. \u00ab Nous avons en projet un voyage sur ce th\u00e8me, une visite du mus\u00e9e du Faou\u00ebt, de m\u00eame que des activit\u00e9s avec le r\u00e9seau r\u00e9unissant les \u00e9coles de Guiscriff, Roudouallec et Plouray. Nous pr\u00e9voyons des sorties \u00e0 la piscine et une classe de mer \u00e0 Douarnenez. Nous allons apporter une attention particuli\u00e8re \u00e0 l\u2019accueil des enfants pour que ces derniers trouvent leur place dans l\u2019\u00e9tablissement, de mani\u00e8re \u00e0 faire de l\u2019\u00e9cole une \u00ab\u00a0maison s\u00fbre\u00a0\u00bb \u00bb, ajoute la directrice.<\/p>\n<p>C\u00f4t\u00e9 travaux, il est pr\u00e9vu une coop\u00e9ration avec le lyc\u00e9e Saint-Yves pour l\u2019am\u00e9nagement d\u2019espaces verts, de m\u00eame que de nouvelles peintures dans les classes et les couloirs pour apporter de la couleur. \u00ab\u00a0Dans la cour de r\u00e9cr\u00e9ation, il y a des nouvelles structures en mat\u00e9riaux recycl\u00e9s\u00a0\u00bb, conclut C\u00e9cile Mahec.<\/p>\n","protected":false},"excerpt":{"rendered":"La directrice de l\u2019\u00e9cole Saint-Pierre, C\u00e9cile Mahec, et l\u2019ensemble du personnel ont accueilli les enfants pour la rentr\u00e9e&hellip;\n","protected":false},"author":2,"featured_media":359590,"comment_status":"","ping_status":"","sticky":false,"template":"","format":"standard","meta":{"footnotes":""},"categories":[1358],"tags":[1348,1384,1385,1386,58,59,1011,27,4222],"class_list":{"0":"post-359589","1":"post","2":"type-post","3":"status-publish","4":"format-standard","5":"has-post-thumbnail","7":"category-arts-et-design","8":"tag-arts","9":"tag-arts-and-design","10":"tag-arts-et-design","11":"tag-design","12":"tag-divertissement","13":"tag-entertainment","14":"tag-fr","15":"tag-france","16":"tag-gourin"},"share_on_mastodon":{"url":"https:\/\/pubeurope.com\/@fr\/115132013213305601","error":""},"_links":{"self":[{"href":"https:\/\/www.europesays.com\/fr\/wp-json\/wp\/v2\/posts\/359589","targetHints":{"allow":["GET"]}}],"collection":[{"href":"https:\/\/www.europesays.com\/fr\/wp-json\/wp\/v2\/posts"}],"about":[{"href":"https:\/\/www.europesays.com\/fr\/wp-json\/wp\/v2\/types\/post"}],"author":[{"embeddable":true,"href":"https:\/\/www.europesays.com\/fr\/wp-json\/wp\/v2\/users\/2"}],"replies":[{"embeddable":true,"href":"https:\/\/www.europesays.com\/fr\/wp-json\/wp\/v2\/comments?post=359589"}],"version-history":[{"count":0,"href":"https:\/\/www.europesays.com\/fr\/wp-json\/wp\/v2\/posts\/359589\/revisions"}],"wp:featuredmedia":[{"embeddable":true,"href":"https:\/\/www.europesays.com\/fr\/wp-json\/wp\/v2\/media\/359590"}],"wp:attachment":[{"href":"https:\/\/www.europesays.com\/fr\/wp-json\/wp\/v2\/media?parent=359589"}],"wp:term":[{"taxonomy":"category","embeddable":true,"href":"https:\/\/www.europesays.com\/fr\/wp-json\/wp\/v2\/categories?post=359589"},{"taxonomy":"post_tag","embeddable":true,"href":"https:\/\/www.europesays.com\/fr\/wp-json\/wp\/v2\/tags?post=359589"}],"curies":[{"name":"wp","href":"https:\/\/api.w.org\/{rel}","templated":true}]}}