{"id":359594,"date":"2025-09-02T01:06:12","date_gmt":"2025-09-02T01:06:12","guid":{"rendered":"https:\/\/www.europesays.com\/fr\/359594\/"},"modified":"2025-09-02T01:06:12","modified_gmt":"2025-09-02T01:06:12","slug":"un-chantier-plein-de-tendresse-pour-vianney-et-son-fils","status":"publish","type":"post","link":"https:\/\/www.europesays.com\/fr\/359594\/","title":{"rendered":"Un chantier plein de tendresse pour Vianney et son fils"},"content":{"rendered":"<p>Dans une nouvelle vid\u00e9o publi\u00e9e sur YouTube ainsi qu&rsquo;un post Instagram, publi\u00e9s le 31 ao\u00fbt, Vianney d\u00e9voile l\u2019avanc\u00e9e de la construction de sa cabane en pleine nature. Bien plus qu\u2019un simple chantier, ce projet s\u2019av\u00e8re \u00eatre une v\u00e9ritable histoire de transmission, v\u00e9cue aux c\u00f4t\u00e9s de son fils Edgar.<\/p>\n<p>Il y a plusieurs mois, Vianney a entrepris un virage radical dans sa vie d\u2019artiste. Le chanteur, habitu\u00e9 des sc\u00e8nes et des studios, a choisi de mettre temporairement sa carri\u00e8re entre parenth\u00e8ses pour se lancer dans un projet inattendu, loin de la musique, mais tout aussi inspir\u00e9 : la <a href=\"https:\/\/fr.aleteia.org\/2025\/06\/24\/vianney-apres-la-vie-dartiste-la-vie-dermite\/\" target=\"_blank\" rel=\"noopener nofollow\" title=\"\">construction d\u2019une cabane, seul, en pleine nature<\/a>. Plus qu\u2019un simple refuge, cette cabane est pens\u00e9e comme un lieu de cr\u00e9ation car c\u2019est ici que l&rsquo;interpr\u00e8te de Pas l\u00e0 compte composer ses nouveaux titres. Apr\u00e8s avoir partag\u00e9 une premi\u00e8re vid\u00e9o retra\u00e7ant la pose des fondations le 31 juillet, Vianney a publi\u00e9 le 31 ao\u00fbt le deuxi\u00e8me \u00e9pisode de son aventure sur son <a href=\"https:\/\/www.youtube.com\/watch?v=BqgXohHUPOU\" target=\"_blank\" rel=\"noopener nofollow\" title=\"\">compte YouTube<\/a>.\u00a0<\/p>\n<p>Cette fois, place \u00e0 une t\u00e2che aussi physique que minutieuse : l\u2019\u00e9cor\u00e7age des troncs de bois qui serviront \u00e0 \u00e9riger les murs de son futur repaire. Un travail de force, \u00e9puisant mais profond\u00e9ment gratifiant. \u00ab\u00a0Le jour j\u2019\u00e9cor\u00e7ais mes troncs. La nuit je r\u00eavais que je le faisais\u00a0\u00bb, \u00e9crit l\u2019artiste sur Instagram.\u00a0<\/p>\n<p>Un moment de complicit\u00e9 entre p\u00e8re et fils<\/p>\n<p>Cette nouvelle \u00e9tape de construction a pris une dimension toute particuli\u00e8re. <a href=\"https:\/\/fr.aleteia.org\/tag\/vianney\/\" target=\"_blank\" rel=\"noopener nofollow\" title=\"\">Vianney<\/a> n\u2019est plus seul dans sa besogne. \u00c0 ses c\u00f4t\u00e9s, un assistant inattendu mais \u00f4 combien pr\u00e9cieux : son fils Edgar, n\u00e9 en octobre 2021. Si l\u2019enfant n\u2019est pas pr\u00e9sent sur les images de la vid\u00e9o, sa voix y r\u00e9sonne bien. Et on peut y percevoir des notes d&rsquo;impatience. \u00ab\u00a0La cabane, elle sera pr\u00eate quand je serai grand ?\u00a0\u00bb, demande l\u2019enfant \u00e0 son p\u00e8re dans un enregistrement audio attendrissant publi\u00e9 par l\u2019artiste. Ce n\u2019est donc pas qu\u2019une cabane qui est construite par Vianney mais aussi une histoire de transmission et d\u2019amour filial.\u00a0Une transmission p\u00e8re-fils qui se manifeste aussi du c\u00f4t\u00e9 de l\u2019artiste lui-m\u00eame, qui confie, dans sa vid\u00e9o, que le couteau qu\u2019il utilise pour ses travaux lui a \u00e9t\u00e9 offert par son propre p\u00e8re lorsqu\u2019il avait quatorze ans. Une histoire d\u2019h\u00e9ritage, d\u2019amour filial et de promesses \u00e0 venir&#8230;<\/p>\n<blockquote data-instgrm-permalink=\"https:\/\/www.instagram.com\/p\/DOAxBtqjRay\/?img_index=1\" style=\"width:100%;border-width:0\" class=\"instagram-media\" data-instgrm-version=\"2\"\/><p><img alt=\"Vianney b\u00e2tit sa cabane \u201csur le roc\u201d\" loading=\"lazy\" width=\"150\" height=\"75\" decoding=\"async\" data-nimg=\"1\" class=\"ReadAlso_image__4jOEF\" style=\"color:transparent\"   src=\"https:\/\/www.europesays.com\/fr\/wp-content\/uploads\/2025\/09\/Vianney-cabane.jpg\"\/><img alt=\"Comment faire na\u00eetre le sentiment paternel ?\" loading=\"lazy\" width=\"150\" height=\"75\" decoding=\"async\" data-nimg=\"1\" class=\"ReadAlso_image__4jOEF\" style=\"color:transparent\"   src=\"https:\/\/www.europesays.com\/fr\/wp-content\/uploads\/2025\/09\/Father-and-daughter-at-park-dancing-and-holding-hands-shutterstock_1085522612.jpg\"\/><script async src=\"\/\/www.instagram.com\/embed.js\"><\/script><\/p>\n","protected":false},"excerpt":{"rendered":"Dans une nouvelle vid\u00e9o publi\u00e9e sur YouTube ainsi qu&rsquo;un post Instagram, publi\u00e9s le 31 ao\u00fbt, Vianney d\u00e9voile l\u2019avanc\u00e9e&hellip;\n","protected":false},"author":2,"featured_media":359595,"comment_status":"","ping_status":"","sticky":false,"template":"","format":"standard","meta":{"footnotes":""},"categories":[1355],"tags":[58,59,1011,27,1361,873],"class_list":{"0":"post-359594","1":"post","2":"type-post","3":"status-publish","4":"format-standard","5":"has-post-thumbnail","7":"category-musique","8":"tag-divertissement","9":"tag-entertainment","10":"tag-fr","11":"tag-france","12":"tag-music","13":"tag-musique"},"share_on_mastodon":{"url":"https:\/\/pubeurope.com\/@fr\/115132025482881941","error":""},"_links":{"self":[{"href":"https:\/\/www.europesays.com\/fr\/wp-json\/wp\/v2\/posts\/359594","targetHints":{"allow":["GET"]}}],"collection":[{"href":"https:\/\/www.europesays.com\/fr\/wp-json\/wp\/v2\/posts"}],"about":[{"href":"https:\/\/www.europesays.com\/fr\/wp-json\/wp\/v2\/types\/post"}],"author":[{"embeddable":true,"href":"https:\/\/www.europesays.com\/fr\/wp-json\/wp\/v2\/users\/2"}],"replies":[{"embeddable":true,"href":"https:\/\/www.europesays.com\/fr\/wp-json\/wp\/v2\/comments?post=359594"}],"version-history":[{"count":0,"href":"https:\/\/www.europesays.com\/fr\/wp-json\/wp\/v2\/posts\/359594\/revisions"}],"wp:featuredmedia":[{"embeddable":true,"href":"https:\/\/www.europesays.com\/fr\/wp-json\/wp\/v2\/media\/359595"}],"wp:attachment":[{"href":"https:\/\/www.europesays.com\/fr\/wp-json\/wp\/v2\/media?parent=359594"}],"wp:term":[{"taxonomy":"category","embeddable":true,"href":"https:\/\/www.europesays.com\/fr\/wp-json\/wp\/v2\/categories?post=359594"},{"taxonomy":"post_tag","embeddable":true,"href":"https:\/\/www.europesays.com\/fr\/wp-json\/wp\/v2\/tags?post=359594"}],"curies":[{"name":"wp","href":"https:\/\/api.w.org\/{rel}","templated":true}]}}