{"id":359600,"date":"2025-09-02T01:09:11","date_gmt":"2025-09-02T01:09:11","guid":{"rendered":"https:\/\/www.europesays.com\/fr\/359600\/"},"modified":"2025-09-02T01:09:11","modified_gmt":"2025-09-02T01:09:11","slug":"football-pavard-signe-a-lom-rabiot-officiellement-a-lac-milan-revivez-la-derniere-journee-du-mercato-dete","status":"publish","type":"post","link":"https:\/\/www.europesays.com\/fr\/359600\/","title":{"rendered":"Football. Pavard signe \u00e0 l&rsquo;OM, Rabiot officiellement \u00e0 l&rsquo;AC Milan&#8230; revivez la derni\u00e8re journ\u00e9e du mercato d&rsquo;\u00e9t\u00e9"},"content":{"rendered":"<p>Adrien\u00a0Rabiot a \u00e9t\u00e9 mis de c\u00f4t\u00e9 \u00e0 Marseille apr\u00e8s une altercation avec son co\u00e9quipier Jonathan Rowe \u00e0 l&rsquo;issue de la d\u00e9faite \u00e0 Rennes, le 15 ao\u00fbt (1-0). Plac\u00e9 sur la liste des transferts par ses dirigeants apr\u00e8s cet \u00e9pisode, l&rsquo;international fran\u00e7ais de 30 ans (53 s\u00e9lections, 6 buts), recrue phare de l&rsquo;OM en 2024 en provenance de la Juventus Turin, va finalement retrouver l&rsquo;Italie puisque l&rsquo;OM et l&rsquo;AC Milan ont scell\u00e9 un accord de principe, selon la presse transalpine.\u00a0Le milieu des Bleus va donc de nouveau travailler avec Massimiliano Allegri qui l&rsquo;avait eu sous ses ordres quand il dirigeait la Juve.<\/p>\n<p>\u00ab\u00a0Je vais vous donner une info : Adrien Rabiot nous rejoindra ce soir, il a une visite m\u00e9dicale qui va prendre un peu de temps, pour lui permettre de signer \u00e0 l&rsquo;AC Milan\u00a0\u00bb, a m\u00eame d\u00e9clar\u00e9 Didier Deschamps, le s\u00e9lectionneur des Bleus, lundi en conf\u00e9rence de presse.\u00a0<\/p>\n<p>Ce contenu est bloqu\u00e9 car vous n&rsquo;avez pas accept\u00e9 les cookies et autres traceurs.<\/p>\n<p>En cliquant sur \u00ab J\u2019accepte \u00bb, les cookies et autres traceurs seront d\u00e9pos\u00e9s et vous pourrez visualiser les contenus  (<a href=\"\" class=\"consentModule_policy\" target=\"_blank\" title=\"Consulter la politique de protection des donn\u00e9es du fournisseur\">plus d&rsquo;informations<\/a>).<\/p>\n<p>En cliquant sur \u00ab J\u2019accepte tous les cookies \u00bb, vous autorisez des d\u00e9p\u00f4ts de cookies et autres traceurs pour le stockage de vos donn\u00e9es sur nos sites et applications \u00e0 des fins de personnalisation et de ciblage publicitaire.<\/p>\n<p class=\"consentModule_secondaryText\">Vous gardez la possibilit\u00e9 de retirer votre consentement \u00e0 tout moment en consultant notre <a href=\"https:\/\/www.ledauphine.com\/protection-des-donnees\" target=\"_blank\" title=\"Consulter notre politique de protection des donn\u00e9es\" rel=\"noopener\">politique de protection des donn\u00e9es<\/a>. <br \/>&#13;<br \/>\n            <a href=\"https:\/\/www.ledauphine.com\/sport\/2025\/09\/01\/javascript:Didomi.notice.show()\" class=\"consentModule_cmp\" target=\"_blank\" rel=\"noopener\">G\u00e9rer mes choix<\/a>&#13;\n        <\/p>\n<p>&#13;<br \/>\n                        J&rsquo;accepte&#13;<br \/>\n            J&rsquo;accepte tous les cookies&#13;\n        <\/p>\n","protected":false},"excerpt":{"rendered":"Adrien\u00a0Rabiot a \u00e9t\u00e9 mis de c\u00f4t\u00e9 \u00e0 Marseille apr\u00e8s une altercation avec son co\u00e9quipier Jonathan Rowe \u00e0 l&rsquo;issue&hellip;\n","protected":false},"author":2,"featured_media":359601,"comment_status":"","ping_status":"","sticky":false,"template":"","format":"standard","meta":{"footnotes":""},"categories":[9],"tags":[9443,107,63,1011,27,329,9442,7862,517,1947,60],"class_list":{"0":"post-359600","1":"post","2":"type-post","3":"status-publish","4":"format-standard","5":"has-post-thumbnail","7":"category-sports","8":"tag-asse-as-saint-etienne","9":"tag-fil-info","10":"tag-football","11":"tag-fr","12":"tag-france","13":"tag-france-monde","14":"tag-ol-olympique-lyonnais","15":"tag-om-olympique-de-marseille","16":"tag-sport","17":"tag-sport-national","18":"tag-sports"},"share_on_mastodon":{"url":"https:\/\/pubeurope.com\/@fr\/115132036831390864","error":""},"_links":{"self":[{"href":"https:\/\/www.europesays.com\/fr\/wp-json\/wp\/v2\/posts\/359600","targetHints":{"allow":["GET"]}}],"collection":[{"href":"https:\/\/www.europesays.com\/fr\/wp-json\/wp\/v2\/posts"}],"about":[{"href":"https:\/\/www.europesays.com\/fr\/wp-json\/wp\/v2\/types\/post"}],"author":[{"embeddable":true,"href":"https:\/\/www.europesays.com\/fr\/wp-json\/wp\/v2\/users\/2"}],"replies":[{"embeddable":true,"href":"https:\/\/www.europesays.com\/fr\/wp-json\/wp\/v2\/comments?post=359600"}],"version-history":[{"count":0,"href":"https:\/\/www.europesays.com\/fr\/wp-json\/wp\/v2\/posts\/359600\/revisions"}],"wp:featuredmedia":[{"embeddable":true,"href":"https:\/\/www.europesays.com\/fr\/wp-json\/wp\/v2\/media\/359601"}],"wp:attachment":[{"href":"https:\/\/www.europesays.com\/fr\/wp-json\/wp\/v2\/media?parent=359600"}],"wp:term":[{"taxonomy":"category","embeddable":true,"href":"https:\/\/www.europesays.com\/fr\/wp-json\/wp\/v2\/categories?post=359600"},{"taxonomy":"post_tag","embeddable":true,"href":"https:\/\/www.europesays.com\/fr\/wp-json\/wp\/v2\/tags?post=359600"}],"curies":[{"name":"wp","href":"https:\/\/api.w.org\/{rel}","templated":true}]}}